{"id":228707,"date":"2026-03-10T12:54:54","date_gmt":"2026-03-10T15:54:54","guid":{"rendered":"https:\/\/radioacuariofm.com.ar\/?p=228707"},"modified":"2026-03-10T12:54:56","modified_gmt":"2026-03-10T15:54:56","slug":"el-servicio-penitenciario-puso-en-marcha-su-plan-integral-de-capacitacion-2026","status":"publish","type":"post","link":"https:\/\/radioacuariofm.com.ar\/?p=228707","title":{"rendered":"El Servicio Penitenciario puso en marcha su Plan Integral de Capacitaci\u00f3n 2026"},"content":{"rendered":"<p><\/p>\n<div>\n<p>El Servicio Penitenciario Provincial present\u00f3 el inicio del ciclo de capacitaciones previsto para 2026, una iniciativa destinada a fortalecer la formaci\u00f3n del personal en diferentes \u00e1reas de desempe\u00f1o. La propuesta se desarrollar\u00e1 a lo largo del a\u00f1o mediante instancias obligatorias y optativas orientadas a mejorar el desempe\u00f1o institucional.<\/p>\n<p>El Plan Integral Anual contempla distintas etapas formativas con cursos, talleres, programas y jornadas vinculadas a tem\u00e1ticas como justicia restaurativa, derechos humanos, \u00e9tica, higiene y seguridad e intervenci\u00f3n en contextos complejos. Tambi\u00e9n se abordar\u00e1n contenidos de fortalecimiento operativo en comunicaciones, adem\u00e1s de capacitaciones espec\u00edficas para grupos especiales como el Grupo Canes y el Grupo de Operaciones T\u00e1cticas.<\/p>\n<p>La propuesta formativa incluye adem\u00e1s capacitaciones en \u00e1reas administrativas y de gesti\u00f3n, entre ellas secretariado penitenciario, gesti\u00f3n administrativa, oratoria y herramientas de ofim\u00e1tica e inteligencia artificial. Estas instancias est\u00e1n destinadas a personal superior, personal subalterno, \u00e1reas administrativas, jefaturas, divisiones y grupos especiales que integran la instituci\u00f3n.<\/p>\n<p>La Academia de Formaci\u00f3n e Investigaci\u00f3n Penitenciaria llevar\u00e1 adelante este proceso de manera articulada con distintas universidades e instituciones de formaci\u00f3n, entre ellas la Universidad Nacional de San Juan, la Universidad Cat\u00f3lica de Cuyo y el Instituto Superior de Formaci\u00f3n T\u00e9cnica en Seguridad P\u00fablica. Adem\u00e1s, mediante el trabajo conjunto con el Servicio Penitenciario Federal y el Bonaerense, se seleccion\u00f3 a efectivos para acceder a la Tecnicatura Superior en Ciencias Penales.<\/p>\n<p>El secretario de Seguridad, Enrique Delgado, encabez\u00f3 el acto y dijo que \u201cel Servicio Penitenciario y la Polic\u00eda tienen los recursos necesarios para capacitar\u201d. \u201cCada Instituci\u00f3n se fortalece a trav\u00e9s del conocimiento para dar respuesta profesional que se logra por la capacitaci\u00f3n continua\u201d. Concluy\u00f3 Delgado.<\/p>\n<p>Por su parte, el director del SPP, Carlos Su\u00e1rez, destac\u00f3 que empezar el a\u00f1o con el lanzamiento de estas capacitaciones es positivo para el Servicio Penitenciario y su crecimiento profesional\u201d. \u201cLas formaciones no son solo instancias acad\u00e9micas, sino sumar herramientas para formar a cada efectivo y esto significa invertir para estar a la altura de las demandas de la sociedad\u201d finaliz\u00f3 su mensaje el director.<\/p>\n<p>De la actividad tambi\u00e9n participaron el jefe de Polic\u00eda, N\u00e9stor \u00c1lvarez; jefe de cuerpo Penitenciario, Antonio Olivares; y efectivos penitenciarios. Tambi\u00e9n estuvo la Banda de M\u00fasica de la Polic\u00eda y efectivos policiales.<\/p>\n<\/p><\/div>\n<p><script async defer crossorigin=\"anonymous\" src=\"https:\/\/connect.facebook.net\/es_ES\/sdk.js#xfbml=1&#038;version=v3.3\"><\/script><\/p>\n","protected":false},"excerpt":{"rendered":"<p>El Servicio Penitenciario Provincial present\u00f3 el inicio del ciclo de capacitaciones previsto para 2026, una iniciativa destinada a fortalecer la formaci\u00f3n del personal en diferentes \u00e1reas de desempe\u00f1o. La propuesta se desarrollar\u00e1 a lo largo del a\u00f1o mediante instancias obligatorias y optativas orientadas a mejorar el desempe\u00f1o institucional. El Plan Integral Anual contempla distintas etapas [&hellip;]<\/p>\n","protected":false},"author":2,"featured_media":228708,"comment_status":"closed","ping_status":"closed","sticky":false,"template":"","format":"standard","meta":{"footnotes":""},"categories":[27],"tags":[],"class_list":["post-228707","post","type-post","status-publish","format-standard","has-post-thumbnail","hentry","category-san-juan"],"_links":{"self":[{"href":"https:\/\/radioacuariofm.com.ar\/index.php?rest_route=\/wp\/v2\/posts\/228707","targetHints":{"allow":["GET"]}}],"collection":[{"href":"https:\/\/radioacuariofm.com.ar\/index.php?rest_route=\/wp\/v2\/posts"}],"about":[{"href":"https:\/\/radioacuariofm.com.ar\/index.php?rest_route=\/wp\/v2\/types\/post"}],"author":[{"embeddable":true,"href":"https:\/\/radioacuariofm.com.ar\/index.php?rest_route=\/wp\/v2\/users\/2"}],"replies":[{"embeddable":true,"href":"https:\/\/radioacuariofm.com.ar\/index.php?rest_route=%2Fwp%2Fv2%2Fcomments&post=228707"}],"version-history":[{"count":1,"href":"https:\/\/radioacuariofm.com.ar\/index.php?rest_route=\/wp\/v2\/posts\/228707\/revisions"}],"predecessor-version":[{"id":228709,"href":"https:\/\/radioacuariofm.com.ar\/index.php?rest_route=\/wp\/v2\/posts\/228707\/revisions\/228709"}],"wp:featuredmedia":[{"embeddable":true,"href":"https:\/\/radioacuariofm.com.ar\/index.php?rest_route=\/wp\/v2\/media\/228708"}],"wp:attachment":[{"href":"https:\/\/radioacuariofm.com.ar\/index.php?rest_route=%2Fwp%2Fv2%2Fmedia&parent=228707"}],"wp:term":[{"taxonomy":"category","embeddable":true,"href":"https:\/\/radioacuariofm.com.ar\/index.php?rest_route=%2Fwp%2Fv2%2Fcategories&post=228707"},{"taxonomy":"post_tag","embeddable":true,"href":"https:\/\/radioacuariofm.com.ar\/index.php?rest_route=%2Fwp%2Fv2%2Ftags&post=228707"}],"curies":[{"name":"wp","href":"https:\/\/api.w.org\/{rel}","templated":true}]}}