{"id":228605,"date":"2026-03-09T16:19:22","date_gmt":"2026-03-09T19:19:22","guid":{"rendered":"https:\/\/radioacuariofm.com.ar\/?p=228605"},"modified":"2026-03-09T16:19:24","modified_gmt":"2026-03-09T19:19:24","slug":"putin-intenta-volver-a-seducir-a-europa-con-petroleo-y-usa-a-orban-como-caballo-de-troya","status":"publish","type":"post","link":"https:\/\/radioacuariofm.com.ar\/?p=228605","title":{"rendered":"Putin intenta volver a seducir a Europa con petr\u00f3leo y usa a Orban como \u201ccaballo de Troya\u201d"},"content":{"rendered":"<p> <br \/>\n<\/p>\n<div>\n<p class=\"com-paragraph  --capital --s\">MOSC\u00da.\u2013 El presidente ruso, <a href=\"https:\/\/www.lanacion.com.ar\/el-mundo\/que-dice-el-mensaje-que-le-envio-vladimir-putin-al-nuevo-ayatollah-de-iran-nid09032026\/\" target=\"_self\" title=\"https:\/\/www.lanacion.com.ar\/el-mundo\/que-dice-el-mensaje-que-le-envio-vladimir-putin-al-nuevo-ayatollah-de-iran-nid09032026\/\" class=\"com-link break-word\" data-mrf-recirculation=\"n_link_parrafo\"><strong>Vladimir Putin<\/strong><\/a>, consider\u00f3 que <strong>el mundo enfrenta una crisis energ\u00e9tica <\/strong>a medida que la guerra con <a href=\"https:\/\/www.lanacion.com.ar\/el-mundo\/la-eleccion-del-hijo-de-khamenei-como-nuevo-lider-supremo-de-iran-parece-cerrar-el-camino-a-un-nid09032026\/\" target=\"_self\" title=\"https:\/\/www.lanacion.com.ar\/el-mundo\/la-eleccion-del-hijo-de-khamenei-como-nuevo-lider-supremo-de-iran-parece-cerrar-el-camino-a-un-nid09032026\/\" class=\"com-link break-word\" data-mrf-recirculation=\"n_link_parrafo\"><strong>Ir\u00e1n<\/strong><\/a> interrumpe el circuito de suministro de crudo y gas licuado y se\u00f1al\u00f3 que <strong>Rusia est\u00e1 dispuesta a suministrar <\/strong><a href=\"https:\/\/www.lanacion.com.ar\/economia\/presionadas-por-la-suba-del-crudo-las-petroleras-aumentaron-7-los-combustibles-en-marzo-nid09032026\/\" target=\"_self\" title=\"https:\/\/www.lanacion.com.ar\/economia\/presionadas-por-la-suba-del-crudo-las-petroleras-aumentaron-7-los-combustibles-en-marzo-nid09032026\/\" class=\"com-link break-word\" data-mrf-recirculation=\"n_link_parrafo\"><strong>petr\u00f3leo y gas<\/strong><\/a><strong> a Europa<\/strong>, en caso de que se levanten las sanciones en su contra impuestas a ra\u00edz de la invasi\u00f3n a Ucrania.<\/p>\n<p class=\"com-paragraph   --s\">Al mismo tiempo, <strong>uno de sus aliados m\u00e1s cercanos en la Uni\u00f3n Europea (UE)<\/strong>, el primer ministro h\u00fangaro, <a href=\"https:\/\/www.lanacion.com.ar\/el-mundo\/hungria-recalienta-el-pulso-con-ucrania-despliega-tropas-y-convierte-la-campana-en-un-plebiscito-nid26022026\/\" target=\"_self\" title=\"https:\/\/www.lanacion.com.ar\/el-mundo\/hungria-recalienta-el-pulso-con-ucrania-despliega-tropas-y-convierte-la-campana-en-un-plebiscito-nid26022026\/\" class=\"com-link break-word\" data-mrf-recirculation=\"n_link_parrafo\"><strong>Viktor Orban<\/strong><\/a>, inst\u00f3 a los miembros del bloque a <strong>descartar todas las restricciones sobre los combustibles f\u00f3siles rusos <\/strong>para remediar los <a href=\"https:\/\/www.lanacion.com.ar\/el-mundo\/la-guerra-en-medio-oriente-empuja-al-petroleo-a-maximos-de-tres-anos-y-genera-temor-en-los-mercados-nid08032026\/\" target=\"_self\" title=\"https:\/\/www.lanacion.com.ar\/el-mundo\/la-guerra-en-medio-oriente-empuja-al-petroleo-a-maximos-de-tres-anos-y-genera-temor-en-los-mercados-nid08032026\/\" class=\"com-link break-word\" data-mrf-recirculation=\"n_link_parrafo\">aumentos en los precios<\/a> de la energ\u00eda provocados por el conflicto en <a href=\"https:\/\/www.lanacion.com.ar\/el-mundo\/jean-yves-heurtebise-ya-estamos-en-la-tercera-guerra-mundial-pero-es-una-guerra-que-no-dice-su-nid09032026\/\" target=\"_self\" title=\"https:\/\/www.lanacion.com.ar\/el-mundo\/jean-yves-heurtebise-ya-estamos-en-la-tercera-guerra-mundial-pero-es-una-guerra-que-no-dice-su-nid09032026\/\" class=\"com-link break-word\" data-mrf-recirculation=\"n_link_parrafo\"><strong>Medio Oriente<\/strong><\/a>.<\/p>\n<div class=\"content-media\">\n<section role=\"button\" class=\"mod-media   \">\n<figure role=\"button\" class=\"mod-figure \"><figcaption class=\"mod-figcaption\"><span class=\"com-text --caption --twoxs\">Un cami\u00f3n cisterna en el dep\u00f3sito de combustible de Aral en las refiner\u00edas de petr\u00f3leo Ruhr Oel de BP Gelsenkirchen GmbH, en Gelsenkirchen, Alemania, el 9 de marzo de 2026<\/span><span class=\"com-text --credit --twoxs\">INA FASSBENDER  &#8211; AFP <\/span><\/figcaption><\/figure>\n<\/section>\n<\/div>\n<p class=\"com-paragraph   --s\">Al hablar en una reuni\u00f3n televisada con funcionarios del gobierno y directivos de los principales productores de petr\u00f3leo y gas de Rusia, Putin dijo que <strong>Mosc\u00fa est\u00e1 dispuesta a volver a trabajar incluso con clientes europeos<\/strong>, siempre y cuando estos est\u00e9n dispuestos a retomar<strong> una cooperaci\u00f3n a largo plazo y<\/strong> <strong>no politizada<\/strong>.<\/p>\n<p class=\"com-paragraph   --s\">\u201cSi las empresas europeas y los compradores europeos de pronto deciden reorientarse y establecer con nosotros <strong>una cooperaci\u00f3n duradera y sostenible, libre de presiones pol\u00edticas<\/strong>, entonces s\u00ed: nunca nos hemos negado. Tambi\u00e9n <strong>estamos dispuestos a trabajar con los europeos<\/strong>. Pero necesitamos alguna se\u00f1al de su parte de que est\u00e1n preparados y dispuestos a trabajar con nosotros y de que garantizar\u00e1n esa sostenibilidad y estabilidad\u201d, afirm\u00f3 el mandatario del Kremlin.<\/p>\n<div class=\"content-media\">\n<section role=\"button\" class=\"mod-media   \">\n<figure role=\"button\" class=\"mod-figure \"><figcaption class=\"mod-figcaption\"><span class=\"com-text --caption --twoxs\">Los precios del combustible se muestran en el surtidor de una estaci\u00f3n de servicio Shell el lunes 9 de marzo de 2026, en Arlington, Texas<\/span><span class=\"com-text --credit --twoxs\">Julio Cortez  &#8211; AP <\/span><\/figcaption><\/figure>\n<\/section>\n<\/div>\n<p class=\"com-paragraph   --s\">Putin tambi\u00e9n dijo que las empresas rusas <strong>deber\u00edan aprovechar la situaci\u00f3n actual en Medio Oriente<\/strong>, aunque se\u00f1al\u00f3 que el aumento de los precios probablemente sea de car\u00e1cter temporal.<\/p>\n<p class=\"com-paragraph   --s\">Rusia es el <strong>segundo mayor exportador de petr\u00f3leo del mundo<\/strong> y posee <strong>las mayores reservas de gas natural<\/strong> a nivel global.<\/p>\n<p class=\"com-paragraph   --s\">Los <strong>precios del <\/strong><a href=\"https:\/\/www.lanacion.com.ar\/el-mundo\/el-petroleo-todavia-es-una-potente-herramienta-geopolitica-decadas-despues-de-la-crisis-energetica-nid09032026\/\" target=\"_self\" title=\"https:\/\/www.lanacion.com.ar\/el-mundo\/el-petroleo-todavia-es-una-potente-herramienta-geopolitica-decadas-despues-de-la-crisis-energetica-nid09032026\/\" class=\"com-link break-word\" data-mrf-recirculation=\"n_link_parrafo\"><strong>petr\u00f3leo<\/strong><\/a><strong> superaron los 100 d\u00f3lares por barril el lunes<\/strong>, alcanzando niveles no vistos desde 2022, mientras el <strong>estrecho de Ormuz<\/strong>, uno de los principales cuellos de botella del tr\u00e1nsito mundial de crudo \u2013por donde pasa aproximadamente <strong>una quinta parte de los flujos globales de petr\u00f3leo y gas natural licuado<\/strong>\u2013, <strong>ha quedado pr\u00e1cticamente cerrado debido a la guerra con Ir\u00e1n<\/strong>.<\/p>\n<p class=\"com-paragraph   --s\">El primer ministro h\u00fangaro afirm\u00f3 en un video publicado en redes sociales que hab\u00eda enviado <strong>una carta a la presidenta de la Comisi\u00f3n Europea, Ursula von der Leyen<\/strong>, despu\u00e9s de que \u201clos precios del petr\u00f3leo empezaron a crecer de forma explosiva\u201d.<\/p>\n<p class=\"com-paragraph   --s\">La guerra con Ir\u00e1n, que ya va por su segunda semana, ha causado <strong>dificultades en lugares que son cruciales para la producci\u00f3n y el traslado <\/strong>de petr\u00f3leo y gas desde <strong>el golfo P\u00e9rsico<\/strong>, lo que ha provocado alzas de precios en los mercados globales.<\/p>\n<p class=\"com-paragraph   --s\">En el video, Orban sostuvo que la UE, integrada por 27 pa\u00edses, debe <strong>\u201crevisar y suspender todas las sanciones sobre la energ\u00eda rusa en toda Europa\u201d<\/strong>. Agreg\u00f3 que hab\u00eda convocado <strong>una reuni\u00f3n de emergencia del gobierno el lunes <\/strong>para evaluar c\u00f3mo evitar nuevos aumentos en los precios de la nafta y el di\u00e9sel en Hungr\u00eda.<\/p>\n<div class=\"content-media\">\n<section role=\"button\" class=\"mod-media   \">\n<figure role=\"button\" class=\"mod-figure \"><figcaption class=\"mod-figcaption\"><span class=\"com-text --caption --twoxs\">El primer ministro h\u00fangaro Viktor Orban al llegar a una cumbre de la Uni\u00f3n Europea en Bilzen-Hoeselt, B\u00e9lgica, el 12 de febrero del 2026<\/span><span class=\"com-text --credit --twoxs\">Francois Walschaerts &#8211; AP<\/span><\/figcaption><\/figure>\n<\/section>\n<\/div>\n<p class=\"com-paragraph   --s\">El gobierno nacionalista de Orban <strong>se ha opuesto durante mucho tiempo a los esfuerzos de la UE <\/strong>por recortar las importaciones de energ\u00eda rusa y, junto con la vecina <strong>Eslovaquia<\/strong>, <strong>ha mantenido e incluso incrementado <\/strong>los suministros de petr\u00f3leo y gas rusos desde que Mosc\u00fa lanz\u00f3 una guerra total contra <strong>Ucrania <\/strong>el 24 de febrero de 2022.<\/p>\n<p class=\"com-paragraph   --s\">Ambos pa\u00edses <strong>han recibido una exenci\u00f3n temporal de una pol\u00edtica de la UE <\/strong>que proh\u00edbe las importaciones de petr\u00f3leo ruso y, hasta hace poco, recib\u00edan suministros de crudo ruso a trav\u00e9s del oleoducto <strong>Druzhba<\/strong>, que atraviesa Ucrania.<\/p>\n<p class=\"com-paragraph   --s\">Pero las entregas de petr\u00f3leo a trav\u00e9s del Druzhba se han detenido desde el 27 de enero, lo que ha derivado en <strong>una disputa cada vez m\u00e1s intensa entre Hungr\u00eda y Ucrania<\/strong>. El gobierno ucraniano afirma que un ataque con drones rusos da\u00f1\u00f3 la infraestructura del oleoducto, pero <strong>Orban ha acusado al presidente ucraniano, <\/strong><a href=\"https:\/\/www.lanacion.com.ar\/el-mundo\/rusia-lanza-un-ataque-masivo-contra-ucrania-antes-de-las-conversaciones-en-ginebra-nid26022026\/\" target=\"_self\" title=\"https:\/\/www.lanacion.com.ar\/el-mundo\/rusia-lanza-un-ataque-masivo-contra-ucrania-antes-de-las-conversaciones-en-ginebra-nid26022026\/\" class=\"com-link break-word\" data-mrf-recirculation=\"n_link_parrafo\"><strong>Volodimir Zelensky<\/strong><\/a><strong>, de retrasar deliberadamente los suministros <\/strong>de petr\u00f3leo.<\/p>\n<div class=\"content-media\">\n<section role=\"button\" class=\"mod-media   \">\n<figure role=\"button\" class=\"mod-figure \"><figcaption class=\"mod-figcaption\"><span class=\"com-text --caption --twoxs\">Orb\u00e1n conversa con el presidente de Ucrania, Volodimir Zelensky, durante una mesa redonda en una cumbre de la Uni\u00f3n Europea en Bruselas, el 27 de junio de 2024<\/span><span class=\"com-text --credit --twoxs\">Omar Havana  &#8211; AP <\/span><\/figcaption><\/figure>\n<\/section>\n<\/div>\n<p class=\"com-paragraph   --s\">Como respuesta, <strong>Orban vet\u00f3 una nueva ronda de sanciones de la UE contra Rusia <\/strong>y est\u00e1 bloqueando un importante pr\u00e9stamo de la UE a Ucrania por <strong>90.000 millones de euros <\/strong>hasta que se reanuden los flujos.<\/p>\n<p class=\"com-paragraph   --s\">Orban, <strong>rezagado en la mayor\u00eda de las encuestas a apenas un mes de una elecci\u00f3n crucial en su pa\u00eds<\/strong>, ha acusado a Zelensky de buscar provocar una crisis energ\u00e9tica en Hungr\u00eda para influir en el resultado de la votaci\u00f3n, como parte de <strong>la amplia campa\u00f1a medi\u00e1tica antiucraniana de su gobierno <\/strong>de cara a los comicios del 12 de abril.<\/p>\n<div class=\"content-media\">\n<section role=\"button\" class=\"mod-media   \">\n<figure role=\"button\" class=\"mod-figure \"><figcaption class=\"mod-figcaption\"><span class=\"com-text --caption --twoxs\">En esta foto de archivo del 18 de enero de 2016, una bomba extractora de petr\u00f3leo funciona al atardecer en los campos petroleros des\u00e9rticos de Sakhir, en Bahr\u00e9in<\/span><span class=\"com-text --credit --twoxs\">Hasan Jamali  &#8211; AP <\/span><\/figcaption><\/figure>\n<\/section>\n<\/div>\n<p class=\"com-paragraph   --s\">Para avivar a\u00fan m\u00e1s las tensiones, Hungr\u00eda detuvo temporalmente el jueves a <strong>siete empleados de un banco estatal ucraniano<\/strong> y confisc\u00f3<strong> dos veh\u00edculos blindados ucranianos <\/strong>que transportaban decenas de millones de euros en efectivo y oro a trav\u00e9s de Hungr\u00eda, bajo sospecha de lavado de dinero.<\/p>\n<p class=\"com-paragraph   --s\">Ucrania ha insistido en que el env\u00edo de efectivo formaba parte de servicios regulares entre bancos estatales y <strong>neg\u00f3 en\u00e9rgicamente las acusaciones de lavado de dinero<\/strong>.<\/p>\n<p class=\"com-paragraph   --s\"><strong>Agencias AP, AFP y Reuters<\/strong><\/p>\n<section class=\"container-center-100 mb-40 border border-bottom border-thin border-neutral-light-700\">\n<hr\/>\n<\/section>\n<\/div>\n\n","protected":false},"excerpt":{"rendered":"<p>MOSC\u00da.\u2013 El presidente ruso, Vladimir Putin, consider\u00f3 que el mundo enfrenta una crisis energ\u00e9tica a medida que la guerra con Ir\u00e1n interrumpe el circuito de suministro de crudo y gas licuado y se\u00f1al\u00f3 que Rusia est\u00e1 dispuesta a suministrar petr\u00f3leo y gas a Europa, en caso de que se levanten las sanciones en su contra [&hellip;]<\/p>\n","protected":false},"author":2,"featured_media":228606,"comment_status":"closed","ping_status":"closed","sticky":false,"template":"","format":"standard","meta":{"footnotes":""},"categories":[1],"tags":[],"class_list":["post-228605","post","type-post","status-publish","format-standard","has-post-thumbnail","hentry","category-uncategorized"],"_links":{"self":[{"href":"https:\/\/radioacuariofm.com.ar\/index.php?rest_route=\/wp\/v2\/posts\/228605","targetHints":{"allow":["GET"]}}],"collection":[{"href":"https:\/\/radioacuariofm.com.ar\/index.php?rest_route=\/wp\/v2\/posts"}],"about":[{"href":"https:\/\/radioacuariofm.com.ar\/index.php?rest_route=\/wp\/v2\/types\/post"}],"author":[{"embeddable":true,"href":"https:\/\/radioacuariofm.com.ar\/index.php?rest_route=\/wp\/v2\/users\/2"}],"replies":[{"embeddable":true,"href":"https:\/\/radioacuariofm.com.ar\/index.php?rest_route=%2Fwp%2Fv2%2Fcomments&post=228605"}],"version-history":[{"count":1,"href":"https:\/\/radioacuariofm.com.ar\/index.php?rest_route=\/wp\/v2\/posts\/228605\/revisions"}],"predecessor-version":[{"id":228607,"href":"https:\/\/radioacuariofm.com.ar\/index.php?rest_route=\/wp\/v2\/posts\/228605\/revisions\/228607"}],"wp:featuredmedia":[{"embeddable":true,"href":"https:\/\/radioacuariofm.com.ar\/index.php?rest_route=\/wp\/v2\/media\/228606"}],"wp:attachment":[{"href":"https:\/\/radioacuariofm.com.ar\/index.php?rest_route=%2Fwp%2Fv2%2Fmedia&parent=228605"}],"wp:term":[{"taxonomy":"category","embeddable":true,"href":"https:\/\/radioacuariofm.com.ar\/index.php?rest_route=%2Fwp%2Fv2%2Fcategories&post=228605"},{"taxonomy":"post_tag","embeddable":true,"href":"https:\/\/radioacuariofm.com.ar\/index.php?rest_route=%2Fwp%2Fv2%2Ftags&post=228605"}],"curies":[{"name":"wp","href":"https:\/\/api.w.org\/{rel}","templated":true}]}}