{"id":228602,"date":"2026-03-09T16:06:08","date_gmt":"2026-03-09T19:06:08","guid":{"rendered":"https:\/\/radioacuariofm.com.ar\/?p=228602"},"modified":"2026-03-09T16:06:09","modified_gmt":"2026-03-09T19:06:09","slug":"los-empresarios-argentinos-que-participaran-de-la-argentina-week-en-nueva-york","status":"publish","type":"post","link":"https:\/\/radioacuariofm.com.ar\/?p=228602","title":{"rendered":"Los empresarios argentinos que participar\u00e1n de la \u00abArgentina Week\u00bb en Nueva York"},"content":{"rendered":"<p><\/p>\n<div>\n<p class=\"com-paragraph  --capital --s\">El Gobierno da inicio hoy a la <a href=\"https:\/\/www.lanacion.com.ar\/politica\/con-la-presencia-de-milei-el-gobierno-presenta-en-nueva-york-la-argentina-week-su-gran-apuesta-para-nid08032026\/\" target=\"_self\" title=\"https:\/\/www.lanacion.com.ar\/politica\/con-la-presencia-de-milei-el-gobierno-presenta-en-nueva-york-la-argentina-week-su-gran-apuesta-para-nid08032026\/\" class=\"com-link break-word\" data-mrf-recirculation=\"n_link_parrafo\">\u201cArgentina Week\u201d en Nueva York<\/a>, un evento que <strong>se presenta como una vidriera <\/strong>para los negocios en el pa\u00eds. Se prev\u00e9 que el encuentro -organizado por la embajada argentina en Estados Unidos, JP Morgan, Bank of America y Kaszek, con respaldo de la Canciller\u00eda- re\u00fana a <strong>m\u00e1s de 300 l\u00edderes empresariales globales<\/strong>, entre ellos, CEO de compa\u00f1\u00edas multinacionales y representantes de fondos de inversi\u00f3n.<\/p>\n<p class=\"com-paragraph   --s\">El presidente <strong>Javier Milei<\/strong> ya se encuentra en la Gran Manzana, junto al jefe de Gabinete, <strong>Manuel Adorni<\/strong>, y su hermana y secretaria general de la Presidencia, <strong>Karina Milei.<\/strong><\/p>\n<p class=\"com-paragraph   --s\">Tambi\u00e9n estar\u00e1n presentes el ministro de Econom\u00eda, <strong>Luis Caputo;<\/strong> el canciller <strong>Pablo Quirno<\/strong>; el presidente del Banco Central (BCRA), <strong>Santiago Bausili<\/strong>; el viceministro de Econom\u00eda,<strong> Jos\u00e9 Luis Daza<\/strong>; el ministro de Desregulaci\u00f3n y Transformaci\u00f3n del Estado, <strong>Federico Sturzenegger<\/strong>, y el ministro de Salud,<strong> Mario Lugones<\/strong>. A su vez, la \u201cArgentina Week\u201d contar\u00e1 con la participaci\u00f3n de importantes empresarios argentinos. Algunos de ellos son:<\/p>\n<p class=\"com-paragraph   --s\">Ariel Szarfsztejn es, desde enero,<strong> <\/strong>CEO de Mercado Libre. Su llegada a dicho puesto se dio luego de que el fundador de la compa\u00f1\u00eda, Marcos Galperin, abandonara el cargo luego de 26 a\u00f1os. Szarfsztejn<strong> <\/strong><a href=\"https:\/\/www.lanacion.com.ar\/economia\/negocios\/quien-es-ariel-szarfsztejn-el-nuevo-ceo-de-mercado-libre-nid21052025\/\" target=\"_self\" title=\"https:\/\/www.lanacion.com.ar\/economia\/negocios\/quien-es-ariel-szarfsztejn-el-nuevo-ceo-de-mercado-libre-nid21052025\/\" class=\"com-link break-word\" data-mrf-recirculation=\"n_link_parrafo\">ingres\u00f3 a Mercado Libre ocho a\u00f1os atr\u00e1s <\/a>como vicepresidente de Estrategia, Desarrollo Corporativo y Relaciones con Inversores y a lo largo de los a\u00f1os asumi\u00f3 diferentes posiciones. Entre 2018 y 2020, se desempe\u00f1\u00f3 en la unidad de Mercado Env\u00edos; luego fue vicepresidente de Commerce y desde abril de 2024, como presidente de Commerce, \u201ccon responsabilidad total de p\u00e9rdidas y ganancias y operaciones del negocio a lo largo de toda la empresa\u201d, seg\u00fan precis\u00f3 el propio Szarfsztejn en su perfil de LinkedIn.<\/p>\n<p class=\"com-paragraph   --s\">Pierpaolo Barbieri es fundador y CEO de Ual\u00e1, una de las <em><strong>fintechs <\/strong><\/em><strong>m\u00e1s importantes de Am\u00e9rica Latina.<\/strong> La semana pasada, la firma <strong>anunci\u00f3 el cierre de una <\/strong><a href=\"https:\/\/www.lanacion.com.ar\/economia\/negocios\/uala-cerro-una-ronda-de-inversion-de-us195-millones-nid04032026\/\" target=\"_self\" title=\"https:\/\/www.lanacion.com.ar\/economia\/negocios\/uala-cerro-una-ronda-de-inversion-de-us195-millones-nid04032026\/\" class=\"com-link break-word\" data-mrf-recirculation=\"n_link_parrafo\"><strong>ronda de financiamiento por US$195 millones<\/strong><\/a><strong>, liderada por Allianz X.<\/strong> La inversi\u00f3n lleva la <strong>valuaci\u00f3n de la compa\u00f1\u00eda a US$3200 millones<\/strong>, para una empresa que actualmente atiende a m\u00e1s de 11 millones de clientes en la Argentina, M\u00e9xico y Colombia, y opera con licencias bancarias en todos sus mercados.<\/p>\n<div class=\"content-media\">\n<section role=\"button\" class=\"mod-media   \">\n<figure role=\"button\" class=\"mod-figure \"><figcaption class=\"mod-figcaption\"><span class=\"com-text --caption --twoxs\">Pierpaolo Barbieri<\/span><span class=\"com-text --credit --twoxs\">NICO PEREZ PHOTOGRAPHY.COM <\/span><\/figcaption><\/figure>\n<\/section>\n<\/div>\n<p class=\"com-paragraph   --s\">Mart\u00edn Migoya es cofundador y CEO de <strong>Globant<\/strong>, firma especializada en soluciones tecnol\u00f3gicas y transformaci\u00f3n digital. Recientemente, la compa\u00f1\u00eda present\u00f3 <a href=\"https:\/\/www.lanacion.com.ar\/economia\/negocios\/globant-presento-resultados-financieros-y-supero-las-expectativas-del-mercado-nid27022026\/\" target=\"_self\" title=\"https:\/\/www.lanacion.com.ar\/economia\/negocios\/globant-presento-resultados-financieros-y-supero-las-expectativas-del-mercado-nid27022026\/\" class=\"com-link break-word\" data-mrf-recirculation=\"n_link_parrafo\">resultados financieros y super\u00f3 las expectativas del mercado<\/a>. En detalle, el unicornio argentino<strong> inform\u00f3 ingresos por US$612,5 millones en el cuarto trimestre de 2025<\/strong>. Se trata de una cifra que, si bien alcanz\u00f3 el consenso de los analistas, represent\u00f3 una ca\u00edda interanual del 4,7%.<\/p>\n<p class=\"com-paragraph   --s\">Mart\u00edn Varsavsky es fundador de<strong> Prelude Fertility<\/strong>, una de las cadenas de cl\u00ednicas de fertilidad m\u00e1s grandes en Estados Unidos. Seg\u00fan describe su <a href=\"https:\/\/spanish.martinvarsavsky.net\/?page_id=237449\" target=\"_blank\" title=\"https:\/\/spanish.martinvarsavsky.net\/?page_id=237449\" class=\"com-link break-word\" data-mrf-recirculation=\"n_link_parrafo\" rel=\"nofollow\">sitio oficial<\/a>, es un emprendedor, profesor e inversor \u201cen serie\u201d que fund\u00f3 ocho empresas en los EE.UU. y Europa en los \u00faltimos 30 a\u00f1os.<\/p>\n<p class=\"com-paragraph   --s\">En este sentido, Varsavsky siempre estuvo vinculado al universo de la tecnolog\u00eda y la salud. En 2017, por ejemplo, cre\u00f3 Overture Life, una compa\u00f1\u00eda especializada en automatizar los laboratorios de embriolog\u00eda. Overture cuenta con la financiaci\u00f3n de Khosla Ventures, Marc Benioff y Allen &amp; Company.<\/p>\n<p class=\"com-paragraph   --s\">Horacio Mar\u00edn, quien se desempe\u00f1a como presidente y CEO de YPF, tiene un objetivo claro para el pa\u00eds en materia energ\u00e9tica: <strong>hacia 2031, la Argentina deber\u00eda estar exportando m\u00e1s de US$30.000 millones en energ\u00eda<\/strong>, apoyada en el <strong>crecimiento de la producci\u00f3n de petr\u00f3leo y gas no convencional. <\/strong>As\u00ed lo deline\u00f3 Mar\u00edn en el <a href=\"https:\/\/www.lanacion.com.ar\/economia\/ypf-como-es-el-plan-de-horacio-marin-para-convertirla-en-una-de-las-20-mayores-companias-energeticas-nid30092025\/\" target=\"_self\" title=\"https:\/\/www.lanacion.com.ar\/economia\/ypf-como-es-el-plan-de-horacio-marin-para-convertirla-en-una-de-las-20-mayores-companias-energeticas-nid30092025\/\" class=\"com-link break-word\" data-mrf-recirculation=\"n_link_parrafo\">Foro Argentino de Inversiones<\/a>, que tuvo lugar en septiembre pasado. <\/p>\n<p class=\"com-paragraph   --s\">\u201cHoy <strong>el pa\u00eds exporta US$10.000 millones en energ\u00eda sin crecer<\/strong>. Los c\u00e1lculos m\u00e1s conservadores indican que <strong>podremos sumar US$20.000 millones adicionales por petr\u00f3leo <\/strong>y <strong>otros US$20.000 millones por gas natural licuado<\/strong>(GNL). Estamos <strong>hablando de un sector capaz de facturar tanto como el campo argentino<\/strong>\u201d, dijo el empresario en el marco de dicho encuentro.<\/p>\n<p class=\"com-paragraph   --s\">Marcelo Mindlin es fundador y presidente de <strong>Pampa Energ\u00eda.<\/strong> En sus inicios como empresario, en 1989, fund\u00f3 el grupo inversor EMES (exgrupo Dolphin), donde ocupa el rol de presidente hasta la actualidad, seg\u00fan su perfil de LinkedIn. Tambi\u00e9n es accionista de Sacde (Sociedad Argentina de Construcci\u00f3n y Desarrollo Estrat\u00e9gico) y preside el Museo del Holocausto de Buenos Aires, junto con la Fundaci\u00f3n Ben\u00e9fica Tzedak\u00e1 y la Fundaci\u00f3n Pampa, de acuerdo a su <a href=\"https:\/\/marcelomindlin.com\/\" target=\"_blank\" title=\"https:\/\/marcelomindlin.com\/\" class=\"com-link break-word\" data-mrf-recirculation=\"n_link_parrafo\" rel=\"nofollow\">sitio oficial.<\/a><\/p>\n<div class=\"content-media\">\n<section role=\"button\" class=\"mod-media   \">\n<figure role=\"button\" class=\"mod-figure \"><figcaption class=\"mod-figcaption\"><span class=\"com-text --caption --twoxs\">Marcelo Mindlin<\/span><span class=\"com-text --credit --twoxs\">Hernan Zenteno &#8211; La Nacion<\/span><\/figcaption><\/figure>\n<\/section>\n<\/div>\n<p class=\"com-paragraph   --s\">Marcos Bulgheroni es CEO del Grupo <strong>Pan American Energy (PAE). <\/strong>La firma tiene un rol fundamental en el desarrollo energ\u00e9tico del pa\u00eds. De hecho, la petrolera anunci\u00f3 en agosto pasado la decisi\u00f3n final de inversi\u00f3n para <a href=\"https:\/\/www.lanacion.com.ar\/economia\/mediante-una-asociacion-con-golar-la-argentina-ingresara-con-pae-al-selecto-grupo-de-exportadores-de-nid05072024\/\" target=\"_self\" title=\"https:\/\/www.lanacion.com.ar\/economia\/mediante-una-asociacion-con-golar-la-argentina-ingresara-con-pae-al-selecto-grupo-de-exportadores-de-nid05072024\/\" class=\"com-link break-word\" data-mrf-recirculation=\"n_link_parrafo\">instalar un segundo buque productor de gas natural licuado (GNL)<\/a>. As\u00ed, se confirm\u00f3 una inversi\u00f3n total estimada de m\u00e1s de <strong>US$15.000 millones<\/strong>, que se ejecutar\u00e1 a lo largo de los 20 a\u00f1os de operaci\u00f3n del proyecto y abarcar\u00e1 toda la cadena de valor. Esta iniciativa, adem\u00e1s, permitir\u00e1 habilitar nuevas inversiones en el desarrollo de Vaca Muerta.<\/p>\n<p class=\"com-paragraph   --s\">Miguel Galuccio es fundador y CEO de Vista Energy. En febrero, la petrolera acord\u00f3<a href=\"https:\/\/www.lanacion.com.ar\/economia\/vista-la-petrolera-de-miguel-galuccio-la-operacion-de-equinor-en-vaca-muerta-nid02022026\/\" target=\"_self\" title=\"https:\/\/www.lanacion.com.ar\/economia\/vista-la-petrolera-de-miguel-galuccio-la-operacion-de-equinor-en-vaca-muerta-nid02022026\/\" class=\"com-link break-word\" data-mrf-recirculation=\"n_link_parrafo\"> la compra <strong>de los activos de la noruega Equinor <\/strong><\/a><strong>en Vaca Muerta por US$712 millones<\/strong>. De esta manera, adquirir\u00e1 -sujeto al cierre de la transacci\u00f3n- 30% de Bandurria Sur y 50% de Bajo del Toro. A su vez, firm\u00f3 la cesi\u00f3n a YPF, operador de ambas \u00e1reas, de una participaci\u00f3n del 4,9% y del 15% de los respectivos activos.<\/p>\n<p class=\"com-paragraph   --s\">Como resultado, Vista incorporar\u00eda una participaci\u00f3n del 25,1% en el bloque Bandurria Sur y del 35% en Bajo del Toro, y <strong>la operaci\u00f3n incluye \u201cun pago inicial neto de las cesiones a YPF (por US$163 millones) de US$712 millones\u201d.<\/strong><\/p>\n<section class=\"container-center-100 mb-40 border border-bottom border-thin border-neutral-light-700\">\n<hr\/>\n<\/section>\n<\/div>\n","protected":false},"excerpt":{"rendered":"<p>El Gobierno da inicio hoy a la \u201cArgentina Week\u201d en Nueva York, un evento que se presenta como una vidriera para los negocios en el pa\u00eds. Se prev\u00e9 que el encuentro -organizado por la embajada argentina en Estados Unidos, JP Morgan, Bank of America y Kaszek, con respaldo de la Canciller\u00eda- re\u00fana a m\u00e1s de [&hellip;]<\/p>\n","protected":false},"author":2,"featured_media":228603,"comment_status":"closed","ping_status":"closed","sticky":false,"template":"","format":"standard","meta":{"footnotes":""},"categories":[28],"tags":[],"class_list":["post-228602","post","type-post","status-publish","format-standard","has-post-thumbnail","hentry","category-economia"],"_links":{"self":[{"href":"https:\/\/radioacuariofm.com.ar\/index.php?rest_route=\/wp\/v2\/posts\/228602","targetHints":{"allow":["GET"]}}],"collection":[{"href":"https:\/\/radioacuariofm.com.ar\/index.php?rest_route=\/wp\/v2\/posts"}],"about":[{"href":"https:\/\/radioacuariofm.com.ar\/index.php?rest_route=\/wp\/v2\/types\/post"}],"author":[{"embeddable":true,"href":"https:\/\/radioacuariofm.com.ar\/index.php?rest_route=\/wp\/v2\/users\/2"}],"replies":[{"embeddable":true,"href":"https:\/\/radioacuariofm.com.ar\/index.php?rest_route=%2Fwp%2Fv2%2Fcomments&post=228602"}],"version-history":[{"count":1,"href":"https:\/\/radioacuariofm.com.ar\/index.php?rest_route=\/wp\/v2\/posts\/228602\/revisions"}],"predecessor-version":[{"id":228604,"href":"https:\/\/radioacuariofm.com.ar\/index.php?rest_route=\/wp\/v2\/posts\/228602\/revisions\/228604"}],"wp:featuredmedia":[{"embeddable":true,"href":"https:\/\/radioacuariofm.com.ar\/index.php?rest_route=\/wp\/v2\/media\/228603"}],"wp:attachment":[{"href":"https:\/\/radioacuariofm.com.ar\/index.php?rest_route=%2Fwp%2Fv2%2Fmedia&parent=228602"}],"wp:term":[{"taxonomy":"category","embeddable":true,"href":"https:\/\/radioacuariofm.com.ar\/index.php?rest_route=%2Fwp%2Fv2%2Fcategories&post=228602"},{"taxonomy":"post_tag","embeddable":true,"href":"https:\/\/radioacuariofm.com.ar\/index.php?rest_route=%2Fwp%2Fv2%2Ftags&post=228602"}],"curies":[{"name":"wp","href":"https:\/\/api.w.org\/{rel}","templated":true}]}}