{"id":228596,"date":"2026-03-09T15:07:52","date_gmt":"2026-03-09T18:07:52","guid":{"rendered":"https:\/\/radioacuariofm.com.ar\/?p=228596"},"modified":"2026-03-09T15:07:54","modified_gmt":"2026-03-09T18:07:54","slug":"marley-y-vicky-xipolitakis-filman-en-san-juan-un-especial-de-por-el-mundo","status":"publish","type":"post","link":"https:\/\/radioacuariofm.com.ar\/?p=228596","title":{"rendered":"Marley y Vicky Xipolitakis filman en San Juan un especial de Por el Mundo"},"content":{"rendered":"<p><\/p>\n<div>\n<p style=\"text-align: justify;\">El reconocido conductor <strong>Alejandro \u00abMarley\u00bb Wiebe se encuentra en la provincia junto a Victoria Xipolitakis para realizar la filmaci\u00f3n de un especial<\/strong> <strong>del programa Por el Mundo<\/strong>, que esta vez, estar\u00e1 dedicado a mostrar los principales atractivos tur\u00edsticos de San Juan.<\/p>\n<p style=\"text-align: justify;\">Durante su estad\u00eda, los carism\u00e1ticos conductores <strong>recorrer\u00e1n distintos puntos emblem\u00e1ticos de la provincia con el objetivo de difundir sus paisajes, cultura y gastronom\u00eda<\/strong>. El itinerario incluye visitas a sitios hist\u00f3ricos y tur\u00edsticos, donde adem\u00e1s podr\u00e1n degustar productos regionales como vinos, pistachos y comidas t\u00edpicas.<\/p>\n<div class=\"embera-embed-responsive embera-embed-responsive-photo embera-embed-responsive-provider-flickr\"><a data-flickr-embed=\"true\" href=\"https:\/\/www.flickr.com\/photos\/gobiernodesanjuan\/55138222306\/\" title=\"2026-03-09 TURISMO, CULTURA Y DEPORTE: Marley y Vicky Xipolitakis filman en San Juan un especial de \u201cPor el Mundo\u201d by Gobierno de San Juan, on Flickr\"><\/a><\/div>\n<p style=\"text-align: justify;\">En la ma\u00f1ana de este lunes 9 de marzo,<strong> el equipo de filmaci\u00f3n visit\u00f3 la Celda Hist\u00f3rica de San Mart\u00edn y el Campanil de la Catedral de San Juan. Posteriormente, realizaron un recorrido por el Teatro del Bicentenario<\/strong>, donde conocieron la Sala Principal, la Sala de Ensayo de Orquesta y la Sala de Caracterizaci\u00f3n, que incluye parte de la sastrer\u00eda utilizada en distintas producciones que pasaron por el teatro.<\/p>\n<p style=\"text-align: justify;\">El ministro de Turismo, Cultura y Deporte, Guido Romero, junto, la secretaria de Cultura; Anal\u00eda Vilches, el subsecretario de Turismo; Juan Casta\u00f1ares, la subsecretaria de Coordinaci\u00f3n; Marecela Zegaib y la directora del TB; Silvana Moreno, acompa\u00f1aron a los conductores durante el recorrido realizado en el espacio cultural.<\/p>\n<div class=\"embera-embed-responsive embera-embed-responsive-photo embera-embed-responsive-provider-flickr\"><a data-flickr-embed=\"true\" href=\"https:\/\/www.flickr.com\/photos\/gobiernodesanjuan\/55138222311\/\" title=\"2026-03-09 TURISMO, CULTURA Y DEPORTE: Marley y Vicky Xipolitakis filman en San Juan un especial de \u201cPor el Mundo\u201d by Gobierno de San Juan, on Flickr\"><img decoding=\"async\" class=\"embera-embed-responsive-item embera-embed-responsive-item-photo\" src=\"https:\/\/live.staticflickr.com\/65535\/55138222311_c2ae492dbd_b.jpg\" alt=\"2026-03-09 TURISMO, CULTURA Y DEPORTE: Marley y Vicky Xipolitakis filman en San Juan un especial de \u201cPor el Mundo\u201d\"\/><\/a><\/div>\n<p style=\"text-align: justify;\"><strong>El cronograma de grabaci\u00f3n tambi\u00e9n contempla la visita a otros destinos tur\u00edsticos destacados de la provincia<\/strong>, <strong>entre ellos Calingasta, Barreal, Parque Nacional El Leoncito, el Aut\u00f3dromo Villicum, la hist\u00f3rica Casa Natal de Domingo Faustino Sarmiento y el hotel de Pismanta, entre otros.<\/strong><\/p>\n<p style=\"text-align: justify;\">De esta manera, la presencia del programa representa una oportunidad para continuar posicionando a<strong> San Juan como destino tur\u00edstico a nivel nacional<\/strong>.<\/p>\n<\/p><\/div>\n<p><script async defer crossorigin=\"anonymous\" src=\"https:\/\/connect.facebook.net\/es_ES\/sdk.js#xfbml=1&#038;version=v3.3\"><\/script><\/p>\n","protected":false},"excerpt":{"rendered":"<p>El reconocido conductor Alejandro \u00abMarley\u00bb Wiebe se encuentra en la provincia junto a Victoria Xipolitakis para realizar la filmaci\u00f3n de un especial del programa Por el Mundo, que esta vez, estar\u00e1 dedicado a mostrar los principales atractivos tur\u00edsticos de San Juan. Durante su estad\u00eda, los carism\u00e1ticos conductores recorrer\u00e1n distintos puntos emblem\u00e1ticos de la provincia con [&hellip;]<\/p>\n","protected":false},"author":2,"featured_media":228597,"comment_status":"closed","ping_status":"closed","sticky":false,"template":"","format":"standard","meta":{"footnotes":""},"categories":[27],"tags":[],"class_list":["post-228596","post","type-post","status-publish","format-standard","has-post-thumbnail","hentry","category-san-juan"],"_links":{"self":[{"href":"https:\/\/radioacuariofm.com.ar\/index.php?rest_route=\/wp\/v2\/posts\/228596","targetHints":{"allow":["GET"]}}],"collection":[{"href":"https:\/\/radioacuariofm.com.ar\/index.php?rest_route=\/wp\/v2\/posts"}],"about":[{"href":"https:\/\/radioacuariofm.com.ar\/index.php?rest_route=\/wp\/v2\/types\/post"}],"author":[{"embeddable":true,"href":"https:\/\/radioacuariofm.com.ar\/index.php?rest_route=\/wp\/v2\/users\/2"}],"replies":[{"embeddable":true,"href":"https:\/\/radioacuariofm.com.ar\/index.php?rest_route=%2Fwp%2Fv2%2Fcomments&post=228596"}],"version-history":[{"count":1,"href":"https:\/\/radioacuariofm.com.ar\/index.php?rest_route=\/wp\/v2\/posts\/228596\/revisions"}],"predecessor-version":[{"id":228598,"href":"https:\/\/radioacuariofm.com.ar\/index.php?rest_route=\/wp\/v2\/posts\/228596\/revisions\/228598"}],"wp:featuredmedia":[{"embeddable":true,"href":"https:\/\/radioacuariofm.com.ar\/index.php?rest_route=\/wp\/v2\/media\/228597"}],"wp:attachment":[{"href":"https:\/\/radioacuariofm.com.ar\/index.php?rest_route=%2Fwp%2Fv2%2Fmedia&parent=228596"}],"wp:term":[{"taxonomy":"category","embeddable":true,"href":"https:\/\/radioacuariofm.com.ar\/index.php?rest_route=%2Fwp%2Fv2%2Fcategories&post=228596"},{"taxonomy":"post_tag","embeddable":true,"href":"https:\/\/radioacuariofm.com.ar\/index.php?rest_route=%2Fwp%2Fv2%2Ftags&post=228596"}],"curies":[{"name":"wp","href":"https:\/\/api.w.org\/{rel}","templated":true}]}}