{"id":228593,"date":"2026-03-09T14:41:34","date_gmt":"2026-03-09T17:41:34","guid":{"rendered":"https:\/\/radioacuariofm.com.ar\/?p=228593"},"modified":"2026-03-09T14:41:37","modified_gmt":"2026-03-09T17:41:37","slug":"prevencion-y-cuidados-por-el-dia-internacional-de-la-mujer","status":"publish","type":"post","link":"https:\/\/radioacuariofm.com.ar\/?p=228593","title":{"rendered":"prevenci\u00f3n y cuidados por el D\u00eda Internacional de la Mujer"},"content":{"rendered":"<p><\/p>\n<div>\n<p>En la ma\u00f1ana de este lunes 9 de marzo, el ministro de Salud, Am\u00edlcar Dobladez, particip\u00f3 de la Jornada Mujer Saludable, organizada por la Divisi\u00f3n de Trabajo Social y el Departamento de Medicina Asistencial del Ministerio de Salud, en el marco de los festejos del D\u00eda Internacional de la Mujer.<\/p>\n<p>El evento se llev\u00f3 a cabo en la Plaza Seca del Centro C\u00edvico donde se instalaron distintos puestos con actividades destinadas a la salud femenina, incluyendo vacunaci\u00f3n, testeos de HPV y TBC, consejer\u00eda sobre derechos de la mujer, RCP, h\u00e1bitos saludables y cuidado de la salud femenina.<\/p>\n<p>Dobladez, acompa\u00f1ado por el secretario T\u00e9cnico, Alejandro Navarta, y el secretario de Planeamiento, Gast\u00f3n Jofre, recorri\u00f3 cada stand dialogando con el personal de salud y con las mujeres que participaron de las actividades.<\/p>\n<p>\u201cHoy es un lindo evento para concientizar sobre lo que tiene que ver con prevenci\u00f3n, testeos, asesoramiento y vacunaci\u00f3n, todo lo que hace referencia a la salud en la mujer y que compartimos con la poblaci\u00f3n de San Juan\u201d, destac\u00f3 el ministro.<\/p>\n<p>Las distintas \u00e1reas del Ministerio de Salud atendieron a una importante cantidad de mujeres, quienes se acercaron especialmente para vacunarse y realizarse controles m\u00e9dicos.<\/p>\n<p>En el marco de la jornada, Dobladez tambi\u00e9n se refiri\u00f3 a la campa\u00f1a de vacunaci\u00f3n antigripal, que comenz\u00f3 la semana pasada: \u201cYa llevamos 9.500 vacunados en los primeros siete d\u00edas, superando la primera semana del a\u00f1o pasado. La campa\u00f1a ha tenido muy buena aceptaci\u00f3n, especialmente entre personal de salud y de seguridad, quienes son grupos prioritarios\u201d, explic\u00f3.<\/p>\n<p>La jornada reafirma el compromiso del gobierno provincial con la salud integral de la mujer, promoviendo la prevenci\u00f3n y el acceso a servicios m\u00e9dicos de calidad en un d\u00eda de concientizaci\u00f3n y celebraci\u00f3n.<\/p>\n<\/p><\/div>\n<p><script async defer crossorigin=\"anonymous\" src=\"https:\/\/connect.facebook.net\/es_ES\/sdk.js#xfbml=1&#038;version=v3.3\"><\/script><\/p>\n","protected":false},"excerpt":{"rendered":"<p>En la ma\u00f1ana de este lunes 9 de marzo, el ministro de Salud, Am\u00edlcar Dobladez, particip\u00f3 de la Jornada Mujer Saludable, organizada por la Divisi\u00f3n de Trabajo Social y el Departamento de Medicina Asistencial del Ministerio de Salud, en el marco de los festejos del D\u00eda Internacional de la Mujer. El evento se llev\u00f3 a [&hellip;]<\/p>\n","protected":false},"author":2,"featured_media":228594,"comment_status":"closed","ping_status":"closed","sticky":false,"template":"","format":"standard","meta":{"footnotes":""},"categories":[27],"tags":[],"class_list":["post-228593","post","type-post","status-publish","format-standard","has-post-thumbnail","hentry","category-san-juan"],"_links":{"self":[{"href":"https:\/\/radioacuariofm.com.ar\/index.php?rest_route=\/wp\/v2\/posts\/228593","targetHints":{"allow":["GET"]}}],"collection":[{"href":"https:\/\/radioacuariofm.com.ar\/index.php?rest_route=\/wp\/v2\/posts"}],"about":[{"href":"https:\/\/radioacuariofm.com.ar\/index.php?rest_route=\/wp\/v2\/types\/post"}],"author":[{"embeddable":true,"href":"https:\/\/radioacuariofm.com.ar\/index.php?rest_route=\/wp\/v2\/users\/2"}],"replies":[{"embeddable":true,"href":"https:\/\/radioacuariofm.com.ar\/index.php?rest_route=%2Fwp%2Fv2%2Fcomments&post=228593"}],"version-history":[{"count":1,"href":"https:\/\/radioacuariofm.com.ar\/index.php?rest_route=\/wp\/v2\/posts\/228593\/revisions"}],"predecessor-version":[{"id":228595,"href":"https:\/\/radioacuariofm.com.ar\/index.php?rest_route=\/wp\/v2\/posts\/228593\/revisions\/228595"}],"wp:featuredmedia":[{"embeddable":true,"href":"https:\/\/radioacuariofm.com.ar\/index.php?rest_route=\/wp\/v2\/media\/228594"}],"wp:attachment":[{"href":"https:\/\/radioacuariofm.com.ar\/index.php?rest_route=%2Fwp%2Fv2%2Fmedia&parent=228593"}],"wp:term":[{"taxonomy":"category","embeddable":true,"href":"https:\/\/radioacuariofm.com.ar\/index.php?rest_route=%2Fwp%2Fv2%2Fcategories&post=228593"},{"taxonomy":"post_tag","embeddable":true,"href":"https:\/\/radioacuariofm.com.ar\/index.php?rest_route=%2Fwp%2Fv2%2Ftags&post=228593"}],"curies":[{"name":"wp","href":"https:\/\/api.w.org\/{rel}","templated":true}]}}