{"id":228590,"date":"2026-03-09T14:16:48","date_gmt":"2026-03-09T17:16:48","guid":{"rendered":"https:\/\/radioacuariofm.com.ar\/?p=228590"},"modified":"2026-03-09T14:16:50","modified_gmt":"2026-03-09T17:16:50","slug":"que-dice-el-mensaje-que-le-envio-vladimir-putin-al-nuevo-ayatollah-de-iran","status":"publish","type":"post","link":"https:\/\/radioacuariofm.com.ar\/?p=228590","title":{"rendered":"Qu\u00e9 dice el mensaje que le envi\u00f3 Vladimir Putin al nuevo ayatollah de Ir\u00e1n"},"content":{"rendered":"<p> <br \/>\n<\/p>\n<div>\n<p class=\"com-paragraph  --capital --s\">El presidente ruso <a href=\"https:\/\/www.lanacion.com.ar\/el-mundo\/guerra-en-medio-oriente-putin-le-ofrecio-su-indefectible-apoyo-al-nuevo-lider-supremo-irani-nid09032026\/\" target=\"_self\" title=\"https:\/\/www.lanacion.com.ar\/el-mundo\/guerra-en-medio-oriente-putin-le-ofrecio-su-indefectible-apoyo-al-nuevo-lider-supremo-irani-nid09032026\/\" class=\"com-link break-word\" data-mrf-recirculation=\"n_link_parrafo\"><strong>Vladimir Putin transmiti\u00f3 su apoyo oficial a Mojtaba Khamenei<\/strong><\/a> tras su designaci\u00f3n como m\u00e1xima autoridad de la Rep\u00fablica Isl\u00e1mica. La comunicaci\u00f3n escrita ocurre una semana despu\u00e9s de la muerte de su antecesor durante una <strong>operaci\u00f3n militar de Israel y Estados Unidos<\/strong>. El mandatario ratific\u00f3 la postura de su pa\u00eds frente a la crisis b\u00e9lica actual para garantizar la continuidad de la <strong>alianza bilateral<\/strong>.<\/p>\n<p class=\"com-paragraph   --s\">La agencia de noticias <em>Tass <\/em>accedi\u00f3 al documento publicado en el sitio web del gobierno ruso. El texto formaliza el respaldo al dirigente de 56 a\u00f1os frente al escenario geopol\u00edtico actual.<strong> \u201cMe gustar\u00eda reafirmar nuestro indefectible apoyo a Teher\u00e1n y nuestra solidaridad con nuestros amigos iran\u00edes<\/strong>\u201d, dijo el mandatario. <\/p>\n<div class=\"content-media\">\n<section role=\"button\" class=\"mod-media   \">\n<figure role=\"button\" class=\"mod-figure \"><figcaption class=\"mod-figcaption\"><span class=\"com-text --caption --twoxs\">Vladimir Putin manifest\u00f3 su apoyo al hijo del ayatollah asesinado en Ir\u00e1n<\/span><span class=\"com-text --credit --twoxs\">Vyacheslav Prokofyev  &#8211; Pool Sputnik Kremlin <\/span><\/figcaption><\/figure>\n<\/section>\n<\/div>\n<p class=\"com-paragraph   --s\">El documento aborda la situaci\u00f3n de conflicto. El presidente reconoci\u00f3 el contexto de agresi\u00f3n armada sobre territorio oriental. \u201cEn un momento en que <strong>Ir\u00e1n afronta una agresi\u00f3n armada<\/strong>, su desempe\u00f1o en tan elevada posici\u00f3n requerir\u00e1 sin duda un gran coraje y dedicaci\u00f3n\u201d, afirm\u00f3 el l\u00edder ruso. El escrito reafirma las diferencias pol\u00edticas con Estados Unidos.<\/p>\n<p class=\"com-paragraph   --s\">El texto finaliza con una proyecci\u00f3n sobre el futuro del pa\u00eds aliado. \u201cEstoy seguro de que <strong>continuar\u00e1 con honor el legado de su padre<\/strong> y unir\u00e1 al pueblo iran\u00ed frente a duras pruebas\u201d, precis\u00f3 la m\u00e1xima autoridad del Kremlin.<\/p>\n<p class=\"com-paragraph   --s\">Putin mantuvo una conversaci\u00f3n telef\u00f3nica con el presidente iran\u00ed <strong>Masoud Pezeshkian<\/strong> d\u00edas antes de la designaci\u00f3n oficial del nuevo gu\u00eda supremo, donde expres\u00f3 sus condolencias por la <strong>muerte del ayatollah Ali Khamenei<\/strong>. El jefe de Estado extendi\u00f3 su p\u00e9same por las numerosas v\u00edctimas civiles derivadas de la agresi\u00f3n armada israel\u00ed-estadounidense.<\/p>\n<p class=\"com-paragraph   --s\">El titular del Kremlin fij\u00f3 la postura oficial de Rusia frente a la crisis y exigi\u00f3 un cese inmediato de las hostilidades en la regi\u00f3n. Asimismo solicit\u00f3 el abandono de los m\u00e9todos de fuerza para la resoluci\u00f3n de los problemas vinculados al pa\u00eds oriental y a todo Medio Oriente. Pezeshkian expres\u00f3 su gratitud por la solidaridad rusa con su pueblo.<\/p>\n<div class=\"content-media\">\n<section role=\"button\" class=\"mod-media   \">\n<figure role=\"button\" class=\"mod-figure \"><figcaption class=\"mod-figcaption\"><span class=\"com-text --caption --twoxs\">Masoud Pezeshkian junto a Vlad\u00edmir Putin tras sus conversacione en Mosc\u00fa, el pasado enero <\/span><span class=\"com-text --credit --twoxs\">Vyacheslav Prokofyev &#8211; Pool Sputnik Kremlin<\/span><\/figcaption><\/figure>\n<\/section>\n<\/div>\n<p class=\"com-paragraph   --s\">Las autoridades orientales informaron el domingo la designaci\u00f3n de <strong>Mojtaba Khamenei<\/strong> como nuevo l\u00edder supremo. El dirigente naci\u00f3 en Mashhad el 8 de septiembre de 1969 y mantuvo un <strong>bajo perfil <\/strong>p\u00fablico durante todo el mandato de su padre.<\/p>\n<div class=\"content-media\">\n<section role=\"button\" class=\"mod-media   \">\n<figure role=\"button\" class=\"mod-figure \"><figcaption class=\"mod-figcaption\"><span class=\"com-text --caption --twoxs\">Mojtaba Jamenei, hijo del difunto ayatol\u00e1 de Ir\u00e1n Ali Jamenei<\/span><span class=\"com-text --credit --twoxs\">Vahid Salemi &#8211; AP<\/span><\/figcaption><\/figure>\n<\/section>\n<\/div>\n<p class=\"com-paragraph   --s\">Durante a\u00f1os ejerci\u00f3 como el guardi\u00e1n m\u00e1s cercano del anterior gu\u00eda supremo y decid\u00eda los accesos al despacho de la m\u00e1xima autoridad mientras controlaba el flujo de informaci\u00f3n oficial. Esta posici\u00f3n estrat\u00e9gica le permiti\u00f3 acumular un <strong>enorme poder informal<\/strong> lejos de las c\u00e1maras.<\/p>\n<p class=\"com-paragraph   --s\">La verdadera fortaleza pol\u00edtica del dirigente reside en su <strong>v\u00ednculo directo con los Pasdaran<\/strong>, la Guardia Revolucionaria de la naci\u00f3n isl\u00e1mica. El nuevo l\u00edder consolid\u00f3 su influencia a trav\u00e9s de una fuerte alianza con los mandos militares, una diferencia con el perfil estrictamente ideol\u00f3gico de su antecesor.<\/p>\n<p class=\"com-paragraph   --s\">El religioso luce una barba entrecana y utiliza el turbante negro caracter\u00edstico de los <em>seyed<\/em>, los descendientes del profeta Mahoma. El cl\u00e9rigo es un veterano de la larga guerra entre su pa\u00eds e Irak desarrollada en la d\u00e9cada de 1980. En ese conflicto particip\u00f3 en una unidad de combate de los Guardianes de la Revoluci\u00f3n, cuando su padre ejerc\u00eda como presidente de la naci\u00f3n.<\/p>\n<div class=\"content-media\">\n<section role=\"button\" class=\"mod-media   \">\n<figure role=\"button\" class=\"mod-figure \"><figcaption class=\"mod-figcaption\"><span class=\"com-text --caption --twoxs\">Mojtaba Khamenei es el nuevo l\u00edder supremo de Ir\u00e1n<\/span><span class=\"com-text --credit --twoxs\">&#8211;  &#8211; KHAMENEI.IR <\/span><\/figcaption><\/figure>\n<\/section>\n<\/div>\n<p class=\"com-paragraph   --s\">El Departamento del Tesoro de Estados Unidos impuso sanciones en su contra en 2019. El organismo norteamericano indic\u00f3 en esa oportunidad que el dirigente \u201crepresentaba al gu\u00eda supremo oficialmente, aunque <strong>nunca fue elegido ni nombrado para un cargo gubernamental<\/strong>, aparte de sus funciones en la oficina de su padre\u201d.<\/p>\n<p class=\"com-paragraph   --s\">El informe estadounidense detall\u00f3 la delegaci\u00f3n de responsabilidades de liderazgo. El texto oficial acus\u00f3 al dirigente de trabajar<strong> \u201cen estrecha colaboraci\u00f3n\u201d<\/strong> con unidades militares. El objetivo de esta alianza consist\u00eda en \u201cavanzar las ambiciones regionales desestabilizadoras de su padre y sus objetivos represivos internos\u201d.<\/p>\n<div class=\"content-media\">\n<section role=\"button\" class=\"mod-media   \">\n<figure role=\"button\" class=\"mod-figure \"><figcaption class=\"mod-figcaption\"><span class=\"com-text --caption --twoxs\">Mojtaba Jamenei, hijo del asesinado l\u00edder supremo de Ir\u00e1n, fue nombrado nuevo gobernante de la Rep\u00fablica Isl\u00e1mica<\/span><span class=\"com-text --credit --twoxs\">Iran state TV<\/span><\/figcaption><\/figure>\n<\/section>\n<\/div>\n<p class=\"com-paragraph   --s\">Distintos grupos opositores lo responsabilizan por su rol en la violenta <strong>represi\u00f3n de 2009<\/strong>. Estos hechos ocurrieron tras la reelecci\u00f3n del presidente ultraconservador Mahmud Ahmadineyad y provocaron un amplio movimiento de protesta.<\/p>\n<p class=\"com-paragraph   --s\">Una investigaci\u00f3n de la compa\u00f1\u00eda de informaci\u00f3n financiera <em>Bloomberg<\/em> expuso el patrimonio del cl\u00e9rigo. El informe se\u00f1ala un enriquecimiento considerable a trav\u00e9s de una extensa red de empresas fachada radicadas en el extranjero.<\/p>\n<p class=\"com-paragraph   --s\">En el plano religioso, el nuevo l\u00edder estudi\u00f3 <strong>teolog\u00eda<\/strong> en la ciudad santa de Qom, al sur de Teher\u00e1n donde tambi\u00e9n imparti\u00f3 clases y alcanz\u00f3 el t\u00edtulo de <em>hoyatoleslam<\/em>, un rango que corresponde a <strong>cl\u00e9rigos de nivel intermedio<\/strong> y resulta inferior a la jerarqu\u00eda de ayatollah. Tras su nombramiento reciente, el Estado lo present\u00f3 de manera oficial con el t\u00edtulo m\u00e1ximo.<\/p>\n<div class=\"content-media\">\n<section role=\"button\" class=\"mod-media   \">\n<figure role=\"button\" class=\"mod-figure \"><figcaption class=\"mod-figcaption\"><span class=\"com-text --caption --twoxs\">Tras la muerte de Ali Khamenei, Mojtaba Khamenei fue nombrado sucesor <\/span><\/figcaption><\/figure>\n<\/section>\n<\/div>\n<p class=\"com-paragraph   --s\">La esposa del nuevo l\u00edder, <strong>Zahra Hadad Adel<\/strong>, era hija de un expresidente del Parlamento, quien falleci\u00f3 en los ataques del 28 de febrero. Las autoridades confirmaron su fallecimiento junto al anterior gu\u00eda supremo y su esposa en esos bombardeos.<\/p>\n<p class=\"com-paragraph   --s\">El ministro de Defensa de Israel, <strong>Israel Katz<\/strong>, emiti\u00f3 un pronunciamiento el mi\u00e9rcoles sobre la sucesi\u00f3n en el pa\u00eds isl\u00e1mico. El funcionario lanz\u00f3 una amenaza directa hacia la nueva conducci\u00f3n. El jefe militar advirti\u00f3 que cualquier sucesor de Ali Khamenei se convertir\u00eda <strong>\u201cen un objetivo\u201d<\/strong>.<\/p>\n<p class=\"com-paragraph   --s\"><em>Este contenido fue producido por un equipo de LA NACION con la asistencia de la IA.<\/em><\/p>\n<section class=\"container-center-100 mb-40 border border-bottom border-thin border-neutral-light-700\"\/><\/div>\n\n","protected":false},"excerpt":{"rendered":"<p>El presidente ruso Vladimir Putin transmiti\u00f3 su apoyo oficial a Mojtaba Khamenei tras su designaci\u00f3n como m\u00e1xima autoridad de la Rep\u00fablica Isl\u00e1mica. La comunicaci\u00f3n escrita ocurre una semana despu\u00e9s de la muerte de su antecesor durante una operaci\u00f3n militar de Israel y Estados Unidos. El mandatario ratific\u00f3 la postura de su pa\u00eds frente a la [&hellip;]<\/p>\n","protected":false},"author":2,"featured_media":228591,"comment_status":"closed","ping_status":"closed","sticky":false,"template":"","format":"standard","meta":{"footnotes":""},"categories":[1],"tags":[],"class_list":["post-228590","post","type-post","status-publish","format-standard","has-post-thumbnail","hentry","category-uncategorized"],"_links":{"self":[{"href":"https:\/\/radioacuariofm.com.ar\/index.php?rest_route=\/wp\/v2\/posts\/228590","targetHints":{"allow":["GET"]}}],"collection":[{"href":"https:\/\/radioacuariofm.com.ar\/index.php?rest_route=\/wp\/v2\/posts"}],"about":[{"href":"https:\/\/radioacuariofm.com.ar\/index.php?rest_route=\/wp\/v2\/types\/post"}],"author":[{"embeddable":true,"href":"https:\/\/radioacuariofm.com.ar\/index.php?rest_route=\/wp\/v2\/users\/2"}],"replies":[{"embeddable":true,"href":"https:\/\/radioacuariofm.com.ar\/index.php?rest_route=%2Fwp%2Fv2%2Fcomments&post=228590"}],"version-history":[{"count":1,"href":"https:\/\/radioacuariofm.com.ar\/index.php?rest_route=\/wp\/v2\/posts\/228590\/revisions"}],"predecessor-version":[{"id":228592,"href":"https:\/\/radioacuariofm.com.ar\/index.php?rest_route=\/wp\/v2\/posts\/228590\/revisions\/228592"}],"wp:featuredmedia":[{"embeddable":true,"href":"https:\/\/radioacuariofm.com.ar\/index.php?rest_route=\/wp\/v2\/media\/228591"}],"wp:attachment":[{"href":"https:\/\/radioacuariofm.com.ar\/index.php?rest_route=%2Fwp%2Fv2%2Fmedia&parent=228590"}],"wp:term":[{"taxonomy":"category","embeddable":true,"href":"https:\/\/radioacuariofm.com.ar\/index.php?rest_route=%2Fwp%2Fv2%2Fcategories&post=228590"},{"taxonomy":"post_tag","embeddable":true,"href":"https:\/\/radioacuariofm.com.ar\/index.php?rest_route=%2Fwp%2Fv2%2Ftags&post=228590"}],"curies":[{"name":"wp","href":"https:\/\/api.w.org\/{rel}","templated":true}]}}