{"id":228584,"date":"2026-03-09T14:03:48","date_gmt":"2026-03-09T17:03:48","guid":{"rendered":"https:\/\/radioacuariofm.com.ar\/?p=228584"},"modified":"2026-03-09T14:03:50","modified_gmt":"2026-03-09T17:03:50","slug":"se-conocio-el-primer-dato-oficial-que-anticipa-el-numero-nacional-del-indec","status":"publish","type":"post","link":"https:\/\/radioacuariofm.com.ar\/?p=228584","title":{"rendered":"Se conoci\u00f3 el primer dato oficial que anticipa el n\u00famero nacional del Indec"},"content":{"rendered":"<p><\/p>\n<div>\n<p class=\"com-paragraph  --capital --s\">Tras la <a href=\"https:\/\/www.lanacion.com.ar\/economia\/inflacion-de-enero-se-acelero-el-ipc-en-la-ciudad-y-llego-al-31-en-el-primer-mes-de-2026-nid09022026\/\" target=\"_self\" title=\"https:\/\/www.lanacion.com.ar\/economia\/inflacion-de-enero-se-acelero-el-ipc-en-la-ciudad-y-llego-al-31-en-el-primer-mes-de-2026-nid09022026\/\" class=\"com-link break-word\" data-mrf-recirculation=\"n_link_parrafo\"><strong>aceleraci\u00f3n que hab\u00eda marcado en enero<\/strong><\/a>, cuando lleg\u00f3 al 3,1% mensual,<strong> la inflaci\u00f3n porte\u00f1a en febrero retrocedi\u00f3 y se ubic\u00f3 en el 2,6% mensual. <\/strong>De esta manera, interrumpi\u00f3 una serie de cinco meses consecutivos con suba en el dato mensual.<\/p>\n<p class=\"com-paragraph   --s\">La ca\u00edda de 0,5 puntos porcentuales en el Ipcba<strong> se explica en parte por la baja en los precios estacionales. <\/strong>Luego de una fuerte aceleraci\u00f3n del 15,8% en enero, en febrero este conjunto tuvo una baja promedio del 6,5%.<\/p>\n<p class=\"com-paragraph   --s\">Con el dato de febrero, la inflaci\u00f3n acumulada en el primer bimestre del a\u00f1o llega al 5,7%, mientras que <strong>el alza interanual del costo de vida en la Capital es del 32,4%.<\/strong> El jueves de esta semana se conocer\u00e1 el dato nacional del Indec, que <a href=\"https:\/\/www.lanacion.com.ar\/economia\/inflacion-para-el-mercado-febrero-marco-27-y-estaria-lejos-de-empezar-con-cero-en-agosto-nid05032026\/\" target=\"_self\" title=\"https:\/\/www.lanacion.com.ar\/economia\/inflacion-para-el-mercado-febrero-marco-27-y-estaria-lejos-de-empezar-con-cero-en-agosto-nid05032026\/\" class=\"com-link break-word\" data-mrf-recirculation=\"n_link_parrafo\"><strong>seg\u00fan estimaciones de consultoras privadas estar\u00e1 entre 2,6% y 2,9%.<\/strong><\/a><\/p>\n<div class=\"content-media\">\n<section role=\"button\" class=\"mod-media   \">\n<figure role=\"button\" class=\"mod-figure \"><figcaption class=\"mod-figcaption\"><span class=\"com-text --caption --twoxs\">Tras la aceleraci\u00f3n de enero, las verduras y las frutas cayeron en promedio en febrero<\/span><span class=\"com-text --credit --twoxs\">JUAN MABROMATA &#8211; AFP<\/span><\/figcaption><\/figure>\n<\/section>\n<\/div>\n<p class=\"com-paragraph   --s\">Seg\u00fan los n\u00fameros presentados por el ente estad\u00edstico porte\u00f1o, el rubro<strong> Alimentos y bebidas<\/strong> se movi\u00f3 nuevamente por encima del promedio general, y marc\u00f3 una suba del <strong>2,9%<\/strong> (31,8% interanual). <\/p>\n<p class=\"com-paragraph   --s\">En esta categor\u00eda <strong>tuvo especial impacto el rubro Carnes y derivados (7,3%). <\/strong>Tambi\u00e9n pesaron los aumentos en <strong>Pan y cereales (1,9%)<\/strong> y <strong>Huevos y productos l\u00e1cteos (1,8%), <\/strong>mientras que se movieron en sentido contrario <strong>Frutas (-2,1%<\/strong>) y el segmento de <strong>Verduras, tub\u00e9rculos y legumbres (-1,1%).<\/strong><\/p>\n<p class=\"com-paragraph   --s\">La categor\u00eda de mayor aumento, sin embargo, fue el de<strong> Vivienda, agua, electricidad y otros combustibles, <\/strong>que concentra a las tarifas de servicios p\u00fablicos, que aument\u00f3 en el mes un <strong>5,9% <\/strong>(36,8%). Esta categor\u00eda <strong>explic\u00f3 1,15 puntos porcentuales del \u00edndice general,<\/strong> y se vio influenciada por \u201clas subas en los valores de los gastos comunes por la vivienda y en las tarifas residenciales del servicio de electricidad y de gas por red\u201c, adem\u00e1s del precio de los alquileres.<\/p>\n<div class=\"content-media\">\n<section role=\"button\" class=\"mod-media   \">\n<figure role=\"button\" class=\"mod-figure \"><figcaption class=\"mod-figcaption\"><span class=\"com-text --caption --twoxs\">Las principales subas de precio en febrero en Capital.<\/span><\/figcaption><\/figure>\n<\/section>\n<\/div>\n<p class=\"com-paragraph   --s\"><strong>El factor de las tarifas de servicios p\u00fablicos hab\u00eda sido <\/strong><a href=\"https:\/\/www.lanacion.com.ar\/economia\/marco-lavagna-de-la-continuidad-en-el-indec-al-conflicto-por-la-marcha-atras-con-el-nuevo-ipc-nid02022026\/\" target=\"_self\" title=\"https:\/\/www.lanacion.com.ar\/economia\/marco-lavagna-de-la-continuidad-en-el-indec-al-conflicto-por-la-marcha-atras-con-el-nuevo-ipc-nid02022026\/\" class=\"com-link break-word\" data-mrf-recirculation=\"n_link_parrafo\"><strong>uno de los puntos de conflicto alrededor de la medici\u00f3n de la inflaci\u00f3n en el Indec.<\/strong><\/a><strong> <\/strong>El organismo ten\u00eda previsto lanzar en enero de este a\u00f1o el IPC actualizado, que reemplazaba la canasta elaborada a partir de la encuesta de gastos hecha en 2004\/2005 por la hecha a partir de la encuesta de gastos de 2017\/2018.<\/p>\n<p class=\"com-paragraph   --s\">En esta \u00faltima, que el IPC porte\u00f1o usa desde 2022, tienen mayor peso los servicios que los bienes, algo que podr\u00eda arrojar un dato de inflaci\u00f3n mayor a partir del esquema de quita de subsidios y subas de tarifas que impulsa el Gobierno nacional. En ese escenario, el Ejecutivo fren\u00f3 la actualizaci\u00f3n del IPC en el Indec, hecho que <a href=\"https:\/\/www.lanacion.com.ar\/economia\/renuncio-marco-lavagna-al-indec-nid02022026\/\" target=\"_self\" title=\"https:\/\/www.lanacion.com.ar\/economia\/renuncio-marco-lavagna-al-indec-nid02022026\/\" class=\"com-link break-word\" data-mrf-recirculation=\"n_link_parrafo\"><strong>deriv\u00f3 en la renuncia de Marco Lavagna en el organismo.<\/strong><\/a><\/p>\n<p class=\"com-paragraph   --s\">Otras categor\u00edas que estuvieron por encima del promedio en febrero en el informe de inflaci\u00f3n porte\u00f1a fueron Seguros y servicios financieros, con un 5% (56,6% interanual); Equipamiento y mantenimiento del hogar, con un 3,1% (16,9% interanual); y <strong>Salud<\/strong>, con un 3% (31,5% interanual).<\/p>\n<div class=\"content-media\">\n<section role=\"button\" class=\"mod-media   \">\n<figure role=\"button\" class=\"mod-figure \"><figcaption class=\"mod-figcaption\"><span class=\"com-text --caption --twoxs\">El aumento de las tarifas de servicios p\u00fablicos y el alquiler impact\u00f3 en febrero<\/span><\/figcaption><\/figure>\n<\/section>\n<\/div>\n<p class=\"com-paragraph   --s\">La <strong>ropa <\/strong>no tuvo variaci\u00f3n en el mes (0%, 14,2% interanual), mientras que el rubro <strong>Bebidas alcoh\u00f3licas<\/strong> trep\u00f3 un 1,3% (23,4%) y <strong>Educaci\u00f3n<\/strong>, un 1,7% (39,7% interanual).<\/p>\n<p class=\"com-paragraph   --s\">Luego del pico de <strong>enero (hab\u00eda subido 7,4%, afectado por la estacionalidad de las vacaciones)<\/strong>, <strong>Recreaci\u00f3n y cultura <\/strong>se moder\u00f3 en febrero al 0,1% mensual (31% interanual), al igual que <strong>Restaurantes y hoteles <\/strong>(fue 5,3% en enero y dio 1,5% en febrero o 33,8% interanual).<\/p>\n<p class=\"com-paragraph   --s\"><strong>El \u00fanico sector con variaci\u00f3n negativa fue Transporte, <\/strong>que tuvo en promedio una baja del 0,4% en el mes (36% interanual).<\/p>\n<p class=\"com-paragraph   --s\">Frente a una baja del 6,5% en los precios estacionales, en febrero hubo un aumento del 4,5% entre los regulados. <strong>La inflaci\u00f3n n\u00facleo, que excluye estos dos rubros, se aceler\u00f3 0,9 puntos porcentuales y pas\u00f3 al 3,1% (fue 2,2% en enero).<\/strong><\/p>\n<p class=\"com-paragraph   --s\">En promedio,<strong> los servicios aumentaron un 3% y superaron nuevamente a los bienes <\/strong>1,9%. Este movimiento tambi\u00e9n se observa en la medici\u00f3n interanual <strong>(36,1% y 26,3%, respectivamente).<\/strong><\/p>\n<div class=\"content-media\">\n<section role=\"button\" class=\"mod-media   \">\n<figure role=\"button\" class=\"mod-figure \"><figcaption class=\"mod-figcaption\"><span class=\"com-text --caption --twoxs\">La carne fue el principal factor que explic\u00f3 la suba de los alimentos.<\/span><span class=\"com-text --credit --twoxs\">Tony Gutierrez &#8211; AP<\/span><\/figcaption><\/figure>\n<\/section>\n<\/div>\n<p class=\"com-paragraph   --s\">El Indec difundir\u00e1 el jueves a las 16 el dato de inflaci\u00f3n nacional de febrero. Seg\u00fan el Relevamiento de Expectativas de Mercado (REM), la encuesta que cada mes realiza el Banco Central entre bancos y consultoras locales, <strong>el IPC del mes pasado habr\u00eda cerrado en el 2,7%.<\/strong><\/p>\n<p class=\"com-paragraph   --s\"><strong>Empiria Consultores, <\/strong>la firma dirigida por el exministro de Econom\u00eda Hern\u00e1n Lacunza, estim\u00f3 una inflaci\u00f3n de <strong>2,5%, <\/strong>mientras que <strong>Econviews, <\/strong>la consultora que lidera Miguel Kiguel, pronostic\u00f3 un <strong>2,4%. <\/strong>\u201cVemos cierta desaceleraci\u00f3n en alimentos, mientras que <a href=\"https:\/\/www.lanacion.com.ar\/economia\/la-inflacion-de-febrero-seria-similar-a-la-de-enero-y-recien-cederia-en-abril-nid27022026\/\" target=\"_self\" title=\"https:\/\/www.lanacion.com.ar\/economia\/la-inflacion-de-febrero-seria-similar-a-la-de-enero-y-recien-cederia-en-abril-nid27022026\/\" class=\"com-link break-word\" data-mrf-recirculation=\"n_link_parrafo\"><strong>los regulados deber\u00edan presionar m\u00e1s\u201d, dijo a LA NACION Alejandro Giacoia,<\/strong><\/a> economista de la firma.<\/p>\n<section class=\"container-center-100 mb-40 border border-bottom border-thin border-neutral-light-700\">\n<hr\/>\n<\/section>\n<\/div>\n","protected":false},"excerpt":{"rendered":"<p>Tras la aceleraci\u00f3n que hab\u00eda marcado en enero, cuando lleg\u00f3 al 3,1% mensual, la inflaci\u00f3n porte\u00f1a en febrero retrocedi\u00f3 y se ubic\u00f3 en el 2,6% mensual. De esta manera, interrumpi\u00f3 una serie de cinco meses consecutivos con suba en el dato mensual. La ca\u00edda de 0,5 puntos porcentuales en el Ipcba se explica en parte [&hellip;]<\/p>\n","protected":false},"author":2,"featured_media":228585,"comment_status":"closed","ping_status":"closed","sticky":false,"template":"","format":"standard","meta":{"footnotes":""},"categories":[28],"tags":[],"class_list":["post-228584","post","type-post","status-publish","format-standard","has-post-thumbnail","hentry","category-economia"],"_links":{"self":[{"href":"https:\/\/radioacuariofm.com.ar\/index.php?rest_route=\/wp\/v2\/posts\/228584","targetHints":{"allow":["GET"]}}],"collection":[{"href":"https:\/\/radioacuariofm.com.ar\/index.php?rest_route=\/wp\/v2\/posts"}],"about":[{"href":"https:\/\/radioacuariofm.com.ar\/index.php?rest_route=\/wp\/v2\/types\/post"}],"author":[{"embeddable":true,"href":"https:\/\/radioacuariofm.com.ar\/index.php?rest_route=\/wp\/v2\/users\/2"}],"replies":[{"embeddable":true,"href":"https:\/\/radioacuariofm.com.ar\/index.php?rest_route=%2Fwp%2Fv2%2Fcomments&post=228584"}],"version-history":[{"count":1,"href":"https:\/\/radioacuariofm.com.ar\/index.php?rest_route=\/wp\/v2\/posts\/228584\/revisions"}],"predecessor-version":[{"id":228586,"href":"https:\/\/radioacuariofm.com.ar\/index.php?rest_route=\/wp\/v2\/posts\/228584\/revisions\/228586"}],"wp:featuredmedia":[{"embeddable":true,"href":"https:\/\/radioacuariofm.com.ar\/index.php?rest_route=\/wp\/v2\/media\/228585"}],"wp:attachment":[{"href":"https:\/\/radioacuariofm.com.ar\/index.php?rest_route=%2Fwp%2Fv2%2Fmedia&parent=228584"}],"wp:term":[{"taxonomy":"category","embeddable":true,"href":"https:\/\/radioacuariofm.com.ar\/index.php?rest_route=%2Fwp%2Fv2%2Fcategories&post=228584"},{"taxonomy":"post_tag","embeddable":true,"href":"https:\/\/radioacuariofm.com.ar\/index.php?rest_route=%2Fwp%2Fv2%2Ftags&post=228584"}],"curies":[{"name":"wp","href":"https:\/\/api.w.org\/{rel}","templated":true}]}}