{"id":228557,"date":"2026-03-09T11:12:11","date_gmt":"2026-03-09T14:12:11","guid":{"rendered":"https:\/\/radioacuariofm.com.ar\/?p=228557"},"modified":"2026-03-09T11:12:13","modified_gmt":"2026-03-09T14:12:13","slug":"capacitan-para-la-formacion-de-nuevas-cooperativas-y-mutuales-en-jachal","status":"publish","type":"post","link":"https:\/\/radioacuariofm.com.ar\/?p=228557","title":{"rendered":"Capacitan para la formaci\u00f3n de nuevas cooperativas y mutuales en J\u00e1chal"},"content":{"rendered":"<p><\/p>\n<div>\n<p>Integrantes de los equipos t\u00e9cnicos de la Direcci\u00f3n de Asociativismo del Ministerio de Familia y Desarrollo Humano, llegar\u00e1n a J\u00e1chal para dar una capacitaci\u00f3n y responder a la demanda de un grupo de interesados que buscan formar entidades asociativas para fomentar el trabajo en equipo y para ofrecer adem\u00e1s servicios a la comunidad.<\/p>\n<p>Con esta actividad, se busca promocionar y fortalecer el desarrollo cooperativo y mutualista en la provincia, como alternativas para generar empleo genuino.<strong> La charla ser\u00e1 el martes 10 de marzo, a partir de las 9:30 horas, en la sede del INTA, ubicada en calle Rivadavia 606, esquina Sarmiento, en San Jos\u00e9 de J\u00e1chal.<\/strong><\/p>\n<p>Adem\u00e1s de compartir conceptos y explicar alcances de mutuales y cooperativas, se va a trabajar sobre qu\u00e9 tipo de entidad podr\u00edan formar en base a sus intereses y las actividades en las que se van a enfocar cada grupo.<\/p>\n<p>Por otra parte, el 19 de marzo, desde las 15 horas, en el sal\u00f3n del Consejo Profesional de Ciencias Econ\u00f3micas de San Juan, ubicado en calle Suipacha 377 sur, Capital, habr\u00e1 otra jornada de capacitaci\u00f3n a cargo de los profesionales de la Direcci\u00f3n de Asociativismo y tambi\u00e9n de los miembros del \u00e1rea t\u00e9cnica del CPCE que tienen en sus manos la evaluaci\u00f3n y aprobaci\u00f3n de los balances.<\/p>\n<p>Adem\u00e1s, se explicar sobre las nuevas resoluciones y exigencias del Instituto Nacional de Asociativismo y Econom\u00eda Social (INAES), se va a poner el foco en el trabajo puntual que deben hacer los contadores y otros matriculados para responder a las necesidades propias del funcionamiento administrativo contable del sector. La intenci\u00f3n es incentivar a que m\u00e1s profesionales se interesen y aboquen en especializarse en cooperativas y mutuales.<\/p>\n<p><strong>En ambas iniciativas, los interesados deben concurrir directamente a la hora de la cita, sin necesidad de hacer una preinscripci\u00f3n.<\/strong><\/p>\n<\/p><\/div>\n<p><script async defer crossorigin=\"anonymous\" src=\"https:\/\/connect.facebook.net\/es_ES\/sdk.js#xfbml=1&#038;version=v3.3\"><\/script><\/p>\n","protected":false},"excerpt":{"rendered":"<p>Integrantes de los equipos t\u00e9cnicos de la Direcci\u00f3n de Asociativismo del Ministerio de Familia y Desarrollo Humano, llegar\u00e1n a J\u00e1chal para dar una capacitaci\u00f3n y responder a la demanda de un grupo de interesados que buscan formar entidades asociativas para fomentar el trabajo en equipo y para ofrecer adem\u00e1s servicios a la comunidad. Con esta [&hellip;]<\/p>\n","protected":false},"author":2,"featured_media":228558,"comment_status":"closed","ping_status":"closed","sticky":false,"template":"","format":"standard","meta":{"footnotes":""},"categories":[27],"tags":[],"class_list":["post-228557","post","type-post","status-publish","format-standard","has-post-thumbnail","hentry","category-san-juan"],"_links":{"self":[{"href":"https:\/\/radioacuariofm.com.ar\/index.php?rest_route=\/wp\/v2\/posts\/228557","targetHints":{"allow":["GET"]}}],"collection":[{"href":"https:\/\/radioacuariofm.com.ar\/index.php?rest_route=\/wp\/v2\/posts"}],"about":[{"href":"https:\/\/radioacuariofm.com.ar\/index.php?rest_route=\/wp\/v2\/types\/post"}],"author":[{"embeddable":true,"href":"https:\/\/radioacuariofm.com.ar\/index.php?rest_route=\/wp\/v2\/users\/2"}],"replies":[{"embeddable":true,"href":"https:\/\/radioacuariofm.com.ar\/index.php?rest_route=%2Fwp%2Fv2%2Fcomments&post=228557"}],"version-history":[{"count":1,"href":"https:\/\/radioacuariofm.com.ar\/index.php?rest_route=\/wp\/v2\/posts\/228557\/revisions"}],"predecessor-version":[{"id":228559,"href":"https:\/\/radioacuariofm.com.ar\/index.php?rest_route=\/wp\/v2\/posts\/228557\/revisions\/228559"}],"wp:featuredmedia":[{"embeddable":true,"href":"https:\/\/radioacuariofm.com.ar\/index.php?rest_route=\/wp\/v2\/media\/228558"}],"wp:attachment":[{"href":"https:\/\/radioacuariofm.com.ar\/index.php?rest_route=%2Fwp%2Fv2%2Fmedia&parent=228557"}],"wp:term":[{"taxonomy":"category","embeddable":true,"href":"https:\/\/radioacuariofm.com.ar\/index.php?rest_route=%2Fwp%2Fv2%2Fcategories&post=228557"},{"taxonomy":"post_tag","embeddable":true,"href":"https:\/\/radioacuariofm.com.ar\/index.php?rest_route=%2Fwp%2Fv2%2Ftags&post=228557"}],"curies":[{"name":"wp","href":"https:\/\/api.w.org\/{rel}","templated":true}]}}