{"id":228551,"date":"2026-03-09T10:19:51","date_gmt":"2026-03-09T13:19:51","guid":{"rendered":"https:\/\/radioacuariofm.com.ar\/?p=228551"},"modified":"2026-03-09T10:19:53","modified_gmt":"2026-03-09T13:19:53","slug":"educacion-realizara-el-operativo-de-reubicacion-de-estudiantes-secundarios","status":"publish","type":"post","link":"https:\/\/radioacuariofm.com.ar\/?p=228551","title":{"rendered":"Educaci\u00f3n realizar\u00e1 el operativo de reubicaci\u00f3n de estudiantes secundarios"},"content":{"rendered":"<p><\/p>\n<div>\n<p>El Ministerio de Educaci\u00f3n informa que del 16 al 19 de marzo se llevar\u00e1 adelante el operativo de reubicaci\u00f3n de estudiantes de 1\u00b0 a 6\u00b0 a\u00f1o de nivel secundario, destinado a quienes necesiten vacante para el Ciclo Lectivo 2026.<\/p>\n<p>La actividad se desarrollar\u00e1 en el Centro de Convenciones, de 8 a 15; en tanto que para una mejor organizaci\u00f3n se entregar\u00e1n n\u00fameros de atenci\u00f3n de 8 a 11,30.<\/p>\n<p><strong>Reubicaci\u00f3n de estudiantes de escuelas de Educaci\u00f3n Secundaria Orientada y Art\u00edstica<\/strong><\/p>\n<p>El cronograma por departamentos ser\u00e1 el siguiente:<\/p>\n<p>-16 de marzo: Capital, Santa Luc\u00eda, Caucete y 9 de Julio.<\/p>\n<p>-17 de marzo: Rawson, Pocito, Sarmiento, 25 de Mayo y San Mart\u00edn.<\/p>\n<p>-18 de marzo: Chimbas, Rivadavia, Zonda, Angaco y Albard\u00f3n.<\/p>\n<p>En cada jornada se ofrecer\u00e1n las vacantes disponibles en las escuelas de los departamentos asignados, seg\u00fan el cronograma establecido.<\/p>\n<p><strong>Reubicaci\u00f3n de estudiantes provenientes de Educaci\u00f3n T\u00e9cnica y Educaci\u00f3n Privada<\/strong><\/p>\n<p>-19 de marzo en el Centro de Convenciones.<\/p>\n<p>Horario: 8 a 15.<\/p>\n<p><strong>Documentaci\u00f3n requerida<\/strong><\/p>\n<p>Las familias deber\u00e1n concurrir con la siguiente documentaci\u00f3n:<\/p>\n<p>-Copia del DNI actualizado del estudiante.<\/p>\n<p>-DNI del padre, madre o tutor que asista al tr\u00e1mite.<\/p>\n<p><em>Para inscripci\u00f3n a 1\u00b0 a\u00f1o:<\/em><\/p>\n<p>-Libreta de 6\u00b0 grado.<\/p>\n<p><em>Para inscripci\u00f3n de 2\u00b0 a 6\u00b0 a\u00f1o:<\/em><\/p>\n<p>-Certificado original de la \u00faltima escuela en la que curs\u00f3, donde consten las materias que adeuda.<\/p>\n<\/p><\/div>\n<p><script async defer crossorigin=\"anonymous\" src=\"https:\/\/connect.facebook.net\/es_ES\/sdk.js#xfbml=1&#038;version=v3.3\"><\/script><\/p>\n","protected":false},"excerpt":{"rendered":"<p>El Ministerio de Educaci\u00f3n informa que del 16 al 19 de marzo se llevar\u00e1 adelante el operativo de reubicaci\u00f3n de estudiantes de 1\u00b0 a 6\u00b0 a\u00f1o de nivel secundario, destinado a quienes necesiten vacante para el Ciclo Lectivo 2026. La actividad se desarrollar\u00e1 en el Centro de Convenciones, de 8 a 15; en tanto que [&hellip;]<\/p>\n","protected":false},"author":2,"featured_media":228552,"comment_status":"closed","ping_status":"closed","sticky":false,"template":"","format":"standard","meta":{"footnotes":""},"categories":[27],"tags":[],"class_list":["post-228551","post","type-post","status-publish","format-standard","has-post-thumbnail","hentry","category-san-juan"],"_links":{"self":[{"href":"https:\/\/radioacuariofm.com.ar\/index.php?rest_route=\/wp\/v2\/posts\/228551","targetHints":{"allow":["GET"]}}],"collection":[{"href":"https:\/\/radioacuariofm.com.ar\/index.php?rest_route=\/wp\/v2\/posts"}],"about":[{"href":"https:\/\/radioacuariofm.com.ar\/index.php?rest_route=\/wp\/v2\/types\/post"}],"author":[{"embeddable":true,"href":"https:\/\/radioacuariofm.com.ar\/index.php?rest_route=\/wp\/v2\/users\/2"}],"replies":[{"embeddable":true,"href":"https:\/\/radioacuariofm.com.ar\/index.php?rest_route=%2Fwp%2Fv2%2Fcomments&post=228551"}],"version-history":[{"count":1,"href":"https:\/\/radioacuariofm.com.ar\/index.php?rest_route=\/wp\/v2\/posts\/228551\/revisions"}],"predecessor-version":[{"id":228553,"href":"https:\/\/radioacuariofm.com.ar\/index.php?rest_route=\/wp\/v2\/posts\/228551\/revisions\/228553"}],"wp:featuredmedia":[{"embeddable":true,"href":"https:\/\/radioacuariofm.com.ar\/index.php?rest_route=\/wp\/v2\/media\/228552"}],"wp:attachment":[{"href":"https:\/\/radioacuariofm.com.ar\/index.php?rest_route=%2Fwp%2Fv2%2Fmedia&parent=228551"}],"wp:term":[{"taxonomy":"category","embeddable":true,"href":"https:\/\/radioacuariofm.com.ar\/index.php?rest_route=%2Fwp%2Fv2%2Fcategories&post=228551"},{"taxonomy":"post_tag","embeddable":true,"href":"https:\/\/radioacuariofm.com.ar\/index.php?rest_route=%2Fwp%2Fv2%2Ftags&post=228551"}],"curies":[{"name":"wp","href":"https:\/\/api.w.org\/{rel}","templated":true}]}}