{"id":228545,"date":"2026-03-09T09:26:57","date_gmt":"2026-03-09T12:26:57","guid":{"rendered":"https:\/\/radioacuariofm.com.ar\/?p=228545"},"modified":"2026-03-09T09:26:58","modified_gmt":"2026-03-09T12:26:58","slug":"marcelo-orrego-consolida-los-terminos-de-un-acuerdo-integral-con-autoridades-de-vicuna-corp-en-canada","status":"publish","type":"post","link":"https:\/\/radioacuariofm.com.ar\/?p=228545","title":{"rendered":"Marcelo Orrego consolida los t\u00e9rminos de un acuerdo integral con autoridades de Vicu\u00f1a Corp en Canad\u00e1"},"content":{"rendered":"<p><\/p>\n<div>\n<p>El gobernador de Marcelo Orrego se encuentra en Vancouver desarrollando una agenda institucional vinculada al fortalecimiento de inversiones mineras estrat\u00e9gicas para la provincia de San Juan.<\/p>\n<p>En ese marco, mantuvo un encuentro en las oficinas de Vicu\u00f1a Corp donde se avanz\u00f3 en la consolidaci\u00f3n de los t\u00e9rminos de un acuerdo integral entre la compa\u00f1\u00eda y el Gobierno provincial.<\/p>\n<p>El resultado de esta reuni\u00f3n es fruto de un proceso de varios meses de conversaciones y articulaci\u00f3n p\u00fablico-privada orientado a acompa\u00f1ar el desarrollo del proyecto Vicu\u00f1a y, al mismo tiempo, generar beneficios concretos para la provincia.<\/p>\n<p>El acuerdo contempla inversiones en infraestructura de soporte y de uso p\u00fablico que la empresa construir\u00e1 para el desarrollo del proyecto. Estas obras estar\u00e1n vinculadas al funcionamiento de la actividad minera, pero tambi\u00e9n aportar\u00e1n mejoras que podr\u00e1n ser aprovechadas por la comunidad.<\/p>\n<p>Adem\u00e1s, el entendimiento incluye inversiones en obra p\u00fablica provincial que el Gobierno de San Juan ejecutar\u00e1 con recursos aportados por la compa\u00f1\u00eda. Estas obras estar\u00e1n destinadas a fortalecer la infraestructura que requiere el sector minero, pero tambi\u00e9n beneficiar\u00e1n a otros sectores productivos de la provincia.<\/p>\n<p>Todo este esquema se desarrollar\u00e1 bajo un marco de estabilidad de regal\u00edas para el proyecto Vicu\u00f1a, condici\u00f3n que permitir\u00e1 impulsar su desarrollo y avanzar hacia la etapa de construcci\u00f3n.<\/p>\n<p>Tras el encuentro, los equipos t\u00e9cnicos y legales del Gobierno provincial continuar\u00e1n trabajando junto a la empresa para finalizar la redacci\u00f3n y los detalles de los documentos que dar\u00e1n forma al acuerdo definitivo, cuya firma formal est\u00e1 prevista en las pr\u00f3ximas semanas en San Juan.<\/p>\n<p>Por otro lado, como parte de su agenda en Vancouver, el gobernador tambi\u00e9n mantuvo una reuni\u00f3n con Jack Lundin, uno de los referentes del grupo global Lundin Group, con quien dialog\u00f3 sobre el avance de los proyectos mineros que se desarrollan en la provincia y las perspectivas de inversi\u00f3n para los pr\u00f3ximos a\u00f1os.<\/p>\n<\/p><\/div>\n<p><script async defer crossorigin=\"anonymous\" src=\"https:\/\/connect.facebook.net\/es_ES\/sdk.js#xfbml=1&#038;version=v3.3\"><\/script><\/p>\n","protected":false},"excerpt":{"rendered":"<p>El gobernador de Marcelo Orrego se encuentra en Vancouver desarrollando una agenda institucional vinculada al fortalecimiento de inversiones mineras estrat\u00e9gicas para la provincia de San Juan. En ese marco, mantuvo un encuentro en las oficinas de Vicu\u00f1a Corp donde se avanz\u00f3 en la consolidaci\u00f3n de los t\u00e9rminos de un acuerdo integral entre la compa\u00f1\u00eda y [&hellip;]<\/p>\n","protected":false},"author":2,"featured_media":228546,"comment_status":"closed","ping_status":"closed","sticky":false,"template":"","format":"standard","meta":{"footnotes":""},"categories":[27],"tags":[],"class_list":["post-228545","post","type-post","status-publish","format-standard","has-post-thumbnail","hentry","category-san-juan"],"_links":{"self":[{"href":"https:\/\/radioacuariofm.com.ar\/index.php?rest_route=\/wp\/v2\/posts\/228545","targetHints":{"allow":["GET"]}}],"collection":[{"href":"https:\/\/radioacuariofm.com.ar\/index.php?rest_route=\/wp\/v2\/posts"}],"about":[{"href":"https:\/\/radioacuariofm.com.ar\/index.php?rest_route=\/wp\/v2\/types\/post"}],"author":[{"embeddable":true,"href":"https:\/\/radioacuariofm.com.ar\/index.php?rest_route=\/wp\/v2\/users\/2"}],"replies":[{"embeddable":true,"href":"https:\/\/radioacuariofm.com.ar\/index.php?rest_route=%2Fwp%2Fv2%2Fcomments&post=228545"}],"version-history":[{"count":1,"href":"https:\/\/radioacuariofm.com.ar\/index.php?rest_route=\/wp\/v2\/posts\/228545\/revisions"}],"predecessor-version":[{"id":228547,"href":"https:\/\/radioacuariofm.com.ar\/index.php?rest_route=\/wp\/v2\/posts\/228545\/revisions\/228547"}],"wp:featuredmedia":[{"embeddable":true,"href":"https:\/\/radioacuariofm.com.ar\/index.php?rest_route=\/wp\/v2\/media\/228546"}],"wp:attachment":[{"href":"https:\/\/radioacuariofm.com.ar\/index.php?rest_route=%2Fwp%2Fv2%2Fmedia&parent=228545"}],"wp:term":[{"taxonomy":"category","embeddable":true,"href":"https:\/\/radioacuariofm.com.ar\/index.php?rest_route=%2Fwp%2Fv2%2Fcategories&post=228545"},{"taxonomy":"post_tag","embeddable":true,"href":"https:\/\/radioacuariofm.com.ar\/index.php?rest_route=%2Fwp%2Fv2%2Ftags&post=228545"}],"curies":[{"name":"wp","href":"https:\/\/api.w.org\/{rel}","templated":true}]}}