{"id":228536,"date":"2026-03-09T08:10:52","date_gmt":"2026-03-09T11:10:52","guid":{"rendered":"https:\/\/radioacuariofm.com.ar\/?p=228536"},"modified":"2026-03-09T08:10:53","modified_gmt":"2026-03-09T11:10:53","slug":"belgica-denuncio-un-acto-antisemita-tras-una-explosion-frente-a-una-sinagoga","status":"publish","type":"post","link":"https:\/\/radioacuariofm.com.ar\/?p=228536","title":{"rendered":"B\u00e9lgica denunci\u00f3 un \u201cacto antisemita\u201d tras una explosi\u00f3n frente a una sinagoga"},"content":{"rendered":"<p> <br \/>\n<\/p>\n<div>\n<p class=\"com-paragraph  --capital --s\">BRUSELAS.- <strong>B\u00e9lgica<\/strong> denunci\u00f3 un <strong>\u201cacto antisemita abyecto\u201d<\/strong> despu\u00e9s de que se produjera una <strong>explosi\u00f3n<\/strong>, la madrugada de este lunes, <strong>delante de una sinagoga de Lieja<\/strong>, en el este del pa\u00eds. El estallido ocurri\u00f3 delante del templo y no caus\u00f3 heridos,<strong> \u201cs\u00f3lo da\u00f1os materiales\u201d<\/strong>, indic\u00f3 en un comunicado un portavoz de la polic\u00eda local.<\/p>\n<p class=\"com-paragraph   --s\">La fuerza de la explosi\u00f3n, que tuvo lugar alrededor de las 4 de la madrugada (hora local), provoc\u00f3 que se rompieran las ventanas de los edificios situados frente a la sinagoga. <strong>\u201cEs un acto antisemita abyecto que apuntaba directamente a la comunidad jud\u00eda de B\u00e9lgica\u201d<\/strong>, se\u00f1al\u00f3 en X el ministro del Interior, <strong>Bernard Quintin<\/strong>. \u201cLa Fiscal\u00eda federal inici\u00f3 la investigaci\u00f3n judicial. Se seguir\u00e1n reforzando las medidas de seguridad alrededor de lugares similares\u201d, agreg\u00f3 el funcionario.<\/p>\n<p class=\"com-paragraph   --s\">Por su parte, el alcalde de Lieja, Willy Demeyer, dijo a la emisora p\u00fablica RTBF que \u201ctodo esto es intencionado y dirigido\u201d. \u201cCondenamos este acto antisemita lo m\u00e1s fuertemente posible\u201d, marc\u00f3.<strong> \u201cNo podemos permitir que se importen conflictos extranjeros a nuestra ciudad\u201d<\/strong>, declar\u00f3 en lo que ser\u00eda una aparente alusi\u00f3n a la <strong>guerra en Medio Oriente<\/strong>. <\/p>\n<p class=\"com-paragraph   --s\">Las fuerzas de seguridad establecieron un per\u00edmetro de seguridad para facilitar las labores de<strong> investigaci\u00f3n de un equipo especializado en antiterrorismo<\/strong>.<\/p>\n<div class=\"content-media\">\n<section role=\"button\" class=\"mod-media   \">\n<figure role=\"button\" class=\"mod-figure \"><figcaption class=\"mod-figcaption\"><span class=\"com-text --caption --twoxs\">B\u00e9lgica denunci\u00f3 un \u201cacto antisemita\u201d luego de la explosi\u00f3n frente a una sinagoga.<\/span><span class=\"com-text --credit --twoxs\">Valentin Bianchi  &#8211; AP <\/span><\/figcaption><\/figure>\n<\/section>\n<\/div>\n<p class=\"com-paragraph   --s\">Eitan Bergman, vicepresidente del Comit\u00e9 Coordinador de Organizaciones Jud\u00edas en B\u00e9lgica, dijo que el ataque contra la sinagoga era profundamente impactante. \u201cLieja es el hogar de una comunidad jud\u00eda muy peque\u00f1a, pero muy activa, donde yo mismo crec\u00ed. Hoy, los sentimientos entre los miembros de nuestra comunidad son una mezcla de tristeza, preocupaci\u00f3n y profunda conmoci\u00f3n\u201d, dijo a la agencia <em>Reuters<\/em>.<\/p>\n<div class=\"content-media\">\n<section role=\"button\" class=\"mod-media   \">\n<figure role=\"button\" class=\"mod-figure \"><figcaption class=\"mod-figcaption\"><span class=\"com-text --caption --twoxs\">B\u00e9lgica denunci\u00f3 un \u201cacto antisemita\u201d luego de la explosi\u00f3n frente a una sinagoga.<\/span><span class=\"com-text --credit --twoxs\">Valentin Bianchi  &#8211; AP <\/span><\/figcaption><\/figure>\n<\/section>\n<\/div>\n<div class=\"content-media\">\n<section role=\"button\" class=\"mod-media   \">\n<figure role=\"button\" class=\"mod-figure \"><figcaption class=\"mod-figcaption\"><span class=\"com-text --caption --twoxs\">B\u00e9lgica denunci\u00f3 un \u201cacto antisemita\u201d luego de la explosi\u00f3n frente a una sinagoga.<\/span><span class=\"com-text --credit --twoxs\">Valentin Bianchi  &#8211; AP <\/span><\/figcaption><\/figure>\n<\/section>\n<\/div>\n<p class=\"com-paragraph   --s\"><strong>Construida en 1899, la sinagoga alberga tambi\u00e9n un museo de la historia de la comunidad jud\u00eda de Lieja<\/strong>, seg\u00fan su p\u00e1gina web. La comunidad jud\u00eda de B\u00e9lgica tiene unas 50.000 personas, residentes sobre todo en Amberes y Bruselas.<\/p>\n<p class=\"com-paragraph   --s\"><em>Con informaci\u00f3n de las agencias AFP y Reuters<\/em><\/p>\n<section class=\"container-center-100 mb-40 border border-bottom border-thin border-neutral-light-700\">\n<hr\/>\n<\/section>\n<\/div>\n\n","protected":false},"excerpt":{"rendered":"<p>BRUSELAS.- B\u00e9lgica denunci\u00f3 un \u201cacto antisemita abyecto\u201d despu\u00e9s de que se produjera una explosi\u00f3n, la madrugada de este lunes, delante de una sinagoga de Lieja, en el este del pa\u00eds. El estallido ocurri\u00f3 delante del templo y no caus\u00f3 heridos, \u201cs\u00f3lo da\u00f1os materiales\u201d, indic\u00f3 en un comunicado un portavoz de la polic\u00eda local. La fuerza [&hellip;]<\/p>\n","protected":false},"author":2,"featured_media":228537,"comment_status":"closed","ping_status":"closed","sticky":false,"template":"","format":"standard","meta":{"footnotes":""},"categories":[1],"tags":[],"class_list":["post-228536","post","type-post","status-publish","format-standard","has-post-thumbnail","hentry","category-uncategorized"],"_links":{"self":[{"href":"https:\/\/radioacuariofm.com.ar\/index.php?rest_route=\/wp\/v2\/posts\/228536","targetHints":{"allow":["GET"]}}],"collection":[{"href":"https:\/\/radioacuariofm.com.ar\/index.php?rest_route=\/wp\/v2\/posts"}],"about":[{"href":"https:\/\/radioacuariofm.com.ar\/index.php?rest_route=\/wp\/v2\/types\/post"}],"author":[{"embeddable":true,"href":"https:\/\/radioacuariofm.com.ar\/index.php?rest_route=\/wp\/v2\/users\/2"}],"replies":[{"embeddable":true,"href":"https:\/\/radioacuariofm.com.ar\/index.php?rest_route=%2Fwp%2Fv2%2Fcomments&post=228536"}],"version-history":[{"count":1,"href":"https:\/\/radioacuariofm.com.ar\/index.php?rest_route=\/wp\/v2\/posts\/228536\/revisions"}],"predecessor-version":[{"id":228538,"href":"https:\/\/radioacuariofm.com.ar\/index.php?rest_route=\/wp\/v2\/posts\/228536\/revisions\/228538"}],"wp:featuredmedia":[{"embeddable":true,"href":"https:\/\/radioacuariofm.com.ar\/index.php?rest_route=\/wp\/v2\/media\/228537"}],"wp:attachment":[{"href":"https:\/\/radioacuariofm.com.ar\/index.php?rest_route=%2Fwp%2Fv2%2Fmedia&parent=228536"}],"wp:term":[{"taxonomy":"category","embeddable":true,"href":"https:\/\/radioacuariofm.com.ar\/index.php?rest_route=%2Fwp%2Fv2%2Fcategories&post=228536"},{"taxonomy":"post_tag","embeddable":true,"href":"https:\/\/radioacuariofm.com.ar\/index.php?rest_route=%2Fwp%2Fv2%2Ftags&post=228536"}],"curies":[{"name":"wp","href":"https:\/\/api.w.org\/{rel}","templated":true}]}}