{"id":228533,"date":"2026-03-09T08:08:59","date_gmt":"2026-03-09T11:08:59","guid":{"rendered":"https:\/\/radioacuariofm.com.ar\/?p=228533"},"modified":"2026-03-09T08:09:01","modified_gmt":"2026-03-09T11:09:01","slug":"en-el-dia-de-la-mujer-maribel-aguirre-gano-la-vuelta-a-san-juan-damas-2026","status":"publish","type":"post","link":"https:\/\/radioacuariofm.com.ar\/?p=228533","title":{"rendered":"En el d\u00eda de la mujer, Maribel Aguirre gan\u00f3 la Vuelta a San Juan Damas 2026"},"content":{"rendered":"<p><\/p>\n<div>\n<p align=\"justify\"><span style=\"font-family: Calibri, sans-serif;\">El clima agradable, con cielo cubierto fue una buena compa\u00f1\u00eda para las 114 ciclistas que, en el d\u00eda de la mujer, encararon la quinta y \u00faltima etapa de la <b>Vuelta a San Juan Damas 2026<\/b>, disputada \u00edntegramente en el anillo de la Avenida de circunvalaci\u00f3n, recorri\u00e9ndolas en seis oportunidades.<\/span><\/p>\n<p align=\"justify\"><span style=\"font-family: Calibri, sans-serif;\">La sanjuanina <b>Maribel Aguirre <\/b>llegaba en la punta de la clasificaci\u00f3n general y sab\u00eda que controlando las acciones junto a sus compa\u00f1eras de equipo era muy dif\u00edcil que se les escapara lo que para ella era un sue\u00f1o: ganar la <b>Vuelta a San Juan<\/b>.<\/span><\/p>\n<p align=\"justify\"><span style=\"font-family: Calibri, sans-serif;\">La edici\u00f3n 2026 de la Vuelta a San Juan en Damas cont\u00f3 con la organizaci\u00f3n de la <strong>Fundaci\u00f3n Planeta Ram\u00edrez<\/strong>, la fiscalizaci\u00f3n de la <strong>Federaci\u00f3n Argentina de Pista y Ruta<\/strong>, y el auspicio del <strong>Gobierno de San Juan,<\/strong> recorriendo 96 kil\u00f3metros en la \u00faltima etapa. <\/span><span style=\"font-family: Calibri, sans-serif;\">P<\/span><span style=\"font-family: Calibri, sans-serif;\">ara la pr\u00f3xima edici\u00f3n, los organizadores piensan en fines de enero o principios de febrero para la tercera edici\u00f3n, a la que le sumar\u00edan una etapa m\u00e1s.<\/span><\/p>\n<p align=\"justify\"><span style=\"font-family: Calibri, sans-serif;\">P<\/span><span style=\"font-family: Calibri, sans-serif;\">resenciando la \u00faltima etapa y acompa\u00f1ando a las chicas estuvo presente el <\/span><span style=\"font-family: Calibri, sans-serif;\">ministro de Turismo, Cultura y Deporte, Guido Romero; el secretario de Deporte, Pablo Tabachnik, el presidente de la Agencia Deportes San Juan, Pablo Aubone; director de la Agencia Deportes San Juan, Sebasti\u00e1n Barroso; <\/span><span style=\"font-family: Calibri, sans-serif;\">intendenta de la Municipalidad de Capital, Susana Laciar <\/span><span style=\"font-family: Calibri, sans-serif;\">y funcionarios de la Secretar\u00eda de Deporte.<\/span><\/p>\n<p align=\"justify\"><span style=\"font-family: Calibri, sans-serif;\">P<\/span><span style=\"font-family: Calibri, sans-serif;\">rofetisa en su tierra, <\/span><span style=\"font-family: Calibri, sans-serif;\">Maribel Aguirre<\/span><span style=\"font-family: Calibri, sans-serif;\">, ganadora de la Vuelta, al finalizar la competencia dijo: \u201cLa verdad es que estoy muy feliz de haber podido lograr este objetivo, un sue\u00f1o, ganar la vuelta. Creo que me lo propuse como revancha. El a\u00f1o pasado me toc\u00f3 ser segunda, pero bueno, esto es lo lindo del ciclismo que te da revancha. Y hoy puedo estar festejando de esta manera, junto a un gran equipo que me ha respaldado. <\/span><span style=\"font-family: Calibri, sans-serif;\">M<\/span><span style=\"font-family: Calibri, sans-serif;\">e lo puse como objetivo y quer\u00eda regalarle este triunfo a toda la gente de San Juan <\/span><span style=\"font-family: Calibri, sans-serif;\">y<\/span><span style=\"font-family: Calibri, sans-serif;\"> que el triunfo qued<\/span><span style=\"font-family: Calibri, sans-serif;\">ara<\/span><span style=\"font-family: Calibri, sans-serif;\"> en casa es lo m\u00e1s lindo y que gracias por apostar al ciclismo femenino a nuestra provincia y nada; esto no lo logr\u00e9 sola logr\u00e9 gracias a un gran equipo y mis compa\u00f1eras que dejaron la piel cada d\u00eda y que siempre voy a dar todo para dejar a San Juan de la mejor manera, donde me toque estar. <\/span><span style=\"font-family: Calibri, sans-serif;\">L<\/span><span style=\"font-family: Calibri, sans-serif;\">a verdad que si<\/span><span style=\"font-family: Calibri, sans-serif;\">n<\/span><span style=\"font-family: Calibri, sans-serif;\"> mi familia no podr\u00eda estar ac\u00e1, as\u00ed que todo se lo debo a ellos por bancarme d\u00eda a d\u00eda y <\/span><span style=\"font-family: Calibri, sans-serif;\">deseo <\/span><span style=\"font-family: Calibri, sans-serif;\">un feliz d\u00eda de la mujer a todas, que somos unas luchadoras de la vida, as\u00ed que un feliz d\u00eda y gracias por tanto cari\u00f1o y tanto aliento a todo el pueblo sanjuanino\u201d. <\/span><\/p>\n<p align=\"left\"><span style=\"font-family: Calibri, sans-serif;\"><b>Podios etapa y general por categor\u00eda Vuelta a San Juan Damas 2026<\/b><\/span><span style=\"font-family: Calibri, sans-serif;\"\/><\/p>\n<p><span style=\"font-family: Calibri, sans-serif;\"><b>Clasificaci\u00f3n <\/b><\/span><span style=\"font-family: Calibri, sans-serif;\"><b>5\u00aa<\/b><\/span><span style=\"font-family: Calibri, sans-serif;\"><b> etapa<\/b><\/span><span style=\"font-family: Calibri, sans-serif;\"><br \/>1- Ana G\u00f3mez Seijas<br \/>2- Sof\u00eda Martelli<br \/>3- Paola Silva Wynants<\/span><\/p>\n<p><span style=\"font-family: Calibri, sans-serif;\"><b>Clasificaci\u00f3n Junior Etapa<\/b><\/span><span style=\"font-family: Calibri, sans-serif;\"><br \/>1- P\u00eda Manzano<br \/>2- Zoe Quiroga <br \/>3- Abril Azimonti<\/span><\/p>\n<p><span style=\"font-family: Calibri, sans-serif;\"><b>Clasificador +45 etapa<\/b><\/span><span style=\"font-family: Calibri, sans-serif;\"><br \/>1- Graciela Z\u00e1rate <br \/>2- Romina Bertolini<br \/>3- Ana Arias<\/span><\/p>\n<p align=\"left\"><span style=\"font-family: Calibri, sans-serif;\"><b>Clasificaci\u00f3n <\/b><\/span><span style=\"font-family: Calibri, sans-serif;\"><b>General<\/b><\/span><span style=\"font-family: Calibri, sans-serif;\"><br \/>1- Maribel Aguirre<br \/>2- Julieta Benedetti <br \/>3- Jennifer Francone<\/span><\/p>\n<p><span style=\"font-family: Calibri, sans-serif;\"><b>Clasificaci\u00f3n Junior General<\/b><\/span><span style=\"font-family: Calibri, sans-serif;\"><br \/>1- Sol Mockford <br \/>2- P\u00eda Manzano<br \/>3- Abril Azimonti <br \/>4- Luciana Garro<br \/>5- B\u00e1rbara Uriarte <\/span><\/p>\n<p><span style=\"font-family: Calibri, sans-serif;\"><b>Clasificaci\u00f3n Master +45 General<\/b><\/span><span style=\"font-family: Calibri, sans-serif;\"><br \/>1- Carolina P\u00e9rez <br \/>2- Mar\u00eda Alejandra Prezioso <br \/>3- Ana Arias<br \/>4- Paula L\u00f3pez <br \/>5- Liliana Poggio<\/span><\/p>\n<p align=\"left\"><span style=\"font-family: Calibri, sans-serif;\"><b>Clasificaci\u00f3n Metas Volantes General<\/b><\/span><span style=\"font-family: Calibri, sans-serif;\"><br \/>1- Valentina Luna<br \/>2- Abril Capdevila<br \/>3- Mar\u00eda Alejandra Prezioso<\/span><\/p>\n<p><span style=\"font-family: Calibri, sans-serif;\"><b>Clasificaci\u00f3n Metas Monta\u00f1a General<\/b><\/span><span style=\"font-family: Calibri, sans-serif;\"><br \/>1- Delfina Dibella<br \/>2- Florencia Revetria <br \/>3- Sof\u00eda Martelli<\/span><\/p>\n<p align=\"left\"><b><span style=\"font-family: Calibri, sans-serif;\">C<\/span><span style=\"font-family: Calibri, sans-serif;\">lasificaci\u00f3n por equipos<\/span><\/b><\/p>\n<p align=\"left\"><span style=\"font-family: Calibri, sans-serif;\"> 1- Pablo Gonz\u00e1lez Lula Bike<br \/>2- Brag<\/span><span style=\"font-family: Calibri, sans-serif;\">h<\/span><span style=\"font-family: Calibri, sans-serif;\">ette Prezioso <br \/>3- Municipalidad de Pocito<\/span><\/p>\n<\/p><\/div>\n<p><script async defer crossorigin=\"anonymous\" src=\"https:\/\/connect.facebook.net\/es_ES\/sdk.js#xfbml=1&#038;version=v3.3\"><\/script><\/p>\n","protected":false},"excerpt":{"rendered":"<p>El clima agradable, con cielo cubierto fue una buena compa\u00f1\u00eda para las 114 ciclistas que, en el d\u00eda de la mujer, encararon la quinta y \u00faltima etapa de la Vuelta a San Juan Damas 2026, disputada \u00edntegramente en el anillo de la Avenida de circunvalaci\u00f3n, recorri\u00e9ndolas en seis oportunidades. La sanjuanina Maribel Aguirre llegaba en [&hellip;]<\/p>\n","protected":false},"author":2,"featured_media":228534,"comment_status":"closed","ping_status":"closed","sticky":false,"template":"","format":"standard","meta":{"footnotes":""},"categories":[27],"tags":[],"class_list":["post-228533","post","type-post","status-publish","format-standard","has-post-thumbnail","hentry","category-san-juan"],"_links":{"self":[{"href":"https:\/\/radioacuariofm.com.ar\/index.php?rest_route=\/wp\/v2\/posts\/228533","targetHints":{"allow":["GET"]}}],"collection":[{"href":"https:\/\/radioacuariofm.com.ar\/index.php?rest_route=\/wp\/v2\/posts"}],"about":[{"href":"https:\/\/radioacuariofm.com.ar\/index.php?rest_route=\/wp\/v2\/types\/post"}],"author":[{"embeddable":true,"href":"https:\/\/radioacuariofm.com.ar\/index.php?rest_route=\/wp\/v2\/users\/2"}],"replies":[{"embeddable":true,"href":"https:\/\/radioacuariofm.com.ar\/index.php?rest_route=%2Fwp%2Fv2%2Fcomments&post=228533"}],"version-history":[{"count":1,"href":"https:\/\/radioacuariofm.com.ar\/index.php?rest_route=\/wp\/v2\/posts\/228533\/revisions"}],"predecessor-version":[{"id":228535,"href":"https:\/\/radioacuariofm.com.ar\/index.php?rest_route=\/wp\/v2\/posts\/228533\/revisions\/228535"}],"wp:featuredmedia":[{"embeddable":true,"href":"https:\/\/radioacuariofm.com.ar\/index.php?rest_route=\/wp\/v2\/media\/228534"}],"wp:attachment":[{"href":"https:\/\/radioacuariofm.com.ar\/index.php?rest_route=%2Fwp%2Fv2%2Fmedia&parent=228533"}],"wp:term":[{"taxonomy":"category","embeddable":true,"href":"https:\/\/radioacuariofm.com.ar\/index.php?rest_route=%2Fwp%2Fv2%2Fcategories&post=228533"},{"taxonomy":"post_tag","embeddable":true,"href":"https:\/\/radioacuariofm.com.ar\/index.php?rest_route=%2Fwp%2Fv2%2Ftags&post=228533"}],"curies":[{"name":"wp","href":"https:\/\/api.w.org\/{rel}","templated":true}]}}