{"id":228530,"date":"2026-03-09T04:04:49","date_gmt":"2026-03-09T07:04:49","guid":{"rendered":"https:\/\/radioacuariofm.com.ar\/?p=228530"},"modified":"2026-03-09T04:04:53","modified_gmt":"2026-03-09T07:04:53","slug":"conflicto-en-medio-oriente-todo-lo-que-hay-que-saber","status":"publish","type":"post","link":"https:\/\/radioacuariofm.com.ar\/?p=228530","title":{"rendered":"Conflicto en Medio Oriente: todo lo que hay que saber"},"content":{"rendered":"<p> <br \/>\n<\/p>\n<div>\n<p class=\"com-paragraph  --capital --s\">El conflicto en <a href=\"https:\/\/www.lanacion.com.ar\/el-mundo\/ataque-de-estados-unidos-e-israel-contra-iran-en-vivo-tension-en-medio-oriente-hoy-lunes-9-de-marzo-nid09032026\/\" target=\"_self\" title=\"https:\/\/www.lanacion.com.ar\/el-mundo\/ataque-de-estados-unidos-e-israel-contra-iran-en-vivo-tension-en-medio-oriente-hoy-lunes-9-de-marzo-nid09032026\/\" class=\"com-link break-word\" data-mrf-recirculation=\"n_link_parrafo\"><strong>Medio Oriente<\/strong><\/a><strong> <\/strong>entra este lunes 9 de marzo en su <strong>d\u00e9cimo d\u00eda de guerra <\/strong>luego de una jornada marcada por la designaci\u00f3n de un <strong>nuevo l\u00edder supremo de Ir\u00e1n <\/strong>y en la que se volvieron a registrarse <strong>ataques en la regi\u00f3n<\/strong>.<\/p>\n<p class=\"com-paragraph   --s\">En un marco de tensi\u00f3n en aumento, con el temor a una expansi\u00f3n regional y a las consecuencias que pueda generar la guerra, estas son las claves para entender <strong>qu\u00e9 est\u00e1 pasando y por qu\u00e9 preocupa al mundo<\/strong>.<\/p>\n<h2 class=\"com-title --font-primary --xl --font-extra\">Cu\u00e1les son las principales noticias del conflicto hoy<\/h2>\n<div class=\"content-media\">\n<section role=\"button\" class=\"mod-media   \">\n<figure role=\"button\" class=\"mod-figure \">\n<div class=\"placeholder \">\n<div class=\"com-image\"><picture><source media=\"(min-width: 768px)\" srcset=\"https:\/\/resizer.glanacion.com\/resizer\/v2\/este-domingo-ocho-de-marzo-la-fuerza-aerea-de-ee-3DQVU5QQ3VCBFMQRM47PWWYR5I.JPG?auth=5ec12c35113276ff58811e2ef8effa1fb99f096db38ff5ee9ed34731b3ff0405&amp;width=780&amp;height=520&amp;quality=70&amp;smart=true\"\/><\/picture><\/div>\n<\/div><figcaption class=\"mod-figcaption\"><span class=\"com-text --caption --twoxs\">Este domingo ocho de marzo la Fuerza A\u00e9rea de EE. UU. public\u00f3 esta imagen de un F-35A Lightning II despegando<\/span><span class=\"com-text --credit --twoxs\">&#8211;  &#8211; US Airforce <\/span><\/figcaption><\/figure>\n<\/section>\n<\/div>\n<h3 class=\"com-title --font-primary --l --font-extra\">Otros hechos de importancia<\/h3>\n<div class=\"content-media\">\n<section role=\"button\" class=\"mod-media   \">\n<figure role=\"button\" class=\"mod-figure \">\n<div class=\"placeholder \">\n<div class=\"com-image\"><picture><source media=\"(min-width: 768px)\" srcset=\"https:\/\/resizer.glanacion.com\/resizer\/v2\/leon-xiv-pide-el-fin-de-los-ataques-en-medio-HDQO33NG7NCS5EWX5LFY7POZMY.jpg?auth=a7aed60ce02368127b84f0502bac4b5dc3fb954c7d8b71227dece6ebe219a67a&amp;width=780&amp;height=520&amp;quality=70&amp;smart=true\"\/><img class=\"image com-image flex --cover\" decoding=\"async\" fetchpriority=\"low\" loading=\"lazy\" src=\"https:\/\/radioacuariofm.com.ar\/wp-content\/uploads\/2026\/03\/leon-xiv-pide-el-fin-de-los-ataques-en-medio-HDQO33NG7NCS5EWX5LFY7POZMY.jpg\" width=\"2437\" alt=\"Le\u00f3n XIV pide el fin de los ataques en Medio Oriente y aboga por el di\u00e1logo (Foto AP\/Alessandra Tarantino)\" height=\"1625\"\/><\/picture><\/div>\n<\/div><figcaption class=\"mod-figcaption\"><span class=\"com-text --caption --twoxs\">Le\u00f3n XIV pide el fin de los ataques en Medio Oriente y aboga por el di\u00e1logo (Foto AP\/Alessandra Tarantino)<\/span><span class=\"com-text --credit --twoxs\">Alessandra Tarantino &#8211; AP<\/span><\/figcaption><\/figure>\n<\/section>\n<\/div>\n<h2 class=\"com-title --font-primary --xl --font-extra\">Por qu\u00e9 Estados Unidos e Israel atacaron a Ir\u00e1n<\/h2>\n<div class=\"content-media\">\n<section role=\"button\" class=\"mod-media   \">\n<figure role=\"button\" class=\"mod-figure \">\n<div class=\"placeholder \">\n<div class=\"com-image\"><picture><source media=\"(min-width: 768px)\" srcset=\"https:\/\/resizer.glanacion.com\/resizer\/v2\/manifestacion-en-reaccion-a-los-ataques-de-NX3A42U7ERG75PWFIBKQPXF3DA.JPG?auth=804b545c9f0545cbfbda85fbb823d02edb6a6814b423b570a8dfba05843cfeb5&amp;width=780&amp;height=520&amp;quality=70&amp;smart=true\"\/><img class=\"image com-image flex --cover\" decoding=\"async\" fetchpriority=\"low\" loading=\"lazy\" src=\"https:\/\/radioacuariofm.com.ar\/wp-content\/uploads\/2026\/03\/manifestacion-en-reaccion-a-los-ataques-de-NX3A42U7ERG75PWFIBKQPXF3DA.JPG\" width=\"6000\" alt=\"Manifestaci\u00f3n en reacci\u00f3n a los ataques de Estados Unidos e Israel contra Ir\u00e1n frente al consulado israel\u00ed de Los \u00c1ngeles\" height=\"4000\"\/><\/picture><\/div>\n<\/div><figcaption class=\"mod-figcaption\"><span class=\"com-text --caption --twoxs\">Manifestaci\u00f3n en reacci\u00f3n a los ataques de Estados Unidos e Israel contra Ir\u00e1n frente al consulado israel\u00ed de Los \u00c1ngeles<\/span><span class=\"com-text --credit --twoxs\">Ryan Sun  &#8211; FR172110 AP <\/span><\/figcaption><\/figure>\n<\/section>\n<\/div>\n<ul class=\"com-unordered\">\n<li class=\"com-item\">Ocho meses despu\u00e9s del conflicto de 12 d\u00edas entre Ir\u00e1n e Israel en junio de 2025,<strong>\u00a0Estados Unidos e Israel lanzaron el s\u00e1bado 28 de febrero\u00a0<\/strong><a href=\"https:\/\/www.lanacion.com.ar\/el-mundo\/paso-a-paso-como-fue-el-ataque-de-eeuu-a-iran-y-como-se-llego-hasta-aca-nid28022026\/\" class=\"com-link\" target=\"_self\" title=\"https:\/\/www.lanacion.com.ar\/el-mundo\/paso-a-paso-como-fue-el-ataque-de-eeuu-a-iran-y-como-se-llego-hasta-aca-nid28022026\/\" data-mrf-recirculation=\"n_link_parrafo\"><strong>una ofensiva de gran escala contra objetivos en todo Ir\u00e1n<\/strong><\/a>, incluidos puntos sensibles en Teher\u00e1n y \u00e1reas vinculadas al l\u00edder supremo, el ayatollah Ali Khamenei.<\/li>\n<li class=\"com-item\">La escalada abre un nuevo y peligroso cap\u00edtulo en la confrontaci\u00f3n entre Washington y la Rep\u00fablica Isl\u00e1mica, con\u00a0<strong>temores crecientes de una guerra regional\u00a0<\/strong>de mayor alcance.<\/li>\n<li class=\"com-item\">En Ir\u00e1n, el poder se organiza alrededor del L\u00edder Supremo, la m\u00e1xima autoridad pol\u00edtica y religiosa del pa\u00eds, con control directo sobre las Fuerzas Armadas, el poder judicial y el Consejo de Guardianes.<strong>\u00a0La\u00a0<\/strong><a href=\"https:\/\/www.lanacion.com.ar\/el-mundo\/israel-lanzo-un-ataque-contra-iran-se-reportan-explosiones-en-teheran-nid28022026\/\" class=\"com-link\" target=\"_self\" title=\"https:\/\/www.lanacion.com.ar\/el-mundo\/israel-lanzo-un-ataque-contra-iran-se-reportan-explosiones-en-teheran-nid28022026\/\" data-mrf-recirculation=\"n_link_parrafo\"><strong>muerte del ayatollah Ali Khamenei<\/strong><\/a><strong>, que ocup\u00f3 ese cargo durante m\u00e1s de tres d\u00e9cadas, dej\u00f3 vacante el centro del sistema y abri\u00f3 una etapa de transici\u00f3n in\u00e9dita desde la Revoluci\u00f3n Isl\u00e1mica de 1979<\/strong>. El presidente administra el gobierno, pero siempre bajo la supervisi\u00f3n del l\u00edder supremo, mientras que el Consejo de Guardianes controla las leyes y la elegibilidad de los candidatos, preservando el delicado equilibrio entre teocracia y estructura republicana.<\/li>\n<\/ul>\n<div class=\"content-media\">\n<section role=\"button\" class=\"mod-media   \">\n<figure role=\"button\" class=\"mod-figure \">\n<div class=\"placeholder \">\n<div class=\"com-image\"><picture><source media=\"(min-width: 768px)\" srcset=\"https:\/\/resizer.glanacion.com\/resizer\/v2\/mujeres-sostienen-carteles-del-lider-asesinado-el-B2W3RDBCQVFMTKMWETWGNVBQJ4.JPG?auth=889f7111f260bdd4f065135d49b0bca460a3c1c256b409e137add154ecbf66c3&amp;width=780&amp;height=520&amp;quality=70&amp;smart=true\"\/><img class=\"image com-image flex --cover\" decoding=\"async\" fetchpriority=\"low\" loading=\"lazy\" src=\"https:\/\/radioacuariofm.com.ar\/wp-content\/uploads\/2026\/03\/mujeres-sostienen-carteles-del-lider-asesinado-el-B2W3RDBCQVFMTKMWETWGNVBQJ4.JPG\" width=\"6000\" alt=\"Mujeres sostienen carteles del l\u00edder asesinado, el ayaotllah Ali Khamenei, durante la oraci\u00f3n del mediod\u00eda del viernes en el recinto de la mezquita de Mosalla en Teheran\" height=\"4000\"\/><\/picture><\/div>\n<\/div><figcaption class=\"mod-figcaption\"><span class=\"com-text --caption --twoxs\">Mujeres sostienen carteles del l\u00edder asesinado, el ayaotllah Ali Khamenei, durante la oraci\u00f3n del mediod\u00eda del viernes en el recinto de la mezquita de Mosalla en Teheran<\/span><span class=\"com-text --credit --twoxs\">&#8211;  &#8211; AFP <\/span><\/figcaption><\/figure>\n<\/section>\n<\/div>\n<ul class=\"com-unordered\">\n<li class=\"com-item\"><strong>Objetivo: \u201cTomar el control del gobierno\u201d.\u00a0<\/strong>Trump justific\u00f3 la ofensiva al afirmar que est\u00e1n en marcha \u201cimportantes operaciones de combate en Ir\u00e1n\u201d y exhort\u00f3 directamente a la poblaci\u00f3n a rebelarse contra el r\u00e9gimen. \u201cCuando hayamos terminado, tomen el control de su gobierno. Ser\u00e1 suyo. Esta ser\u00e1 probablemente su \u00fanica oportunidad durante generaciones\u201d, dijo en un video difundido en redes sociales.<\/li>\n<li class=\"com-item\">Estados Unidos hizo\u00a0<strong>la mayor movilizaci\u00f3n militar desde la invasi\u00f3n a Irak<\/strong>\u00a0en 2003 para cercar a Ir\u00e1n.<\/li>\n<li class=\"com-item\">Un pa\u00eds de fuerte influencia.\u00a0<strong>Ir\u00e1n es central en la geopol\u00edtica por su ubicaci\u00f3n estrat\u00e9gica\u00a0<\/strong>en el Estrecho de Ormuz, vital para el petr\u00f3leo mundial, su red de milicias chiitas y aliados que proyectan poder en Medio Oriente,\u00a0<strong>su programa nuclear y sus v\u00ednculos con potencias como China, Rusia y Corea del Norte<\/strong>.<\/li>\n<\/ul>\n<section class=\"container-center-100 mb-40 border border-bottom border-thin border-neutral-light-700\">\n<hr\/>\n<\/section>\n<\/div>\n\n","protected":false},"excerpt":{"rendered":"<p>El conflicto en Medio Oriente entra este lunes 9 de marzo en su d\u00e9cimo d\u00eda de guerra luego de una jornada marcada por la designaci\u00f3n de un nuevo l\u00edder supremo de Ir\u00e1n y en la que se volvieron a registrarse ataques en la regi\u00f3n. En un marco de tensi\u00f3n en aumento, con el temor a [&hellip;]<\/p>\n","protected":false},"author":2,"featured_media":228531,"comment_status":"closed","ping_status":"closed","sticky":false,"template":"","format":"standard","meta":{"footnotes":""},"categories":[1],"tags":[],"class_list":["post-228530","post","type-post","status-publish","format-standard","has-post-thumbnail","hentry","category-uncategorized"],"_links":{"self":[{"href":"https:\/\/radioacuariofm.com.ar\/index.php?rest_route=\/wp\/v2\/posts\/228530","targetHints":{"allow":["GET"]}}],"collection":[{"href":"https:\/\/radioacuariofm.com.ar\/index.php?rest_route=\/wp\/v2\/posts"}],"about":[{"href":"https:\/\/radioacuariofm.com.ar\/index.php?rest_route=\/wp\/v2\/types\/post"}],"author":[{"embeddable":true,"href":"https:\/\/radioacuariofm.com.ar\/index.php?rest_route=\/wp\/v2\/users\/2"}],"replies":[{"embeddable":true,"href":"https:\/\/radioacuariofm.com.ar\/index.php?rest_route=%2Fwp%2Fv2%2Fcomments&post=228530"}],"version-history":[{"count":1,"href":"https:\/\/radioacuariofm.com.ar\/index.php?rest_route=\/wp\/v2\/posts\/228530\/revisions"}],"predecessor-version":[{"id":228532,"href":"https:\/\/radioacuariofm.com.ar\/index.php?rest_route=\/wp\/v2\/posts\/228530\/revisions\/228532"}],"wp:featuredmedia":[{"embeddable":true,"href":"https:\/\/radioacuariofm.com.ar\/index.php?rest_route=\/wp\/v2\/media\/228531"}],"wp:attachment":[{"href":"https:\/\/radioacuariofm.com.ar\/index.php?rest_route=%2Fwp%2Fv2%2Fmedia&parent=228530"}],"wp:term":[{"taxonomy":"category","embeddable":true,"href":"https:\/\/radioacuariofm.com.ar\/index.php?rest_route=%2Fwp%2Fv2%2Fcategories&post=228530"},{"taxonomy":"post_tag","embeddable":true,"href":"https:\/\/radioacuariofm.com.ar\/index.php?rest_route=%2Fwp%2Fv2%2Ftags&post=228530"}],"curies":[{"name":"wp","href":"https:\/\/api.w.org\/{rel}","templated":true}]}}