{"id":228524,"date":"2026-03-09T01:01:52","date_gmt":"2026-03-09T04:01:52","guid":{"rendered":"https:\/\/radioacuariofm.com.ar\/?p=228524"},"modified":"2026-03-09T01:01:53","modified_gmt":"2026-03-09T04:01:53","slug":"los-verdes-encabezan-una-ajustada-eleccion-frente-a-los-conservadores-en-un-estado-clave","status":"publish","type":"post","link":"https:\/\/radioacuariofm.com.ar\/?p=228524","title":{"rendered":"Los Verdes encabezan una ajustada elecci\u00f3n frente a los conservadores en un estado clave"},"content":{"rendered":"<p> <br \/>\n<\/p>\n<div>\n<p class=\"com-paragraph  --capital --s\">BERL\u00cdN.- <strong>El partido de Los Verdes<\/strong> encabeza un ajustado escrutinio frente a los conservadores de la <strong>CDU<\/strong> (Uni\u00f3n Dem\u00f3crata Cristiana) tras las elecciones celebradas este domingo en el Estado alem\u00e1n <strong>Baden-W\u00fcrttemberg<\/strong>, en el sur de Alemania. <\/p>\n<p class=\"com-paragraph   --s\">Los ecologistas, con un 30,3% de los votos, se mantienen casi en un empate t\u00e9cnico con la CDU, con un 29,7%. En tercera posici\u00f3n se sit\u00faa el partido de ultraderecha <strong>Alternativa para Alemania<\/strong> (AfD) con un 18,7% (un salto de nueve puntos en relaci\u00f3n a la elecci\u00f3n previa), seguido del Partido Socialdem\u00f3crata (SPD) con un 5,6%, seg\u00fan las \u00faltimas proyecciones de la cadena p\u00fablica alemana ARD y a la espera del escrutinio final.<\/p>\n<p class=\"com-paragraph   --s\">Los ecologistas lograr\u00e1n, de manera muy ajustada, si se confirman los datos, mantenerse en el poder de un estado federado que hasta 2011 hab\u00eda estado tradicionalmente en manos de la CDU, con la que gobiernan desde 2016 en coalici\u00f3n.<\/p>\n<div class=\"content-media\">\n<section role=\"button\" class=\"mod-media   \">\n<figure role=\"button\" class=\"mod-figure \"><figcaption class=\"mod-figcaption\"><span class=\"com-text --caption --twoxs\">Miembros del Partido Verde festejan el triunfo en Baden-W\u00fcrttemberg<\/span><span class=\"com-text --credit --twoxs\">THOMAS KIENZLE &#8211; AFP<\/span><\/figcaption><\/figure>\n<\/section>\n<\/div>\n<p class=\"com-paragraph   --s\">\u201c\u00a1Qu\u00e9 campa\u00f1a electoral! \u00a1Qu\u00e9 remontada espectacular!\u201d, declar\u00f3 el candidato de Los Verdes, <strong>Cem \u00d6zdemir<\/strong>, nada m\u00e1s subir al escenario entre v\u00edtores para celebrar la victoria, recordando as\u00ed c\u00f3mo hace unas semanas las encuestas le daban la victoria a la CDU. El pol\u00edtico, de 60 a\u00f1os, se mostr\u00f3 modesto, aunque todas las encuestas han reflejado su gran popularidad entre el electorado, y se\u00f1al\u00f3 que \u201ca\u00fan es pronto para decir nada definitivo\u201d, a falta de que termine el escrutinio. El candidato conservador, sin embargo, ya lo felicit\u00f3 por la victoria.<\/p>\n<p class=\"com-paragraph   --s\">En su opini\u00f3n, el resultado muestra que Los Verdes \u201chan despertado muchas expectativas entre la gente de Baden-W\u00fcrttemberg, que quiere que el Estado prospere\u201d y adelant\u00f3 que \u201cel punto de referencia deben ser los \u00faltimos diez a\u00f1os y los \u00e9xitos\u201d que han logrado. \u00d6zdemir ser\u00eda el primer presidente regional de origen turco.<\/p>\n<p class=\"com-paragraph   --s\">La gran popularidad de \u00d6zdemir, presidente federal del partido de 2008 a 2018 y antiguo ministro de Agricultura de Alemania (2021-2025), aunque lejos de la de su predecesor, <strong>Winfried Kretschmann<\/strong>, fue determinante en una campa\u00f1a electoral muy re\u00f1ida en las \u00faltimas semanas y que estuvo centrada en la econom\u00eda, ya que se trata de una regi\u00f3n muy dependiente de las exportaciones y se vio afectada por la crisis de la industria automotriz.<\/p>\n<div class=\"content-media\">\n<section role=\"button\" class=\"mod-media   \">\n<figure role=\"button\" class=\"mod-figure \"><figcaption class=\"mod-figcaption\"><span class=\"com-text --caption --twoxs\">Manuel Hagel, el joven candidato de la CDU en Baden-W\u00fcrttemberg, al reconocer la derrota<\/span><span class=\"com-text --credit --twoxs\">Marijan Murat &#8211; DPA<\/span><\/figcaption><\/figure>\n<\/section>\n<\/div>\n<p class=\"com-paragraph   --s\">Los ecologistas seguir\u00e1n encabezando as\u00ed un Estado en el que hicieron historia al conseguir por primera vez situar a uno de sus candidatos al frente de uno de los <em>l\u00e4nder<\/em> alemanes. Kretschmann, m\u00e1s centrado en la econom\u00eda que en la l\u00ednea de protecci\u00f3n del medio ambiente, ha gobernado durante 15 a\u00f1os la rica regi\u00f3n, vecina de Baviera. A sus 77 a\u00f1os, despu\u00e9s de tres legislaturas de Gobierno de coalici\u00f3n \u2015la primera con los socialdem\u00f3cratas y las dos siguientes con los conservadores\u2015 y con unos elevados \u00edndices de aprobaci\u00f3n que en algunos momentos llegaron hasta el 84%, decidi\u00f3 no presentarse a la reelecci\u00f3n y dejar\u00e1 su cargo cuando se forme el nuevo Ejecutivo.<\/p>\n<p class=\"com-paragraph   --s\">El buen resultado obtenido por \u00d6zdemir suscitar\u00e1 tambi\u00e9n seguramente el debate entre los Verdes a nivel federal, que en las generales del pasado a\u00f1o perdieran 33 esca\u00f1os en el Parlamento alem\u00e1n, sobre cu\u00e1l es la l\u00ednea m\u00e1s exitosa a seguir. Si m\u00e1s bien liberal-conservadora-ecol\u00f3gica, como \u00d6zdemir, o m\u00e1s bien izquierdista-social-ecol\u00f3gica, como defiende la formaci\u00f3n principalmente en las grandes ciudades.<\/p>\n<p class=\"com-paragraph   --s\"><strong>El candidato conservador, Manuel Hagel<\/strong>, de 37 a\u00f1os, en principio, ha visto su sue\u00f1o frustrado de convertirse en el ministro presidente m\u00e1s joven desde la creaci\u00f3n de la Rep\u00fablica Federal de Alemania. Aunque ha logrado mejorar el resultado respecto a hace cinco a\u00f1os, asumi\u00f3 antes de acabar el escrutinio la ajustada derrota y se ha declarado responsable de la campa\u00f1a electoral: \u201cDe todas las decisiones que hemos tomado y, s\u00ed, tambi\u00e9n de este resultado\u201d. A partir del lunes, se espera que empiecen las negociaciones para reeditar el Gobierno de coalici\u00f3n entre ecologistas y conservadores.<\/p>\n<p class=\"com-paragraph   --s\">AfD, en cambio, pudo celebrar una clara subida electoral de casi nueve puntos. Como ha ocurrido en otras elecciones, recibi\u00f3 votos especialmente de nuevos votantes y de antiguos fieles de la CDU y de los liberales. \u201cEsto supone duplicar nuestro resultado, por lo que podemos estar muy satisfechos\u201d, declar\u00f3 su l\u00edder Alice Weidel en ARD y le quit\u00f3 presi\u00f3n a las acusaciones de nepotismo que rodearon a su candidato regional, Markus Frohnmaier, en la \u00faltima semana de campa\u00f1a electoral.<\/p>\n<p class=\"com-paragraph   --s\">Por su parte, el Partido Socialdem\u00f3crata (SPD), que tradicionalmente nunca ha tenido mucho apoyo en este Estado federado, registr\u00f3 su peor resultado electoral en unas regionales en Alemania al perder la mitad de los votos. Su candidato, Andreas Stoch, anunci\u00f3 su retirada como presidente regional y de la fracci\u00f3n parlamentaria, seg\u00fan inform\u00f3 su partido.<\/p>\n<p class=\"com-paragraph   --s\">Baden-W\u00fcrttemberg tiene mucho peso en Alemania. Es el tercer Estado m\u00e1s grande en superficie, con 11,2 millones de habitantes, y registr\u00f3 en 2024 un Producto Interno Bruto (PIB) de unos 650.000 millones de euros, seg\u00fan la Oficina Federal de Estad\u00edstica, lo que supone m\u00e1s del 15% del rendimiento econ\u00f3mico total de Alemania. Grandes empresas como los fabricantes de autom\u00f3viles Mercedes y Porsche, el proveedor automotriz Bosch o la empresa de software SAP tienen sus sedes en este estado, cuya capital es Stuttgart.<\/p>\n<p class=\"com-paragraph   --s\">La regi\u00f3n, al igual que el resto del pa\u00eds, lleva tiempo sufriendo los programas de ahorro, los recortes de plantilla y los planes de deslocalizaci\u00f3n que se han convertido en \u201cel amargo pan de cada d\u00eda en muchas empresas industriales\u201d, seg\u00fan explic\u00f3 estos d\u00edas la directora de IG Metall en Baden-W\u00fcrttemberg, Barbara Resch. A esto se suman problemas internos como los elevados impuestos y cotizaciones sociales, los altos precios de la energ\u00eda, el exceso de burocracia, unas infraestructuras en parte deterioradas y la escasez de personal cualificado.<\/p>\n<p class=\"com-paragraph   --s\">Estas elecciones, en las que estaban llamadas a las urnas 7,7 millones de personas \u2015la cifra m\u00e1s alta hasta ahora tras reducir la edad para votar de los 18 a los 16 a\u00f1os\u2015 suponen el pistoletazo de salida para un a\u00f1o con un total de seis elecciones regionales. En dos semanas se celebrar\u00e1n elecciones en Renania-Palatinado, y en septiembre en Sajonia-Anhalt, Berl\u00edn y Mecklemburgo-Pomerania Occidental.<\/p>\n<p class=\"com-paragraph   --s\"><strong>Agencia Reuters<\/strong><\/p>\n<section class=\"container-center-100 mb-40 border border-bottom border-thin border-neutral-light-700\">\n<hr\/>\n<\/section>\n<\/div>\n\n","protected":false},"excerpt":{"rendered":"<p>BERL\u00cdN.- El partido de Los Verdes encabeza un ajustado escrutinio frente a los conservadores de la CDU (Uni\u00f3n Dem\u00f3crata Cristiana) tras las elecciones celebradas este domingo en el Estado alem\u00e1n Baden-W\u00fcrttemberg, en el sur de Alemania. Los ecologistas, con un 30,3% de los votos, se mantienen casi en un empate t\u00e9cnico con la CDU, con [&hellip;]<\/p>\n","protected":false},"author":2,"featured_media":228525,"comment_status":"closed","ping_status":"closed","sticky":false,"template":"","format":"standard","meta":{"footnotes":""},"categories":[1],"tags":[],"class_list":["post-228524","post","type-post","status-publish","format-standard","has-post-thumbnail","hentry","category-uncategorized"],"_links":{"self":[{"href":"https:\/\/radioacuariofm.com.ar\/index.php?rest_route=\/wp\/v2\/posts\/228524","targetHints":{"allow":["GET"]}}],"collection":[{"href":"https:\/\/radioacuariofm.com.ar\/index.php?rest_route=\/wp\/v2\/posts"}],"about":[{"href":"https:\/\/radioacuariofm.com.ar\/index.php?rest_route=\/wp\/v2\/types\/post"}],"author":[{"embeddable":true,"href":"https:\/\/radioacuariofm.com.ar\/index.php?rest_route=\/wp\/v2\/users\/2"}],"replies":[{"embeddable":true,"href":"https:\/\/radioacuariofm.com.ar\/index.php?rest_route=%2Fwp%2Fv2%2Fcomments&post=228524"}],"version-history":[{"count":1,"href":"https:\/\/radioacuariofm.com.ar\/index.php?rest_route=\/wp\/v2\/posts\/228524\/revisions"}],"predecessor-version":[{"id":228526,"href":"https:\/\/radioacuariofm.com.ar\/index.php?rest_route=\/wp\/v2\/posts\/228524\/revisions\/228526"}],"wp:featuredmedia":[{"embeddable":true,"href":"https:\/\/radioacuariofm.com.ar\/index.php?rest_route=\/wp\/v2\/media\/228525"}],"wp:attachment":[{"href":"https:\/\/radioacuariofm.com.ar\/index.php?rest_route=%2Fwp%2Fv2%2Fmedia&parent=228524"}],"wp:term":[{"taxonomy":"category","embeddable":true,"href":"https:\/\/radioacuariofm.com.ar\/index.php?rest_route=%2Fwp%2Fv2%2Fcategories&post=228524"},{"taxonomy":"post_tag","embeddable":true,"href":"https:\/\/radioacuariofm.com.ar\/index.php?rest_route=%2Fwp%2Fv2%2Ftags&post=228524"}],"curies":[{"name":"wp","href":"https:\/\/api.w.org\/{rel}","templated":true}]}}