{"id":228521,"date":"2026-03-09T00:00:48","date_gmt":"2026-03-09T03:00:48","guid":{"rendered":"https:\/\/radioacuariofm.com.ar\/?p=228521"},"modified":"2026-03-09T00:00:50","modified_gmt":"2026-03-09T03:00:50","slug":"colombia-voto-para-renovar-el-congreso-y-definir-candidatos-presidenciales-en-medio-de-alertas-por-violencia","status":"publish","type":"post","link":"https:\/\/radioacuariofm.com.ar\/?p=228521","title":{"rendered":"Colombia vot\u00f3 para renovar el Congreso y definir candidatos presidenciales en medio de alertas por violencia"},"content":{"rendered":"<p> <br \/>\n<\/p>\n<div>\n<p class=\"com-paragraph  --capital --s\">BOGOT\u00c1.\u2013 Las autoridades electorales de <a href=\"https:\/\/www.lanacion.com.ar\/el-mundo\/petro-denuncio-que-escapo-de-un-intento-de-asesinato-durante-un-viaje-en-helicoptero-nid10022026\/\" target=\"_self\" title=\"https:\/\/www.lanacion.com.ar\/el-mundo\/petro-denuncio-que-escapo-de-un-intento-de-asesinato-durante-un-viaje-en-helicoptero-nid10022026\/\" class=\"com-link break-word\" data-mrf-recirculation=\"n_link_parrafo\">Colombia <\/a><strong>cerraron el domingo las urnas y comenzaron el conteo de votos<\/strong> en una jornada en la que los colombianos <strong>renovaron el Congreso y eligieron a los candidatos presidenciales de tres corrientes pol\u00edticas<\/strong>, en una suerte de primarias que ayudar\u00e1n a <strong>decantar la lista de aspirantes<\/strong>.<\/p>\n<div class=\"content-media\">\n<section role=\"button\" class=\"mod-media   \">\n<figure role=\"button\" class=\"mod-figure \"><figcaption class=\"mod-figcaption\"><span class=\"com-text --caption --twoxs\">Trabajadores electorales cuentan las papeletas tras el cierre de las urnas en las elecciones legislativas en Bogot\u00e1, ColombiA<\/span><span class=\"com-text --credit --twoxs\">Ivan Valencia  &#8211; AP <\/span><\/figcaption><\/figure>\n<\/section>\n<\/div>\n<p class=\"com-paragraph   --s\">Los comicios <strong>se desarrollaron en medio de una alerta por violencia pol\u00edtica<\/strong> en m\u00e1s de un centenar de municipios, especialmente en zonas rurales donde operan grupos armados ilegales, y de <strong>cuestionamientos por un posible fraude<\/strong> avivados por el presidente <strong>Gustavo Petro<\/strong>, quien dijo que <strong>no conf\u00eda en los sistemas inform\u00e1ticos utilizados por la Registradur\u00eda<\/strong>.<\/p>\n<p class=\"com-paragraph   --s\">\u201cDelego en esa ciudadan\u00eda, como presidente de la Rep\u00fablica y jefe del Estado, el <strong>cuidado transparente de las elecciones<\/strong>\u201d, indic\u00f3 Petro durante el acto de apertura de la jornada electoral, en alusi\u00f3n a los <strong>testigos electorales<\/strong>, ciudadanos designados por los partidos para verificar el conteo. El mandatario insisti\u00f3 en que <strong>los softwares utilizados no deber\u00edan estar en manos de empresarios privados sino del Estado<\/strong>, en busca de mayor transparencia.<\/p>\n<p class=\"com-paragraph   --s\">El <strong>registrador general, Hern\u00e1n Penagos<\/strong>, defendi\u00f3 los sistemas inform\u00e1ticos y explic\u00f3 que <strong>est\u00e1n sujetos a auditor\u00edas internacionales<\/strong>, por lo que invit\u00f3 a la ciudadan\u00eda a <strong>confiar en el sistema electoral<\/strong>.<\/p>\n<div class=\"content-media\">\n<section role=\"button\" class=\"mod-media   \">\n<figure role=\"button\" class=\"mod-figure \"><figcaption class=\"mod-figcaption\"><span class=\"com-text --caption --twoxs\">Trabajadores electorales cuentan las papeletas tras el cierre de las urnas en las elecciones legislativas en Bogot\u00e1<\/span><span class=\"com-text --credit --twoxs\">Ivan Valencia  &#8211; AP <\/span><\/figcaption><\/figure>\n<\/section>\n<\/div>\n<p class=\"com-paragraph   --s\">La <strong>Registradur\u00eda anunci\u00f3 que dar\u00e1 a conocer los resultados preliminares<\/strong> de la elecci\u00f3n con actualizaciones constantes.<\/p>\n<p class=\"com-paragraph   --s\">M\u00e1s de <strong>3000 candidatos aspiraron a ocupar los 102 esca\u00f1os del Senado y los 183 de la C\u00e1mara de Representantes<\/strong>, en una elecci\u00f3n con un potencial de <strong>41,2 millones de votantes habilitados<\/strong>.<\/p>\n<p class=\"com-paragraph   --s\">Las <strong>fronteras permanecieron cerradas durante la jornada<\/strong>. Sin embargo, el ministro de Defensa colombiano, <strong>Pedro Arnulfo S\u00e1nchez<\/strong>, inform\u00f3 que <strong>detectaron en un paso ilegal fronterizo con Venezuela<\/strong>, en el departamento de Norte de Santander, <strong>una movilizaci\u00f3n de al menos 2400 personas \u201cque presuntamente se dirig\u00edan a votar\u201d<\/strong>.<\/p>\n<p class=\"com-paragraph   --s\">\u201cLo est\u00e1n haciendo de manera ilegal\u201d, reiter\u00f3 el ministro, que public\u00f3 en su cuenta de la red social X <strong>im\u00e1genes de personas en fila en caminos secundarios<\/strong> a la espera de cruzar un r\u00edo, al otro lado del cual <strong>hab\u00eda varios autobuses estacionados<\/strong>. \u201cAqu\u00ed hay una comisi\u00f3n de delito flagrante\u201d.<\/p>\n<p class=\"com-paragraph   --s\">La votaci\u00f3n <strong>defini\u00f3 la composici\u00f3n del nuevo Congreso<\/strong> con el que deber\u00e1 gobernar <strong>el sucesor de Petro<\/strong>, quien <strong>no puede buscar la reelecci\u00f3n<\/strong>.<\/p>\n<div class=\"content-media\">\n<section role=\"button\" class=\"mod-media   \">\n<figure role=\"button\" class=\"mod-figure \"><figcaption class=\"mod-figcaption\"><span class=\"com-text --caption --twoxs\">Funcionarios electorales cuentan votos durante las elecciones legislativas de Colombia en el centro de votaci\u00f3n Corferias, en Bogot\u00e1,<\/span><span class=\"com-text --credit --twoxs\">DIANA SANCHEZ  &#8211; AFP <\/span><\/figcaption><\/figure>\n<\/section>\n<\/div>\n<p class=\"com-paragraph   --s\">El partido pol\u00edtico de Petro, <strong>Pacto Hist\u00f3rico<\/strong>, apuesta a <strong>aumentar sus esca\u00f1os en el Congreso<\/strong> para conseguir mayor\u00edas que le permitan <strong>impulsar las reformas pendientes y el proyecto de convocar a una Asamblea Constituyente para modificar la Constituci\u00f3n<\/strong>, una iniciativa que a\u00fan est\u00e1 en discusi\u00f3n y que requerir\u00e1 el aval de los legisladores.<\/p>\n<p class=\"com-paragraph   --s\">Por su parte, <strong>la derecha opositora busca recuperar protagonismo<\/strong>. El <strong>Centro Democr\u00e1tico<\/strong>, principal partido opositor, <strong>cuenta con el impulso del influyente expresidente \u00c1lvaro Uribe V\u00e9lez (2002-2010)<\/strong>, quien <strong>se postul\u00f3 como candidato al Senado<\/strong>.<\/p>\n<p class=\"com-paragraph   --s\">Los colombianos <strong>pudieron votar adem\u00e1s en consultas interpartidarias<\/strong> que re\u00fanen <strong>16 candidatos de tres corrientes pol\u00edticas: centro, centroizquierda y derecha<\/strong>. Los ganadores de cada una de ellas <strong>ir\u00e1n directamente a la primera vuelta presidencial prevista para el 31 de mayo<\/strong>.<\/p>\n<p class=\"com-paragraph   --s\">Los candidatos <strong>han utilizado estas consultas como una forma de medir su caudal electoral<\/strong> antes de la primera vuelta. Hace cuatro a\u00f1os, <strong>Petro gan\u00f3 la consulta de la izquierda<\/strong>, en la que compiti\u00f3 con <strong>Francia M\u00e1rquez<\/strong>, quien luego se convirti\u00f3 en su vicepresidenta.<\/p>\n<div class=\"content-media\">\n<section role=\"button\" class=\"mod-media   \">\n<figure role=\"button\" class=\"mod-figure \"><figcaption class=\"mod-figcaption\"><span class=\"com-text --caption --twoxs\">Funcionarios electorales cuentan votos durante las elecciones legislativas de Colombia en el centro de votaci\u00f3n Corferias, en Bogot\u00e1<\/span><span class=\"com-text --credit --twoxs\">DIANA SANCHEZ  &#8211; AFP <\/span><\/figcaption><\/figure>\n<\/section>\n<\/div>\n<p class=\"com-paragraph   --s\">Sin embargo, en las consultas actuales <strong>no participan los dos postulantes que encabezan las encuestas<\/strong>: <strong>el izquierdista Iv\u00e1n Cepeda<\/strong>, del partido de Petro, y <strong>el ultraderechista Abelardo de la Espriella<\/strong>.<\/p>\n<p class=\"com-paragraph   --s\"><strong>Lorena Balcazar<\/strong>, una votante de 32 a\u00f1os, lament\u00f3 que <strong>la polarizaci\u00f3n influya en estas elecciones<\/strong>.<\/p>\n<p class=\"com-paragraph   --s\">\u201cMucha gente est\u00e1 inconforme con este gobierno y quiere votar por los mismos de antes, <strong>pero los de antes tampoco convencen<\/strong>\u201d, sostuvo.<\/p>\n<p class=\"com-paragraph   --s\">En la consulta de <strong>centroizquierda participan dos candidatos afines a Petro<\/strong>, entre ellos el exembajador ante el Reino Unido <strong>Roy Barreras<\/strong>. En la del <strong>centro compiten Claudia L\u00f3pez<\/strong>, exalcaldesa de Bogot\u00e1, y <strong>Leonardo Huerta<\/strong>, un abogado poco conocido. Y por la <strong>derecha se miden nueve candidatos<\/strong>, entre ellos <strong>Paloma Valencia<\/strong>, postulante del principal partido opositor.<\/p>\n<div class=\"content-media\">\n<section role=\"button\" class=\"mod-media   \">\n<figure role=\"button\" class=\"mod-figure \"><figcaption class=\"mod-figcaption\"><span class=\"com-text --caption --twoxs\">Funcionarios electorales re\u00fanen cabinas de votaci\u00f3n de cart\u00f3n, urnas y materiales sin usar al final de la jornada electoral<\/span><span class=\"com-text --credit --twoxs\">DIANA SANCHEZ  &#8211; AFP <\/span><\/figcaption><\/figure>\n<\/section>\n<\/div>\n<p class=\"com-paragraph   --s\">La jornada electoral <strong>fue custodiada por m\u00e1s de 126.000 efectivos de la fuerza p\u00fablica<\/strong> en todo el pa\u00eds y <strong>se prohibi\u00f3 la venta de bebidas alcoh\u00f3licas<\/strong> durante el d\u00eda de votaci\u00f3n.<\/p>\n<p class=\"com-paragraph   --s\"><strong>Agencia AP<\/strong><\/p>\n<section class=\"container-center-100 mb-40 border border-bottom border-thin border-neutral-light-700\">\n<hr\/>\n<\/section>\n<\/div>\n\n","protected":false},"excerpt":{"rendered":"<p>BOGOT\u00c1.\u2013 Las autoridades electorales de Colombia cerraron el domingo las urnas y comenzaron el conteo de votos en una jornada en la que los colombianos renovaron el Congreso y eligieron a los candidatos presidenciales de tres corrientes pol\u00edticas, en una suerte de primarias que ayudar\u00e1n a decantar la lista de aspirantes. Trabajadores electorales cuentan las [&hellip;]<\/p>\n","protected":false},"author":2,"featured_media":228522,"comment_status":"closed","ping_status":"closed","sticky":false,"template":"","format":"standard","meta":{"footnotes":""},"categories":[1],"tags":[],"class_list":["post-228521","post","type-post","status-publish","format-standard","has-post-thumbnail","hentry","category-uncategorized"],"_links":{"self":[{"href":"https:\/\/radioacuariofm.com.ar\/index.php?rest_route=\/wp\/v2\/posts\/228521","targetHints":{"allow":["GET"]}}],"collection":[{"href":"https:\/\/radioacuariofm.com.ar\/index.php?rest_route=\/wp\/v2\/posts"}],"about":[{"href":"https:\/\/radioacuariofm.com.ar\/index.php?rest_route=\/wp\/v2\/types\/post"}],"author":[{"embeddable":true,"href":"https:\/\/radioacuariofm.com.ar\/index.php?rest_route=\/wp\/v2\/users\/2"}],"replies":[{"embeddable":true,"href":"https:\/\/radioacuariofm.com.ar\/index.php?rest_route=%2Fwp%2Fv2%2Fcomments&post=228521"}],"version-history":[{"count":1,"href":"https:\/\/radioacuariofm.com.ar\/index.php?rest_route=\/wp\/v2\/posts\/228521\/revisions"}],"predecessor-version":[{"id":228523,"href":"https:\/\/radioacuariofm.com.ar\/index.php?rest_route=\/wp\/v2\/posts\/228521\/revisions\/228523"}],"wp:featuredmedia":[{"embeddable":true,"href":"https:\/\/radioacuariofm.com.ar\/index.php?rest_route=\/wp\/v2\/media\/228522"}],"wp:attachment":[{"href":"https:\/\/radioacuariofm.com.ar\/index.php?rest_route=%2Fwp%2Fv2%2Fmedia&parent=228521"}],"wp:term":[{"taxonomy":"category","embeddable":true,"href":"https:\/\/radioacuariofm.com.ar\/index.php?rest_route=%2Fwp%2Fv2%2Fcategories&post=228521"},{"taxonomy":"post_tag","embeddable":true,"href":"https:\/\/radioacuariofm.com.ar\/index.php?rest_route=%2Fwp%2Fv2%2Ftags&post=228521"}],"curies":[{"name":"wp","href":"https:\/\/api.w.org\/{rel}","templated":true}]}}