{"id":228518,"date":"2026-03-08T22:59:49","date_gmt":"2026-03-09T01:59:49","guid":{"rendered":"https:\/\/radioacuariofm.com.ar\/?p=228518"},"modified":"2026-03-08T22:59:50","modified_gmt":"2026-03-09T01:59:50","slug":"quien-es-mojtaba-khamenei-el-heredero-en-las-sombras-del-poder-irani","status":"publish","type":"post","link":"https:\/\/radioacuariofm.com.ar\/?p=228518","title":{"rendered":"Qui\u00e9n es Mojtaba Khamenei, el heredero en las sombras del poder iran\u00ed"},"content":{"rendered":"<p> <br \/>\n<\/p>\n<div>\n<p class=\"com-paragraph  --capital --s\">TEHER\u00c1N.\u2013 Desde los rincones m\u00e1s reservados del poder hasta la posibilidad de ocupar el asiento de su padre: <strong>Mojtaba Khamenei<\/strong>, segundo hijo del fallecido <strong>ayatol\u00e1 Al\u00ed Khamene\u00ed<\/strong>, aparece hoy como el hombre llamado a convertirse en el pr\u00f3ximo <strong>L\u00edder Supremo de <\/strong><a href=\"https:\/\/www.lanacion.com.ar\/el-mundo\/ataque-de-estados-unidos-e-israel-contra-iran-en-vivo-tension-en-medio-oriente-hoy-domingo-8-de-nid08032026\/\" target=\"_self\" title=\"https:\/\/www.lanacion.com.ar\/el-mundo\/ataque-de-estados-unidos-e-israel-contra-iran-en-vivo-tension-en-medio-oriente-hoy-domingo-8-de-nid08032026\/\" class=\"com-link break-word\" data-mrf-recirculation=\"n_link_parrafo\"><strong>Ir\u00e1n<\/strong>.<\/a><\/p>\n<p class=\"com-paragraph   --s\">Nacido en <strong>Mashhad el 8 de septiembre de 1969<\/strong>, Mojtaba cultiv\u00f3 durante d\u00e9cadas un perfil deliberadamente bajo. Mientras su padre gobernaba desde la c\u00faspide de la <a href=\"https:\/\/www.lanacion.com.ar\/el-mundo\/iran-golpea-arabia-saudita-e-israel-ataca-mandos-iranies-en-beirut-nid08032026\/\" target=\"_self\" title=\"https:\/\/www.lanacion.com.ar\/el-mundo\/iran-golpea-arabia-saudita-e-israel-ataca-mandos-iranies-en-beirut-nid08032026\/\" class=\"com-link break-word\" data-mrf-recirculation=\"n_link_parrafo\">Rep\u00fablica Isl\u00e1mica<\/a>, \u00e9l evit\u00f3 los flashes de la prensa y se movi\u00f3 en la sombra. Tras la muerte del ayatol\u00e1, este <strong>\u201chijo predilecto\u201d<\/strong> se perfila para convertirse en el <strong>tercer l\u00edder supremo en la historia del r\u00e9gimen<\/strong>.<\/p>\n<div class=\"content-media\">\n<section role=\"button\" class=\"mod-media   \">\n<figure role=\"button\" class=\"mod-figure \"><figcaption class=\"mod-figcaption\"><span class=\"com-text --caption --twoxs\">Mojtaba Khamenei, hijo del difunto ayatol\u00e1 de Ir\u00e1n Ali Khamenei<\/span><span class=\"com-text --credit --twoxs\">Vahid Salemi &#8211; AP<\/span><\/figcaption><\/figure>\n<\/section>\n<\/div>\n<p class=\"com-paragraph   --s\">Su poder naci\u00f3 en el silencioso entramado de la oficina del L\u00edder Supremo. Desde all\u00ed fue tejiendo una red de influencias mientras los presidentes iban y ven\u00edan y las protestas sacud\u00edan las calles iran\u00edes.<\/p>\n<p class=\"com-paragraph   --s\">Durante a\u00f1os fue considerado el <strong>guardi\u00e1n m\u00e1s cercano de su padre<\/strong>. Decid\u00eda qui\u00e9n pod\u00eda hablar con el ayatol\u00e1 y qu\u00e9 informaci\u00f3n llegaba a su despacho. Esa posici\u00f3n le permiti\u00f3 acumular <strong>un poder informal pero enorme<\/strong>, ejercido lejos de las c\u00e1maras y sin llamar la atenci\u00f3n.<\/p>\n<p class=\"com-paragraph   --s\">La verdadera fortaleza de Mojtaba reside en su v\u00ednculo con los <strong>Pasdaran<\/strong>, la <strong>Guardia Revolucionaria de Ir\u00e1n<\/strong>. A diferencia del perfil ideol\u00f3gico de su padre, \u00e9l consolid\u00f3 su influencia como <strong>aliado de los mandos militares<\/strong>.<\/p>\n<p class=\"com-paragraph   --s\">Ese nexo tiene ra\u00edces en la <strong>guerra entre Ir\u00e1n e Irak<\/strong>. Entre <strong>1987 y 1988<\/strong>, Mojtaba sirvi\u00f3 en el <strong>batall\u00f3n Habib ibn Mazahir<\/strong> de los Guardianes de la Revoluci\u00f3n. En esas trincheras estableci\u00f3 relaciones con soldados que hoy ocupan posiciones clave dentro del aparato de seguridad iran\u00ed.<\/p>\n<div class=\"content-media\">\n<section role=\"button\" class=\"mod-media   \">\n<figure role=\"button\" class=\"mod-figure \"><figcaption class=\"mod-figcaption\"><span class=\"com-text --caption --twoxs\">Mojtaba Jamenei es conocido por su influencia en Ir\u00e1n.<\/span><span class=\"com-text --credit --twoxs\">Getty Images<\/span><\/figcaption><\/figure>\n<\/section>\n<\/div>\n<p class=\"com-paragraph   --s\">Tras el conflicto, ese batall\u00f3n se convirti\u00f3 en <strong>un n\u00facleo de poder dentro de las estructuras de seguridad m\u00e1s duras del r\u00e9gimen<\/strong>, con acceso directo a la c\u00fapula del sistema.<\/p>\n<p class=\"com-paragraph   --s\">Para los sectores m\u00e1s duros de la revoluci\u00f3n, la figura de Mojtaba representa <strong>una garant\u00eda de continuidad<\/strong>. Su ascenso permitir\u00eda preservar intacto el <strong>complejo militar y de seguridad<\/strong> frente a cualquier intento de apertura pol\u00edtica.<\/p>\n<p class=\"com-paragraph   --s\">Diversos <strong>informes de inteligencia occidentales<\/strong> lo se\u00f1alan como una figura clave en la coordinaci\u00f3n de la represi\u00f3n contra la <strong>\u201cOnda Verde\u201d de 2009<\/strong>, as\u00ed como contra las protestas de <strong>\u201cMujer, Vida, Libertad\u201d de 2022<\/strong>.<\/p>\n<p class=\"com-paragraph   --s\">En ambos episodios, su nombre qued\u00f3 asociado al <strong>aparato represivo del r\u00e9gimen<\/strong>.<\/p>\n<p class=\"com-paragraph   --s\">Tambi\u00e9n jug\u00f3 un papel relevante en la pol\u00edtica interna. Durante a\u00f1os fue considerado la <strong>\u201ceminencia gris\u201d<\/strong> que respald\u00f3 al expresidente <strong>Mahmud Ahmadineyad<\/strong> en las controvertidas elecciones de <strong>2005 y 2009<\/strong>. Algunos medios internacionales sostienen que ayud\u00f3 a <strong>asegurar la victoria oficialista en 2009<\/strong>, en medio de denuncias de fraude.<\/p>\n<p class=\"com-paragraph   --s\">A \u00e9l tambi\u00e9n se le atribuye la creaci\u00f3n del <strong>Cuartel Ammar<\/strong>, un espacio ideol\u00f3gico destinado a <strong>neutralizar las cr\u00edticas internas dentro del sistema pol\u00edtico iran\u00ed<\/strong>.<\/p>\n<div class=\"content-media\">\n<section role=\"button\" class=\"mod-media   \">\n<figure role=\"button\" class=\"mod-figure \"><figcaption class=\"mod-figcaption\"><span class=\"com-text --caption --twoxs\">Al\u00ed Khamenei <\/span><span class=\"com-text --credit --twoxs\">Getty Images<\/span><\/figcaption><\/figure>\n<\/section>\n<\/div>\n<p class=\"com-paragraph   --s\">Pese a su linaje, la <strong>legitimidad religiosa de Mojtaba<\/strong> genera debate dentro del propio establishment clerical.<\/p>\n<p class=\"com-paragraph   --s\">Estudi\u00f3 en la <strong>escuela Alavi<\/strong> y luego en los seminarios teol\u00f3gicos de <strong>Qom<\/strong>, bajo la tutela de cl\u00e9rigos ultraconservadores y del propio Al\u00ed Khamenei. Sin embargo, <strong>no es considerado un gran jurisconsulto<\/strong> ni una <strong>\u201cfuente de emulaci\u00f3n\u201d (marja)<\/strong> dentro del clero chiita, un requisito tradicional para alcanzar la m\u00e1xima autoridad religiosa.<\/p>\n<p class=\"com-paragraph   --s\">En <strong>septiembre de 2024<\/strong>, la suspensi\u00f3n de sus clases avanzadas de jurisprudencia \u2014un paso clave para aspirar a ese reconocimiento\u2014 encendi\u00f3 alarmas en los c\u00edrculos religiosos.<\/p>\n<p class=\"com-paragraph   --s\">Para sus detractores, este episodio expone <strong>una debilidad doctrinal que el respaldo militar no logra compensar<\/strong>. Adem\u00e1s, su eventual ascenso romper\u00eda con uno de los principios fundacionales del sistema: <strong>evitar una sucesi\u00f3n hereditaria que recuerde a una monarqu\u00eda<\/strong>.<\/p>\n<div class=\"content-media\">\n<section role=\"button\" class=\"mod-media   \">\n<figure role=\"button\" class=\"mod-figure \"><figcaption class=\"mod-figcaption\"><span class=\"com-text --caption --twoxs\">Imagen difundida por la oficina del l\u00edder supremo de Ir\u00e1n que muestra a Mojtaba Khamene\u00ed (derecha), hijo del ayatol\u00e1 Al\u00ed Khamene\u00ed, durante un acto en Teher\u00e1n, el 30 de octubre de 2024<\/span><span class=\"com-text --credit --twoxs\">&#8211;  &#8211; KHAMENEI.IR <\/span><\/figcaption><\/figure>\n<\/section>\n<\/div>\n<p class=\"com-paragraph   --s\">Mojtaba Khamenei no solo mueve hilos pol\u00edticos. Tambi\u00e9n es se\u00f1alado como administrador de <strong>una compleja red financiera<\/strong>.<\/p>\n<p class=\"com-paragraph   --s\">Su patrimonio personal se estima en <strong>cientos de millones de d\u00f3lares<\/strong>. Investigaciones internacionales mencionan <strong>empresas fantasma e inversiones en Londres, Dub\u00e1i y Suiza<\/strong>, vinculadas a circuitos de capital relacionados con la <strong>venta de petr\u00f3leo iran\u00ed<\/strong>.<\/p>\n<p class=\"com-paragraph   --s\">Ese perfil le vali\u00f3 sanciones del <strong>Departamento del Tesoro de Estados Unidos en 2019<\/strong>, que lo acus\u00f3 de colaborar con las actividades de la <strong>Fuerza Quds<\/strong>, el brazo externo de la Guardia Revolucionaria.<\/p>\n<p class=\"com-paragraph   --s\">Mojtaba Khamenei no parece dispuesto a reformar la Rep\u00fablica Isl\u00e1mica, sino a <strong>blindarla<\/strong>.<\/p>\n<p class=\"com-paragraph   --s\">Su ascenso apunta a <strong>concentrar a\u00fan m\u00e1s el poder en instituciones no electas<\/strong> y a reforzar el peso del aparato de seguridad en la pol\u00edtica iran\u00ed.<\/p>\n<div class=\"content-media\">\n<section role=\"button\" class=\"mod-media   \">\n<figure role=\"button\" class=\"mod-figure \"><figcaption class=\"mod-figcaption\"><span class=\"com-text --caption --twoxs\">Imagen de archivo difundida por la oficina del l\u00edder supremo de Ir\u00e1n que muestra a Mojtaba Khamene\u00ed durante un acto en Teher\u00e1n, el 3 de octubre de 2024<\/span><span class=\"com-text --credit --twoxs\">&#8211;  &#8211; KHAMENEI.IR <\/span><\/figcaption><\/figure>\n<\/section>\n<\/div>\n<p class=\"com-paragraph   --s\">El contexto, sin embargo, es explosivo. Fuera de las fronteras, <strong>Israel lo ha se\u00f1alado como un posible \u201cobjetivo leg\u00edtimo\u201d<\/strong> en el marco de la guerra regional. Dentro del pa\u00eds, el rechazo a una <strong>sucesi\u00f3n din\u00e1stica<\/strong> y la falta de legitimidad social convierten su eventual liderazgo en <strong>uno de los momentos m\u00e1s delicados en la historia reciente de Ir\u00e1n<\/strong>.<\/p>\n<p class=\"com-paragraph   --s\"><strong>Agencia ANSA y Diario El Pa\u00eds<\/strong><\/p>\n<section class=\"container-center-100 mb-40 border border-bottom border-thin border-neutral-light-700\">\n<hr\/>\n<\/section>\n<\/div>\n\n","protected":false},"excerpt":{"rendered":"<p>TEHER\u00c1N.\u2013 Desde los rincones m\u00e1s reservados del poder hasta la posibilidad de ocupar el asiento de su padre: Mojtaba Khamenei, segundo hijo del fallecido ayatol\u00e1 Al\u00ed Khamene\u00ed, aparece hoy como el hombre llamado a convertirse en el pr\u00f3ximo L\u00edder Supremo de Ir\u00e1n. Nacido en Mashhad el 8 de septiembre de 1969, Mojtaba cultiv\u00f3 durante d\u00e9cadas [&hellip;]<\/p>\n","protected":false},"author":2,"featured_media":228519,"comment_status":"closed","ping_status":"closed","sticky":false,"template":"","format":"standard","meta":{"footnotes":""},"categories":[1],"tags":[],"class_list":["post-228518","post","type-post","status-publish","format-standard","has-post-thumbnail","hentry","category-uncategorized"],"_links":{"self":[{"href":"https:\/\/radioacuariofm.com.ar\/index.php?rest_route=\/wp\/v2\/posts\/228518","targetHints":{"allow":["GET"]}}],"collection":[{"href":"https:\/\/radioacuariofm.com.ar\/index.php?rest_route=\/wp\/v2\/posts"}],"about":[{"href":"https:\/\/radioacuariofm.com.ar\/index.php?rest_route=\/wp\/v2\/types\/post"}],"author":[{"embeddable":true,"href":"https:\/\/radioacuariofm.com.ar\/index.php?rest_route=\/wp\/v2\/users\/2"}],"replies":[{"embeddable":true,"href":"https:\/\/radioacuariofm.com.ar\/index.php?rest_route=%2Fwp%2Fv2%2Fcomments&post=228518"}],"version-history":[{"count":1,"href":"https:\/\/radioacuariofm.com.ar\/index.php?rest_route=\/wp\/v2\/posts\/228518\/revisions"}],"predecessor-version":[{"id":228520,"href":"https:\/\/radioacuariofm.com.ar\/index.php?rest_route=\/wp\/v2\/posts\/228518\/revisions\/228520"}],"wp:featuredmedia":[{"embeddable":true,"href":"https:\/\/radioacuariofm.com.ar\/index.php?rest_route=\/wp\/v2\/media\/228519"}],"wp:attachment":[{"href":"https:\/\/radioacuariofm.com.ar\/index.php?rest_route=%2Fwp%2Fv2%2Fmedia&parent=228518"}],"wp:term":[{"taxonomy":"category","embeddable":true,"href":"https:\/\/radioacuariofm.com.ar\/index.php?rest_route=%2Fwp%2Fv2%2Fcategories&post=228518"},{"taxonomy":"post_tag","embeddable":true,"href":"https:\/\/radioacuariofm.com.ar\/index.php?rest_route=%2Fwp%2Fv2%2Ftags&post=228518"}],"curies":[{"name":"wp","href":"https:\/\/api.w.org\/{rel}","templated":true}]}}