{"id":228509,"date":"2026-03-08T19:56:56","date_gmt":"2026-03-08T22:56:56","guid":{"rendered":"https:\/\/radioacuariofm.com.ar\/?p=228509"},"modified":"2026-03-08T19:56:58","modified_gmt":"2026-03-08T22:56:58","slug":"que-se-sabe-de-mojtaba-khamenei-el-nuevo-lider-supremo-de-iran","status":"publish","type":"post","link":"https:\/\/radioacuariofm.com.ar\/?p=228509","title":{"rendered":"Qu\u00e9 se sabe de Mojtaba Khamenei, el nuevo l\u00edder supremo de Ir\u00e1n"},"content":{"rendered":"<p> <br \/>\n<\/p>\n<div>\n<p class=\"com-paragraph  --capital --s\">Reuters.- El <a href=\"https:\/\/www.lanacion.com.ar\/el-mundo\/ataque-de-estados-unidos-e-israel-contra-iran-en-vivo-tension-en-medio-oriente-hoy-domingo-8-de-nid08032026\/\" target=\"_self\" title=\"https:\/\/www.lanacion.com.ar\/el-mundo\/ataque-de-estados-unidos-e-israel-contra-iran-en-vivo-tension-en-medio-oriente-hoy-domingo-8-de-nid08032026\/\" class=\"com-link break-word\" data-mrf-recirculation=\"n_link_parrafo\"><strong>hijo del ayatollah Ali Khamenei, Mojtaba, fue elegido por la Asamblea de Expertos de Ir\u00e1n<\/strong><\/a><strong> para suceder a su difunto padre como l\u00edder supremo<\/strong>, una se\u00f1al de que el ala dura mantiene el control del poder en el pa\u00eds.<\/p>\n<p class=\"com-paragraph   --s\">El \u00f3rgano clerical design\u00f3 al cl\u00e9rigo de 56 a\u00f1os m\u00e1s de una semana despu\u00e9s del fallecimiento de Khamenei. El anuncio lo realiz\u00f3 en un video el ayatollah <strong>Mohsen Heidari Alekasir<\/strong>, quien afirm\u00f3 que la elecci\u00f3n se bas\u00f3 en la premisa de que el m\u00e1ximo l\u00edder de Ir\u00e1n deb\u00eda ser \u201codiado por el enemigo\u201d.<\/p>\n<p class=\"com-paragraph   --s\"><strong>\u201cIncluso el Gran Sat\u00e1n (Estados Unidos) mencion\u00f3 su nombre\u201d,<\/strong> dijo Heidari Alekasir, en referencia a declaraciones del presidente estadounidense Donald Trump, quien hab\u00eda se\u00f1alado que Mojtaba ser\u00eda una opci\u00f3n \u201cinaceptable\u201d.<\/p>\n<p class=\"com-paragraph   --s\">Mojtaba, que lleva el turbante negro de un <em>sayyed \u2014<\/em>lo que indica que su familia desciende del profeta Mahoma<em>\u2014<\/em> acumul\u00f3 poder durante el mandato de su padre y se convirti\u00f3 en una figura influyente cercana a las fuerzas de seguridad y al amplio entramado econ\u00f3mico vinculado a ellas. Adem\u00e1s, <strong>se opuso a los reformistas que buscan colaborar con Occidente en su intento de frenar el programa nuclear de Ir\u00e1n<\/strong>.<\/p>\n<p class=\"com-paragraph   --s\">Sus <strong>estrechos v\u00ednculos con el Cuerpo de la Guardia Revolucionaria Isl\u00e1mica (IRGC) le dieron mayor influencia dentro del aparato pol\u00edtico y de seguridad del pa\u00eds<\/strong>, y fue considerado durante a\u00f1os un \u201cguardi\u00e1n\u201d de su padre tras bastidores, seg\u00fan fuentes familiarizadas con el asunto. <\/p>\n<p class=\"com-paragraph   --s\">\u201cCuenta con un fuerte apoyo dentro del IRGC, en particular entre las generaciones m\u00e1s j\u00f3venes y radicales\u201d, afirma <strong>Kasra Aarabi<\/strong>, responsable de investigaci\u00f3n del IRGC en <em>United Against Nuclear Iran<\/em>, una organizaci\u00f3n pol\u00edtica con sede en Estados Unidos.<\/p>\n<div class=\"content-media\">\n<section role=\"button\" class=\"mod-media   \">\n<figure role=\"button\" class=\"mod-figure \"><figcaption class=\"mod-figcaption\"><span class=\"com-text --caption --twoxs\">Qui\u00e9n es Mojtaba Khamenei, el nuevo l\u00edder supremo de Ir\u00e1n.<\/span><span class=\"com-text --credit --twoxs\">Vahid Salemi &#8211; AP<\/span><\/figcaption><\/figure>\n<\/section>\n<\/div>\n<p class=\"com-paragraph   --s\"><strong>El l\u00edder supremo tiene la \u00faltima palabra en asuntos de Estado, incluidos la pol\u00edtica exterior y el programa nuclear iran\u00ed.<\/strong> Las potencias occidentales quieren impedir que Teher\u00e1n desarrolle armas nucleares. <\/p>\n<p class=\"com-paragraph   --s\">Mojtaba podr\u00eda enfrentar resistencia interna en un pa\u00eds donde en los \u00faltimos a\u00f1os se registraron protestas masivas que reclamaban mayores libertades, a pesar de la sangrienta represi\u00f3n de las autoridades. <\/p>\n<p class=\"com-paragraph   --s\">Nacido en 1969 en la ciudad santa chiita de <strong>Mashhad<\/strong>, particip\u00f3 de joven en la guerra entre Ir\u00e1n e Irak y luego estudi\u00f3 en los seminarios religiosos de Qom, el principal centro teol\u00f3gico chiita del pa\u00eds. Tiene el rango clerical de <em>hojjatoleslam<\/em> y nunca ocup\u00f3 un cargo oficial en el gobierno de la Rep\u00fablica Isl\u00e1mica. <strong>Aunque fue visto en actos del r\u00e9gimen, rara vez habl\u00f3 en p\u00fablico.<\/strong><\/p>\n<p class=\"com-paragraph   --s\">El Departamento del Tesoro de Estados Unidos sancion\u00f3 a Mojtaba en 2019 al considerar que actuaba en representaci\u00f3n de su padre \u201cen calidad oficial\u201d, pese a no haber sido elegido ni designado para un cargo gubernamental.<\/p>\n<div class=\"content-media\">\n<section role=\"button\" class=\"mod-media   \">\n<figure role=\"button\" class=\"mod-figure \"><figcaption class=\"mod-figcaption\"><span class=\"com-text --caption --twoxs\">Qui\u00e9n es Mojtaba Khamenei, el nuevo l\u00edder supremo de Ir\u00e1n.<\/span><span class=\"com-text --credit --twoxs\">&#8211;  &#8211; KHAMENEI.IR <\/span><\/figcaption><\/figure>\n<\/section>\n<\/div>\n<p class=\"com-paragraph   --s\">Seg\u00fan Washington, trabaj\u00f3 estrechamente con la Fuerza Quds del IRGC y con la milicia Basij \u201cpara promover las ambiciones regionales desestabilizadoras y los objetivos opresivos internos de su padre\u201d.<\/p>\n<p class=\"com-paragraph   --s\">Tambi\u00e9n fue criticado por parte de los manifestantes durante l<strong>os disturbios por la muerte de una joven bajo custodia policial en 2022<\/strong>, tras ser detenida por supuestamente infringir las estrictas normas de vestimenta de la Rep\u00fablica Isl\u00e1mica.<\/p>\n<p class=\"com-paragraph   --s\"><strong>Algunos cr\u00edticos sostienen que Mojtaba carece de las credenciales religiosas necesarias para ser l\u00edder supremo, ya que el rango de <\/strong><em><strong>hojjatoleslam<\/strong><\/em> est\u00e1 por debajo del de ayatollah, t\u00edtulo que ten\u00edan su padre y Ruhollah Jomeini, fundador de la Rep\u00fablica Isl\u00e1mica.<\/p>\n<p class=\"com-paragraph   --s\">Sin embargo, su designaci\u00f3n sigui\u00f3 en carrera, sobre todo despu\u00e9s de que otro candidato destacado para el cargo, el expresidente Ebrahim Raisi, falleciera en un accidente de helic\u00f3ptero en 2024.<\/p>\n<section class=\"container-center-100 mb-40 border border-bottom border-thin border-neutral-light-700\">\n<hr\/>\n<\/section>\n<\/div>\n\n","protected":false},"excerpt":{"rendered":"<p>Reuters.- El hijo del ayatollah Ali Khamenei, Mojtaba, fue elegido por la Asamblea de Expertos de Ir\u00e1n para suceder a su difunto padre como l\u00edder supremo, una se\u00f1al de que el ala dura mantiene el control del poder en el pa\u00eds. El \u00f3rgano clerical design\u00f3 al cl\u00e9rigo de 56 a\u00f1os m\u00e1s de una semana despu\u00e9s [&hellip;]<\/p>\n","protected":false},"author":2,"featured_media":228510,"comment_status":"closed","ping_status":"closed","sticky":false,"template":"","format":"standard","meta":{"footnotes":""},"categories":[1],"tags":[],"class_list":["post-228509","post","type-post","status-publish","format-standard","has-post-thumbnail","hentry","category-uncategorized"],"_links":{"self":[{"href":"https:\/\/radioacuariofm.com.ar\/index.php?rest_route=\/wp\/v2\/posts\/228509","targetHints":{"allow":["GET"]}}],"collection":[{"href":"https:\/\/radioacuariofm.com.ar\/index.php?rest_route=\/wp\/v2\/posts"}],"about":[{"href":"https:\/\/radioacuariofm.com.ar\/index.php?rest_route=\/wp\/v2\/types\/post"}],"author":[{"embeddable":true,"href":"https:\/\/radioacuariofm.com.ar\/index.php?rest_route=\/wp\/v2\/users\/2"}],"replies":[{"embeddable":true,"href":"https:\/\/radioacuariofm.com.ar\/index.php?rest_route=%2Fwp%2Fv2%2Fcomments&post=228509"}],"version-history":[{"count":1,"href":"https:\/\/radioacuariofm.com.ar\/index.php?rest_route=\/wp\/v2\/posts\/228509\/revisions"}],"predecessor-version":[{"id":228511,"href":"https:\/\/radioacuariofm.com.ar\/index.php?rest_route=\/wp\/v2\/posts\/228509\/revisions\/228511"}],"wp:featuredmedia":[{"embeddable":true,"href":"https:\/\/radioacuariofm.com.ar\/index.php?rest_route=\/wp\/v2\/media\/228510"}],"wp:attachment":[{"href":"https:\/\/radioacuariofm.com.ar\/index.php?rest_route=%2Fwp%2Fv2%2Fmedia&parent=228509"}],"wp:term":[{"taxonomy":"category","embeddable":true,"href":"https:\/\/radioacuariofm.com.ar\/index.php?rest_route=%2Fwp%2Fv2%2Fcategories&post=228509"},{"taxonomy":"post_tag","embeddable":true,"href":"https:\/\/radioacuariofm.com.ar\/index.php?rest_route=%2Fwp%2Fv2%2Ftags&post=228509"}],"curies":[{"name":"wp","href":"https:\/\/api.w.org\/{rel}","templated":true}]}}