{"id":228503,"date":"2026-03-08T17:54:48","date_gmt":"2026-03-08T20:54:48","guid":{"rendered":"https:\/\/radioacuariofm.com.ar\/?p=228503"},"modified":"2026-03-08T17:54:49","modified_gmt":"2026-03-08T20:54:49","slug":"gaza-esta-triturada-el-dramatico-relato-del-sacerdote-argentino-que-sigue-en-la-franja","status":"publish","type":"post","link":"https:\/\/radioacuariofm.com.ar\/?p=228503","title":{"rendered":"\u201cGaza est\u00e1 triturada\u201d: el dram\u00e1tico relato del sacerdote argentino que sigue en la Franja"},"content":{"rendered":"<p> <br \/>\n<\/p>\n<div>\n<p class=\"com-paragraph  --capital --s\">JERUSAL\u00c9N.- Aunque los periodistas no pueden ingresar a Gaza \u2013enclave palestino de 363 kil\u00f3metros cuadrados (cuya mitad aproximadamente sigue bajo control de fuerzas israel\u00edes)\u2013 desde el 7 de octubre de 2023, el sacerdote argentino <a href=\"https:\/\/www.lanacion.com.ar\/el-mundo\/quien-es-gabriel-romanelli-el-cura-argentino-herido-por-el-bombardeo-en-gaza-a-quien-francisco-nid17072025\/\" target=\"_self\" title=\"https:\/\/www.lanacion.com.ar\/el-mundo\/quien-es-gabriel-romanelli-el-cura-argentino-herido-por-el-bombardeo-en-gaza-a-quien-francisco-nid17072025\/\" class=\"com-link break-word\" data-mrf-recirculation=\"n_link_parrafo\"><strong>Gabriel Romanelli<\/strong><\/a><strong>, p\u00e1rroco de la \u00fanica iglesia cat\u00f3lica de Gaza<\/strong>, en cuyo complejo se refugiaron durante la <a href=\"https:\/\/www.lanacion.com.ar\/el-mundo\/una-guerra-con-mas-preguntas-que-respuestas-y-sin-estrategia-de-salida-nid07032026\/\" target=\"_self\" title=\"https:\/\/www.lanacion.com.ar\/el-mundo\/una-guerra-con-mas-preguntas-que-respuestas-y-sin-estrategia-de-salida-nid07032026\/\" class=\"com-link break-word\" data-mrf-recirculation=\"n_link_parrafo\">guerra<\/a> m\u00e1s de quinientos personas,<strong> es una de las voces que, desde adentro, puede describir la situaci\u00f3n.<\/strong><\/p>\n<p class=\"com-paragraph   --s\">\u201c<strong>No nos olvidemos que la Franja de Gaza est\u00e1 triturada<\/strong> y hace falta de todo. Y ahora el<strong> gran temor <\/strong>es que lo que est\u00e1 <a href=\"https:\/\/www.lanacion.com.ar\/el-mundo\/iran-designo-a-un-nuevo-lider-supremo-para-reemplazar-al-ayatollah-ali-khamenei-nid08032026\/\" target=\"_self\" title=\"https:\/\/www.lanacion.com.ar\/el-mundo\/iran-designo-a-un-nuevo-lider-supremo-para-reemplazar-al-ayatollah-ali-khamenei-nid08032026\/\" class=\"com-link break-word\" data-mrf-recirculation=\"n_link_parrafo\">pasando en Ir\u00e1n y en el L\u00edbano<\/a> se contagie y, aunque est\u00e9 todo destruido ac\u00e1, <a href=\"https:\/\/www.lanacion.com.ar\/el-mundo\/netanyahu-afirmo-que-israel-tiene-el-control-casi-total-del-espacio-aereo-de-teheran-nid07032026\/\" target=\"_self\" title=\"https:\/\/www.lanacion.com.ar\/el-mundo\/netanyahu-afirmo-que-israel-tiene-el-control-casi-total-del-espacio-aereo-de-teheran-nid07032026\/\" class=\"com-link break-word\" data-mrf-recirculation=\"n_link_parrafo\"><strong>vuelva a reencenderse la guerra<\/strong><\/a>\u201d, cuenta, en di\u00e1logo telef\u00f3nico con LA NACION.<\/p>\n<div class=\"content-media\">\n<section role=\"button\" class=\"mod-media   \">\n<figure role=\"button\" class=\"mod-figure \"><figcaption class=\"mod-figcaption\"><span class=\"com-text --caption --twoxs\">El padre Gabriel Romanelli con ni\u00f1os gazat\u00edes en Gaza<\/span><span class=\"com-text --credit --twoxs\">Instagram Romanelli<\/span><\/figcaption><\/figure>\n<\/section>\n<\/div>\n<p class=\"com-paragraph   --s\"><strong>\u201cAunque es dif\u00edcil acostumbrarse a la guerra, la mayor parte de los 2.300.000 habitantes de la Franja de Gaza se han acostumbrado<\/strong>, o nos hemos acostumbrado desgraciadamente a ella\u201d, asegura este sacerdote del Instituto del Verbo Encarnado (IVE). Aunque \u201cgracias a Dios\u201d en octubre del a\u00f1o pasado ha habido una <strong>tregua<\/strong>, que \u201ca grandes rasgos se est\u00e1 cumpliendo en cuanto que no hay grandes bombardeos\u201d, Romanelli advierte que <strong>\u201digual ha habido muchos muertos desde entonces y destrucci\u00f3n\u201d<\/strong>. Y remarca que la <strong>situaci\u00f3n humanitaria contin\u00faa siendo catastr\u00f3fica.<\/strong><\/p>\n<p class=\"com-paragraph   --s\">\u201cPor ejemplo, <strong>no hay sistema el\u00e9ctrico desde que comenz\u00f3 la guerra<\/strong>, desde aquel terrible 7 de octubre del 2023, y se produce electricidad como se puede, <strong>con un poco de bater\u00eda se consigue di\u00e9sel, gasoil, incluso mezclando con aceite vencido de cocina<\/strong>, si es que es m\u00e1s barato que el gasoil, o con gasoil que producen derritiendo pl\u00e1sticos\u201d, cont\u00f3 este cura nacido en Villa Luro hace 57 a\u00f1os y a quien el papa Francisco sol\u00eda llamar todas las noches. \u201cLo mismo pasa con el<strong> sistema de agua, que est\u00e1 colapsado<\/strong>, y aunque en unos barrios llega un poco de agua de la municipalidad, no es potable y la gente tiene que hacer colas, a veces de 1, 2, 3 horas con un bid\u00f3n\u201d, sum\u00f3.<\/p>\n<div class=\"content-media\">\n<section role=\"button\" class=\"mod-media   \">\n<figure role=\"button\" class=\"mod-figure \"><figcaption class=\"mod-figcaption\"><span class=\"com-text --caption --twoxs\">El sacerdote Gabriel Romanelli relata la dram\u00e1tica situaci\u00f3n humanitaria en la Franja<\/span><span class=\"com-text --credit --twoxs\">OMAR AL-QATTAA  &#8211; AFP <\/span><\/figcaption><\/figure>\n<\/section>\n<\/div>\n<p class=\"com-paragraph   --s\"><strong>\u201cFalta absolutamente todo\u201d<\/strong>, describi\u00f3, aunque lo peor es que la mayor parte de la poblaci\u00f3n est\u00e1 viviendo en carpas y la existencia de una emergencia sanitaria enorme. <strong>\u201cHay miles y miles de enfermos y heridos que est\u00e1n esperando poder atravesar la frontera en direcci\u00f3n a Egipto para ser curados\u201d<\/strong>, dijo.<\/p>\n<p class=\"com-paragraph   --s\">En este contexto, el <strong>comienzo de la guerra contra Ir\u00e1n, el s\u00e1bado 28 de febrero, represent\u00f3 un ulterior bloqueo a una salida de enfermos que hab\u00eda comenzado a darse en cuentagotas, a trav\u00e9s de la frontera de Rafah<\/strong>. Seg\u00fan la ONU, hay <strong>18.500 personas que necesitan cuidado m\u00e9dico<\/strong> urgente no disponible en Gaza; el monitoreo peri\u00f3dico realizado sobre 90.000 ni\u00f1os registr\u00f3 un porcentaje de malnutrici\u00f3n moderada-severa del 4,5%.<\/p>\n<p class=\"com-paragraph   --s\">El ataque conjunto de Israel y Estados Unidos contra Ir\u00e1n provoc\u00f3 adem\u00e1s el cierre durante tres d\u00edas de la frontera de Karem Shalom, el \u00fanico paso para que entre en Gaza el vital flujo de ayuda humanitaria que sostiene a la poblaci\u00f3n.<\/p>\n<div class=\"content-media\">\n<section role=\"button\" class=\"mod-media   \">\n<figure role=\"button\" class=\"mod-figure \"><figcaption class=\"mod-figcaption\"><span class=\"com-text --caption --twoxs\">La Iglesia de la Sagrada Familia comenz\u00f3 a funcionar como escuela<\/span><\/figcaption><\/figure>\n<\/section>\n<\/div>\n<p class=\"com-paragraph   --s\">En la parroquia de la <strong>Iglesia de la Sagrada Familia<\/strong> del padre Romanelli, aunque la mayor\u00eda de los refugiados se fue, siguen viviendo unas 100 personas. All\u00ed ha <strong>comenzado a funcionar la escuela<\/strong>, no solo para chicos cristianos, sino tambi\u00e9n de la mayor\u00eda musulmana. \u201cEso ha dado un poco de <strong>esperanza<\/strong>, <strong>ya que la mayor parte de las escuelas est\u00e1n cerradas, est\u00e1n bombardeadas, o est\u00e1n llenas de refugiados<\/strong>\u201d, dijo. \u201cNosotros tratamos de <strong>seguir ayudando a los ancianos<\/strong>, sobre todo a los enfermos, y haciendo <strong>actividades de apoyo psicosocial<\/strong>, ya que las heridas que quedan de la guerra van a tardar a\u00f1os y a\u00f1os en curarse\u201d, resalt\u00f3. <\/p>\n<p class=\"com-paragraph   --s\">\u201cNo s\u00e9 c\u00f3mo explicarlo\u2026 <strong>Si bien el peligro sigue, y m\u00e1s que est\u00e1 toda la regi\u00f3n en llamas, se trata igual de dar al menos un momento de normalidad a las familias<\/strong> para que puedan descansar, a los j\u00f3venes sobre todo, a los ni\u00f1os, para que empiecen a sanar sus heridas. Y esperemos que cuanto antes se pare esta guerra y se logren hacer pasos m\u00e1s concretos en orden a la paz, a la justicia, a la reconciliaci\u00f3n entre Palestina e Israel\u201d, concluy\u00f3.<\/p>\n<section class=\"container-center-100 mb-40 border border-bottom border-thin border-neutral-light-700\">\n<hr\/>\n<\/section>\n<\/div>\n\n","protected":false},"excerpt":{"rendered":"<p>JERUSAL\u00c9N.- Aunque los periodistas no pueden ingresar a Gaza \u2013enclave palestino de 363 kil\u00f3metros cuadrados (cuya mitad aproximadamente sigue bajo control de fuerzas israel\u00edes)\u2013 desde el 7 de octubre de 2023, el sacerdote argentino Gabriel Romanelli, p\u00e1rroco de la \u00fanica iglesia cat\u00f3lica de Gaza, en cuyo complejo se refugiaron durante la guerra m\u00e1s de quinientos [&hellip;]<\/p>\n","protected":false},"author":2,"featured_media":228504,"comment_status":"closed","ping_status":"closed","sticky":false,"template":"","format":"standard","meta":{"footnotes":""},"categories":[1],"tags":[],"class_list":["post-228503","post","type-post","status-publish","format-standard","has-post-thumbnail","hentry","category-uncategorized"],"_links":{"self":[{"href":"https:\/\/radioacuariofm.com.ar\/index.php?rest_route=\/wp\/v2\/posts\/228503","targetHints":{"allow":["GET"]}}],"collection":[{"href":"https:\/\/radioacuariofm.com.ar\/index.php?rest_route=\/wp\/v2\/posts"}],"about":[{"href":"https:\/\/radioacuariofm.com.ar\/index.php?rest_route=\/wp\/v2\/types\/post"}],"author":[{"embeddable":true,"href":"https:\/\/radioacuariofm.com.ar\/index.php?rest_route=\/wp\/v2\/users\/2"}],"replies":[{"embeddable":true,"href":"https:\/\/radioacuariofm.com.ar\/index.php?rest_route=%2Fwp%2Fv2%2Fcomments&post=228503"}],"version-history":[{"count":1,"href":"https:\/\/radioacuariofm.com.ar\/index.php?rest_route=\/wp\/v2\/posts\/228503\/revisions"}],"predecessor-version":[{"id":228505,"href":"https:\/\/radioacuariofm.com.ar\/index.php?rest_route=\/wp\/v2\/posts\/228503\/revisions\/228505"}],"wp:featuredmedia":[{"embeddable":true,"href":"https:\/\/radioacuariofm.com.ar\/index.php?rest_route=\/wp\/v2\/media\/228504"}],"wp:attachment":[{"href":"https:\/\/radioacuariofm.com.ar\/index.php?rest_route=%2Fwp%2Fv2%2Fmedia&parent=228503"}],"wp:term":[{"taxonomy":"category","embeddable":true,"href":"https:\/\/radioacuariofm.com.ar\/index.php?rest_route=%2Fwp%2Fv2%2Fcategories&post=228503"},{"taxonomy":"post_tag","embeddable":true,"href":"https:\/\/radioacuariofm.com.ar\/index.php?rest_route=%2Fwp%2Fv2%2Ftags&post=228503"}],"curies":[{"name":"wp","href":"https:\/\/api.w.org\/{rel}","templated":true}]}}