{"id":228491,"date":"2026-03-08T12:49:54","date_gmt":"2026-03-08T15:49:54","guid":{"rendered":"https:\/\/radioacuariofm.com.ar\/?p=228491"},"modified":"2026-03-08T12:49:55","modified_gmt":"2026-03-08T15:49:55","slug":"cual-es-el-origen-del-dia-de-la-mujer-y-por-que-se-conmemora-el-8-de-marzo","status":"publish","type":"post","link":"https:\/\/radioacuariofm.com.ar\/?p=228491","title":{"rendered":"Cu\u00e1l es el origen del D\u00eda de la Mujer y por qu\u00e9 se conmemora el 8 de marzo"},"content":{"rendered":"<p> <br \/>\n<\/p>\n<div>\n<p class=\"com-paragraph  --capital --s\">La historia de esta fecha comienza formalmente un 8 de marzo de hace 51 a\u00f1os&#8230; y a la vez no. Y es que <strong>en 1975 Naciones Unidas formaliz\u00f3 la fecha como D\u00eda Internacional de la Mujer<\/strong>. Pero esa es solo una parte de la historia del llamado 8M.<\/p>\n<p class=\"com-paragraph   --s\">\u201cCuando las mujeres de todos los continentes, a menudo separadas por fronteras nacionales y diferencias \u00e9tnicas, ling\u00fc\u00edsticas, culturales, econ\u00f3micas y pol\u00edticas, se unen en este d\u00eda, <strong>pueden contemplar una tradici\u00f3n de no menos de 90 a\u00f1os de lucha <\/strong>en pro de la igualdad, la justicia, la paz y el desarrollo\u201d, informa la ONU.<\/p>\n<p class=\"com-paragraph   --s\">De hecho, la ONU reconoce antecedentes como cuando en la antigua Grecia Lis\u00edstrata empez\u00f3 una huelga sexual contra los hombres para poner fin a la guerra o cuando en la Revoluci\u00f3n Francesa las mujeres marcharon para exigir el voto femenino usando las palabras <strong>\u201clibertad, igualdad y fraternidad\u201d.<\/strong><\/p>\n<p class=\"com-paragraph   --s\">Pero <strong>los antecedentes directos de esta fecha est\u00e1n en unas protestas que desembocaron <\/strong>en toda una revoluci\u00f3n a finales del siglo XIX y principios del XX.<\/p>\n<h3 class=\"com-title --font-primary --l --font-extra\">\u201cLas mujeres y los hombres son creados iguales\u201d<\/h3>\n<p class=\"com-paragraph   --s\">El D\u00eda Internacional de la Mujer tiene<strong> sus ra\u00edces en el movimiento obrero <\/strong>de mediados del siglo XIX, en un momento de gran expansi\u00f3n y turbulencias en el mundo industrializado, en el que la mujer comenz\u00f3 a alzar cada vez m\u00e1s su voz.<\/p>\n<p class=\"com-paragraph   --s\">La vida de la mujer en Occidente por aquel entonces era una continua historia de limitaciones: <strong>ni derecho a voto, ni a manejar sus propias cuentas, ni formaci\u00f3n<\/strong> y con una esperanza de vida mucho menor que la masculina por los partos y los malos tratos.<\/p>\n<p class=\"com-paragraph   --s\">Un ejemplo de ese creciente entre mujeres se encuentra en 1848, cuando las estadounidenses <strong>Elizabeth Cady Stanton y Lucretia Mott <\/strong>congregaron a cientos de personas en la primera convenci\u00f3n nacional por los derechos de las mujeres en Estados Unidos.<\/p>\n<p class=\"com-paragraph   --s\">Para ellas, \u201ctodos los hombres y las mujeres son creados iguales\u201d, y por eso exig\u00edan derechos civiles, sociales, pol\u00edticos y religiosos para el colectivo.<\/p>\n<div class=\"content-media\">\n<section role=\"button\" class=\"mod-media   \">\n<figure role=\"button\" class=\"mod-figure \"><figcaption class=\"mod-figcaption\"><span class=\"com-text --caption --twoxs\">En 1913 las mujeres ya marchaban por el derecho a votar en Estados Unidos. Tambi\u00e9n eran frecuentes las protestas para pedir mejores condiciones laborales.<\/span><\/figcaption><\/figure>\n<\/section>\n<\/div>\n<p class=\"com-paragraph   --s\">Sus reclamos fueron recibidos con burlas, especialmente en cuanto al derecho de las mujeres a votar, pero <strong>plantaron una semilla que en los siguientes a\u00f1os fue creciendo<\/strong>, destaca la ONU.<\/p>\n<p class=\"com-paragraph   --s\">Distintos historiadores coinciden en que una <strong>antesala directa de este d\u00eda internacional fue la marcha de mujeres que se llev\u00f3 a cabo en 1908 en Nueva York<\/strong>, donde unas 15.000 se manifestaron para pedir menos horas de trabajo, mejores salarios y derecho a votar.<\/p>\n<p class=\"com-paragraph   --s\">Un a\u00f1o despu\u00e9s, el Partido Socialista de Estados Unidos declar\u00f3 el <strong>D\u00eda Nacional de la Mujer,<\/strong> que se celebr\u00f3 por primera vez el 28 de febrero de 1909 y que sigui\u00f3 conmemor\u00e1ndose anualmente hasta 1913.<\/p>\n<p class=\"com-paragraph   --s\">Por ese entonces irrumpi\u00f3 en escena una mujer que pas\u00f3 a la historia como la impulsora del D\u00eda Internacional de la Mujer: la comunista alemana<strong> Clara Zetkin.<\/strong><\/p>\n<p class=\"com-paragraph   --s\">Durante la Conferencia Internacional de Mujeres Socialistas celebrada en 1910 en Copenhague, <strong>Zetkin propuso organizar una jornada de la mujer a nivel global <\/strong>para discutir particularmente el tema del sufragio femenino.<\/p>\n<p class=\"com-paragraph   --s\">Su idea fue escuchada por un centenar de mujeres procedentes de 17 pa\u00edses y aprobada de forma un\u00e1nime, aunque sin acordar una fecha concreta.<\/p>\n<div class=\"content-media\">\n<section role=\"button\" class=\"mod-media   \">\n<figure role=\"button\" class=\"mod-figure \"><figcaption class=\"mod-figcaption\"><span class=\"com-text --caption --twoxs\">Clara Zetkin (izquierda) y Rosa de Luxemburgo (derecha), dos de las revolucionarias m\u00e1s destacadas del siglo XX.<\/span><\/figcaption><\/figure>\n<\/section>\n<\/div>\n<p class=\"com-paragraph   --s\">Un a\u00f1o despu\u00e9s, el 19 de marzo de 1911, se celebr\u00f3 el primer D\u00eda Internacional de la Mujer, reuniendo a m\u00e1s de un mill\u00f3n de personas en distintos pa\u00edses europeos como Alemania, Austria, Dinamarca y Suiza, adem\u00e1s de Estados Unidos.<\/p>\n<p class=\"com-paragraph   --s\">Entre sus reclamos estaban el derecho de voto y de ocupar cargos p\u00fablicos, as\u00ed como tambi\u00e9n el derecho al trabajo de la mujer, a la formaci\u00f3n profesional y a la no discriminaci\u00f3n laboral.<\/p>\n<p class=\"com-paragraph   --s\">No obstante, en sus inicios, \u201cla conmemoraci\u00f3n (tambi\u00e9n) sirve de protesta contra la Primera Guerra Mundial\u201d, recuerda la ONU.<\/p>\n<p class=\"com-paragraph   --s\">Y ah\u00ed se encuentra una de las claves de por qu\u00e9 se acab\u00f3 eligiendo el 8 de marzo.<\/p>\n<h3 class=\"com-title --font-primary --l --font-extra\">Rusia y la Primera Guerra Mundial<\/h3>\n<p class=\"com-paragraph   --s\">Hay diferentes versiones de que por qu\u00e9 se eligi\u00f3 esta fecha en concreto. No obstante, <strong>la ONU destaca la importancia de los acontecimientos que se vivieron en Rusia,<\/strong> en medio de las protestas contra la Primera Guerra Mundial.<\/p>\n<p class=\"com-paragraph   --s\">\u201cEn el marco de los movimientos en pro de la paz que surgieron en v\u00edsperas de la primera guerra mundial, las mujeres rusas conmemoraron su primer D\u00eda Internacional de la Mujer el \u00faltimo domingo de febrero, organizando m\u00edtines clandestinos\u201d, recuerda el organismo.<\/p>\n<p class=\"com-paragraph   --s\">Lo mismo ocurre en el resto de Europa en d\u00edas cercanos a esa fecha, con manifestaciones en pro de los derechos de las mujeres y en contra de la guerra.<\/p>\n<p class=\"com-paragraph   --s\"><strong>Pero el a\u00f1o clave para fijar el d\u00eda fue en 1917<\/strong>. De acuerdo con la ONU, como reacci\u00f3n a los millones de soldados rusos muertos, las mujeres de ese pa\u00eds salieron de nuevo a las calles el \u00faltimo domingo de febrero bajo el lema \u201cPan y paz\u201d.<\/p>\n<div class=\"content-media\">\n<section role=\"button\" class=\"mod-media   \">\n<figure role=\"button\" class=\"mod-figure \"><figcaption class=\"mod-figcaption\"><span class=\"com-text --caption --twoxs\">En 1917 miles de mujeres en Rusia se lanzaron a las calles contra la guerra, una protesta que desemboc\u00f3 en la revoluci\u00f3n y marc\u00f3 la fecha del D\u00eda Internacional de la Mujer.<\/span><\/figcaption><\/figure>\n<\/section>\n<\/div>\n<p class=\"com-paragraph   --s\">\u201cLos trabajadores de la metal\u00fargica se unieron a la protesta (de las mujeres) pese a que los bolcheviques ve\u00edan la movilizaci\u00f3n de las mujeres como precipitada\u201d, explica la historiadora estadounidense Temma Kaplan, en <em>On the Socialist Origins of International Women\u2019s Day<\/em> (\u201cSobre los or\u00edgenes socialistas del D\u00eda Internacional de la Mujer\u201d).<\/p>\n<p class=\"com-paragraph   --s\">Dos d\u00edas despu\u00e9s de iniciadas las protestas, el 25 de febrero, \u201cel zar orden\u00f3 (&#8230;) disparar si fuera necesario para acabar con la revoluci\u00f3n de las mujeres\u201d, escribe Kaplan.<\/p>\n<p class=\"com-paragraph   --s\">La medida del zar fracas\u00f3 y en su lugar comenz\u00f3 \u201cla<strong> revoluci\u00f3n de febrero\u201d<\/strong>, que acab\u00f3 con la abdicaci\u00f3n del zar Nicol\u00e1s II ese mes de marzo.<\/p>\n<p class=\"com-paragraph   --s\"><strong>El \u00e9xito de las mujeres rusas se consagr\u00f3 poco despu\u00e9s,<\/strong> cuando el gobierno provisional que se form\u00f3 tras la retirada del zar les reconoci\u00f3 el derecho a voto.<\/p>\n<p class=\"com-paragraph   --s\">La fecha en la que comenz\u00f3 esa huelga de mujeres en el calendario juliano, entonces el de referencia en Rusia, fue el domingo 23 de febrero. Ese mismo d\u00eda en el calendario gregoriano fue justamente el 8 de marzo.<\/p>\n<div class=\"content-media\">\n<section role=\"button\" class=\"mod-media   \">\n<figure role=\"button\" class=\"mod-figure \"><figcaption class=\"mod-figcaption\"><span class=\"com-text --caption --twoxs\">Las manifestaciones de mujeres por el 8 de marzo a lo largo del mundo se siguen centrando en la igualdad de derechos y oportunidades.<\/span><\/figcaption><\/figure>\n<\/section>\n<\/div>\n<h3 class=\"com-title --font-primary --l --font-extra\">Ning\u00fan pa\u00eds<\/h3>\n<p class=\"com-paragraph   --s\">En 1945, se forma Naciones Unidas para fomentar la cooperaci\u00f3n internacional tras la devastaci\u00f3n de la Segunda Guerra Mundial y la Carta de este organismo multilateral se convierte en el primer acuerdo internacional que consagra la igualdad de g\u00e9nero.<\/p>\n<p class=\"com-paragraph   --s\">Tres d\u00e9cadas despu\u00e9s, en 1975, la ONU establece y celebra por primera vez el D\u00eda Internacional de la Mujer el 8 de marzo, coincidiendo con el A\u00f1o Internacional de la Mujer.<\/p>\n<p class=\"com-paragraph   --s\">M\u00e1s de medio siglo despu\u00e9s, \u201cning\u00fan pa\u00eds cerr\u00f3 las brechas legales entre hombres y mujeres\u201d, afirma la ONU en este 2026.<\/p>\n<p class=\"com-paragraph   --s\">Seg\u00fan el organismo internacional, \u201c<strong>actualmente, las mujeres solo tienen el 64% de los derechos jur\u00eddicos<\/strong> de los que gozan los hombres en todo el mundo\u201d.<\/p>\n<p class=\"com-paragraph   --s\">\u201cEn \u00e1reas fundamentales de la vida, como el trabajo, el dinero, la seguridad, la familia, la propiedad, la movilidad, los negocios y la jubilaci\u00f3n, la ley las perjudica sistem\u00e1ticamente\u201d, agrega.<\/p>\n<section class=\"container-center-100 mb-40 border border-bottom border-thin border-neutral-light-700\">\n<hr\/>\n<\/section>\n<\/div>\n\n","protected":false},"excerpt":{"rendered":"<p>La historia de esta fecha comienza formalmente un 8 de marzo de hace 51 a\u00f1os&#8230; y a la vez no. Y es que en 1975 Naciones Unidas formaliz\u00f3 la fecha como D\u00eda Internacional de la Mujer. Pero esa es solo una parte de la historia del llamado 8M. \u201cCuando las mujeres de todos los continentes, [&hellip;]<\/p>\n","protected":false},"author":2,"featured_media":228492,"comment_status":"closed","ping_status":"closed","sticky":false,"template":"","format":"standard","meta":{"footnotes":""},"categories":[1],"tags":[],"class_list":["post-228491","post","type-post","status-publish","format-standard","has-post-thumbnail","hentry","category-uncategorized"],"_links":{"self":[{"href":"https:\/\/radioacuariofm.com.ar\/index.php?rest_route=\/wp\/v2\/posts\/228491","targetHints":{"allow":["GET"]}}],"collection":[{"href":"https:\/\/radioacuariofm.com.ar\/index.php?rest_route=\/wp\/v2\/posts"}],"about":[{"href":"https:\/\/radioacuariofm.com.ar\/index.php?rest_route=\/wp\/v2\/types\/post"}],"author":[{"embeddable":true,"href":"https:\/\/radioacuariofm.com.ar\/index.php?rest_route=\/wp\/v2\/users\/2"}],"replies":[{"embeddable":true,"href":"https:\/\/radioacuariofm.com.ar\/index.php?rest_route=%2Fwp%2Fv2%2Fcomments&post=228491"}],"version-history":[{"count":1,"href":"https:\/\/radioacuariofm.com.ar\/index.php?rest_route=\/wp\/v2\/posts\/228491\/revisions"}],"predecessor-version":[{"id":228493,"href":"https:\/\/radioacuariofm.com.ar\/index.php?rest_route=\/wp\/v2\/posts\/228491\/revisions\/228493"}],"wp:featuredmedia":[{"embeddable":true,"href":"https:\/\/radioacuariofm.com.ar\/index.php?rest_route=\/wp\/v2\/media\/228492"}],"wp:attachment":[{"href":"https:\/\/radioacuariofm.com.ar\/index.php?rest_route=%2Fwp%2Fv2%2Fmedia&parent=228491"}],"wp:term":[{"taxonomy":"category","embeddable":true,"href":"https:\/\/radioacuariofm.com.ar\/index.php?rest_route=%2Fwp%2Fv2%2Fcategories&post=228491"},{"taxonomy":"post_tag","embeddable":true,"href":"https:\/\/radioacuariofm.com.ar\/index.php?rest_route=%2Fwp%2Fv2%2Ftags&post=228491"}],"curies":[{"name":"wp","href":"https:\/\/api.w.org\/{rel}","templated":true}]}}