{"id":228479,"date":"2026-03-08T08:11:49","date_gmt":"2026-03-08T11:11:49","guid":{"rendered":"https:\/\/radioacuariofm.com.ar\/?p=228479"},"modified":"2026-03-08T08:11:51","modified_gmt":"2026-03-08T11:11:51","slug":"la-obra-del-instituto-odontologico-supera-el-56-de-ejecucion","status":"publish","type":"post","link":"https:\/\/radioacuariofm.com.ar\/?p=228479","title":{"rendered":"La obra del Instituto Odontol\u00f3gico supera el 56 % de ejecuci\u00f3n"},"content":{"rendered":"<p><\/p>\n<div>\n<p><span style=\"font-weight: 400;\">El Ministerio de Infraestructura, Agua y Energ\u00eda contin\u00faa con la ejecuci\u00f3n de la obra del nuevo Instituto Odontol\u00f3gico de San Juan, que registra un <\/span><b>avance f\u00edsico superior al 56 %<\/b><span style=\"font-weight: 400;\">. El edificio, ubicado junto al ex Hospital Espa\u00f1ol, integrar\u00e1 un <\/span><b>polo sanitario en el sur de la capital<\/b><span style=\"font-weight: 400;\">, fortaleciendo la red de atenci\u00f3n y la articulaci\u00f3n entre distintos servicios de salud.<\/span><\/p>\n<p><span style=\"font-weight: 400;\">El proyecto contempla una <\/span><b>superficie total de 3.393,95 m\u00b2<\/b><span style=\"font-weight: 400;\">, distribuidos en cuatro niveles: subsuelo, planta baja y dos pisos superiores. Actualmente los trabajos se desarrollan en <\/span><b>m\u00faltiples frentes simult\u00e1neos<\/b><span style=\"font-weight: 400;\">, con tareas propias de una etapa avanzada del proyecto, como instalaciones especiales, estructuras met\u00e1licas, cerramientos interiores y terminaciones iniciales.<\/span><\/p>\n<p><span style=\"font-weight: 400;\">En el <\/span><b>sector 1<\/b><span style=\"font-weight: 400;\"> se ejecutan trabajos vinculados a los cerramientos interiores y a la instalaci\u00f3n de servicios esenciales. Entre las principales tareas se destacan el <\/span><b>armado de tabiques divisorios en el segundo piso<\/b><span style=\"font-weight: 400;\"> y la ejecuci\u00f3n de <\/span><b>tabiques en planta baja<\/b><span style=\"font-weight: 400;\">, en el \u00e1rea destinada a Rayos X y Tom\u00f3grafo.<\/span><\/p>\n<p><span style=\"font-weight: 400;\">Tambi\u00e9n se realiza la <\/span><b>colocaci\u00f3n de carpinter\u00edas<\/b><span style=\"font-weight: 400;\">, la ejecuci\u00f3n de <\/span><b>estructuras met\u00e1licas para p\u00e9rgolas<\/b><span style=\"font-weight: 400;\"> y la instalaci\u00f3n de <\/span><b>redes de gases medicinales y sistemas termomec\u00e1nicos<\/b><span style=\"font-weight: 400;\">, fundamentales para el funcionamiento sanitario del edificio.<\/span><\/p>\n<p><span style=\"font-weight: 400;\">En paralelo, en el <\/span><b>sector 2<\/b><span style=\"font-weight: 400;\"> se ejecuta la <\/span><b>colocaci\u00f3n de pisos en el acceso principal y se  <\/b><span style=\"font-weight: 400;\">completan <\/span><b>desencofrados de vigas de carga en el segundo piso<\/b><span style=\"font-weight: 400;\">. Asimismo, contin\u00faan las <\/span><b>instalaciones de gases medicinales, termomec\u00e1nica y el\u00e9ctricas<\/b><span style=\"font-weight: 400;\">, junto con la ejecuci\u00f3n de <\/span><b>estructuras de mesadas<\/b><span style=\"font-weight: 400;\">.<\/span><\/p>\n<p><span style=\"font-weight: 400;\">Tambi\u00e9n se desarrollan tareas de colocaci\u00f3n de correas met\u00e1licas, estructura de pergolado en azotea y mamposter\u00eda en el segundo piso, <\/span><b>como parte de los trabajos que se ejecutan en esta etapa de la obra<\/b><span style=\"font-weight: 400;\">.<\/span><\/p>\n<h3><b>C\u00f3mo ser\u00e1 el edificio<\/b><\/h3>\n<p><span style=\"font-weight: 400;\">El proyecto se organiza en <\/span><b>tres sectores funcionales<\/b><span style=\"font-weight: 400;\">, que permiten ordenar la circulaci\u00f3n entre pacientes, profesionales y \u00e1reas t\u00e9cnicas.<\/span><\/p>\n<p><span style=\"font-weight: 400;\">El <\/span><b>sector t\u00e9cnico<\/b><span style=\"font-weight: 400;\"> albergar\u00e1 12 \u00e1reas especializadas, adem\u00e1s de laboratorios, salas de esterilizaci\u00f3n, tomograf\u00eda y rayos X, dep\u00f3sitos de insumos y espacios de mantenimiento.<\/span><\/p>\n<p><span style=\"font-weight: 400;\">El <\/span><b>sector p\u00fablico<\/b><span style=\"font-weight: 400;\"> contar\u00e1 con una recepci\u00f3n amplia, salas de espera, sanitarios en todos los niveles y un \u00e1rea de atenci\u00f3n al p\u00fablico.<\/span><\/p>\n<p><span style=\"font-weight: 400;\">Por su parte, el <\/span><b>sector del personal<\/b><span style=\"font-weight: 400;\"> reunir\u00e1 los espacios destinados al equipo profesional y administrativo, con oficinas, dormitorios, sala de ateneo, direcci\u00f3n, \u00e1rea de c\u00f3mputos y un SUM con terraza privada y servicios propios.<\/span><\/p>\n<p><span style=\"font-weight: 400;\">La construcci\u00f3n del Instituto Odontol\u00f3gico permitir\u00e1 <\/span><b>modernizar la infraestructura destinada a la atenci\u00f3n de la salud bucal<\/b><span style=\"font-weight: 400;\">, ampliar la capacidad de servicios especializados y fortalecer el sistema p\u00fablico de salud en la provincia.<\/span><\/p>\n<\/p><\/div>\n<p><script async defer crossorigin=\"anonymous\" src=\"https:\/\/connect.facebook.net\/es_ES\/sdk.js#xfbml=1&#038;version=v3.3\"><\/script><\/p>\n","protected":false},"excerpt":{"rendered":"<p>El Ministerio de Infraestructura, Agua y Energ\u00eda contin\u00faa con la ejecuci\u00f3n de la obra del nuevo Instituto Odontol\u00f3gico de San Juan, que registra un avance f\u00edsico superior al 56 %. El edificio, ubicado junto al ex Hospital Espa\u00f1ol, integrar\u00e1 un polo sanitario en el sur de la capital, fortaleciendo la red de atenci\u00f3n y la [&hellip;]<\/p>\n","protected":false},"author":2,"featured_media":228480,"comment_status":"closed","ping_status":"closed","sticky":false,"template":"","format":"standard","meta":{"footnotes":""},"categories":[27],"tags":[],"class_list":["post-228479","post","type-post","status-publish","format-standard","has-post-thumbnail","hentry","category-san-juan"],"_links":{"self":[{"href":"https:\/\/radioacuariofm.com.ar\/index.php?rest_route=\/wp\/v2\/posts\/228479","targetHints":{"allow":["GET"]}}],"collection":[{"href":"https:\/\/radioacuariofm.com.ar\/index.php?rest_route=\/wp\/v2\/posts"}],"about":[{"href":"https:\/\/radioacuariofm.com.ar\/index.php?rest_route=\/wp\/v2\/types\/post"}],"author":[{"embeddable":true,"href":"https:\/\/radioacuariofm.com.ar\/index.php?rest_route=\/wp\/v2\/users\/2"}],"replies":[{"embeddable":true,"href":"https:\/\/radioacuariofm.com.ar\/index.php?rest_route=%2Fwp%2Fv2%2Fcomments&post=228479"}],"version-history":[{"count":1,"href":"https:\/\/radioacuariofm.com.ar\/index.php?rest_route=\/wp\/v2\/posts\/228479\/revisions"}],"predecessor-version":[{"id":228481,"href":"https:\/\/radioacuariofm.com.ar\/index.php?rest_route=\/wp\/v2\/posts\/228479\/revisions\/228481"}],"wp:featuredmedia":[{"embeddable":true,"href":"https:\/\/radioacuariofm.com.ar\/index.php?rest_route=\/wp\/v2\/media\/228480"}],"wp:attachment":[{"href":"https:\/\/radioacuariofm.com.ar\/index.php?rest_route=%2Fwp%2Fv2%2Fmedia&parent=228479"}],"wp:term":[{"taxonomy":"category","embeddable":true,"href":"https:\/\/radioacuariofm.com.ar\/index.php?rest_route=%2Fwp%2Fv2%2Fcategories&post=228479"},{"taxonomy":"post_tag","embeddable":true,"href":"https:\/\/radioacuariofm.com.ar\/index.php?rest_route=%2Fwp%2Fv2%2Ftags&post=228479"}],"curies":[{"name":"wp","href":"https:\/\/api.w.org\/{rel}","templated":true}]}}