{"id":228476,"date":"2026-03-08T07:17:51","date_gmt":"2026-03-08T10:17:51","guid":{"rendered":"https:\/\/radioacuariofm.com.ar\/?p=228476"},"modified":"2026-03-08T07:17:53","modified_gmt":"2026-03-08T10:17:53","slug":"convocatoria-abierta-para-participar-de-un-nuevo-espacio-de-difusion-literario","status":"publish","type":"post","link":"https:\/\/radioacuariofm.com.ar\/?p=228476","title":{"rendered":"Convocatoria abierta para participar de un nuevo espacio de difusi\u00f3n literario"},"content":{"rendered":"<p><\/p>\n<div>\n<p>El Ministerio de Turismo, Cultura y Deporte, a trav\u00e9s de la secretaria de Cultura informa la apertura de la Librer\u00eda Provincial Reyna Dom\u00ednguez, un nuevo espacio destinado a la venta y promoci\u00f3n de obras literarias y no literarias de autor\u00eda sanjuanina.<\/p>\n<p>En este marco, se convoca a escritores y editores de la provincia interesados en promocionar y comercializar sus publicaciones en este \u00e1mbito, que tiene como objetivo visibilizar y fortalecer la producci\u00f3n editorial local, generando un punto de encuentro entre autores y lectores.<\/p>\n<p>La recepci\u00f3n de ejemplares se realizar\u00e1 en el edificio de la Direcci\u00f3n de Bibliotecas Populares y Actividades Literarias, ubicado en calle 25 de mayo esquina Las Heras, en horario de 8:00 a 20:00<\/p>\n<p>En cuanto a las condiciones de presentaci\u00f3n, los libros deber\u00e1n encontrarse en buen estado, sin roturas, humedad ni manchas. Se aceptar\u00e1n \u00fanicamente obras literarias o de divulgaci\u00f3n cient\u00edfica escritas por autores sanjuaninos y se recibir\u00e1n hasta tres ejemplares por t\u00edtulo.<\/p>\n<\/p><\/div>\n<p><script async defer crossorigin=\"anonymous\" src=\"https:\/\/connect.facebook.net\/es_ES\/sdk.js#xfbml=1&#038;version=v3.3\"><\/script><\/p>\n","protected":false},"excerpt":{"rendered":"<p>El Ministerio de Turismo, Cultura y Deporte, a trav\u00e9s de la secretaria de Cultura informa la apertura de la Librer\u00eda Provincial Reyna Dom\u00ednguez, un nuevo espacio destinado a la venta y promoci\u00f3n de obras literarias y no literarias de autor\u00eda sanjuanina. En este marco, se convoca a escritores y editores de la provincia interesados en [&hellip;]<\/p>\n","protected":false},"author":2,"featured_media":228477,"comment_status":"closed","ping_status":"closed","sticky":false,"template":"","format":"standard","meta":{"footnotes":""},"categories":[27],"tags":[],"class_list":["post-228476","post","type-post","status-publish","format-standard","has-post-thumbnail","hentry","category-san-juan"],"_links":{"self":[{"href":"https:\/\/radioacuariofm.com.ar\/index.php?rest_route=\/wp\/v2\/posts\/228476","targetHints":{"allow":["GET"]}}],"collection":[{"href":"https:\/\/radioacuariofm.com.ar\/index.php?rest_route=\/wp\/v2\/posts"}],"about":[{"href":"https:\/\/radioacuariofm.com.ar\/index.php?rest_route=\/wp\/v2\/types\/post"}],"author":[{"embeddable":true,"href":"https:\/\/radioacuariofm.com.ar\/index.php?rest_route=\/wp\/v2\/users\/2"}],"replies":[{"embeddable":true,"href":"https:\/\/radioacuariofm.com.ar\/index.php?rest_route=%2Fwp%2Fv2%2Fcomments&post=228476"}],"version-history":[{"count":1,"href":"https:\/\/radioacuariofm.com.ar\/index.php?rest_route=\/wp\/v2\/posts\/228476\/revisions"}],"predecessor-version":[{"id":228478,"href":"https:\/\/radioacuariofm.com.ar\/index.php?rest_route=\/wp\/v2\/posts\/228476\/revisions\/228478"}],"wp:featuredmedia":[{"embeddable":true,"href":"https:\/\/radioacuariofm.com.ar\/index.php?rest_route=\/wp\/v2\/media\/228477"}],"wp:attachment":[{"href":"https:\/\/radioacuariofm.com.ar\/index.php?rest_route=%2Fwp%2Fv2%2Fmedia&parent=228476"}],"wp:term":[{"taxonomy":"category","embeddable":true,"href":"https:\/\/radioacuariofm.com.ar\/index.php?rest_route=%2Fwp%2Fv2%2Fcategories&post=228476"},{"taxonomy":"post_tag","embeddable":true,"href":"https:\/\/radioacuariofm.com.ar\/index.php?rest_route=%2Fwp%2Fv2%2Ftags&post=228476"}],"curies":[{"name":"wp","href":"https:\/\/api.w.org\/{rel}","templated":true}]}}