{"id":228458,"date":"2026-03-07T23:36:51","date_gmt":"2026-03-08T02:36:51","guid":{"rendered":"https:\/\/radioacuariofm.com.ar\/?p=228458"},"modified":"2026-03-07T23:36:52","modified_gmt":"2026-03-08T02:36:52","slug":"una-guerra-con-mas-preguntas-que-respuestas-y-sin-estrategia-de-salida","status":"publish","type":"post","link":"https:\/\/radioacuariofm.com.ar\/?p=228458","title":{"rendered":"Una guerra con m\u00e1s preguntas que respuestas y sin estrategia de salida"},"content":{"rendered":"<p> <br \/>\n<\/p>\n<div>\n<p class=\"com-paragraph  --capital --s\">TEL AVIV.\u2013 El retorno del <strong>caos global, de la pol\u00edtica de la violencia, de la distracci\u00f3n y de la fuerza<\/strong>, impulsada por l\u00edderes que \u2014seg\u00fan observan algunos analistas\u2014 <a href=\"https:\/\/www.lanacion.com.ar\/estados-unidos\/una-guerra-civil-irani-no-le-conviene-a-estados-unidos-nid07032026\/\" target=\"_self\" title=\"https:\/\/www.lanacion.com.ar\/estados-unidos\/una-guerra-civil-irani-no-le-conviene-a-estados-unidos-nid07032026\/\" class=\"com-link break-word\" data-mrf-recirculation=\"n_link_parrafo\">carecen de estrategias claras de largo plazo<\/a>, manipulan los hechos y, sin tener en cuenta las lecciones de la historia, han abierto una explosiva caja de Pandora.<\/p>\n<p class=\"com-paragraph   --s\">En el octavo d\u00eda de la <a href=\"https:\/\/www.lanacion.com.ar\/el-mundo\/como-funciona-el-c-ram-el-sistema-que-derribo-tres-cohetes-que-se-dirigian-a-la-embajada-de-eeuu-en-nid07032026\/\" target=\"_self\" title=\"https:\/\/www.lanacion.com.ar\/el-mundo\/como-funciona-el-c-ram-el-sistema-que-derribo-tres-cohetes-que-se-dirigian-a-la-embajada-de-eeuu-en-nid07032026\/\" class=\"com-link break-word\" data-mrf-recirculation=\"n_link_parrafo\">guerra \u201cpreventiva\u201d lanzada por Israel y Estados Unidos contra Ir\u00e1n<\/a>, hay m\u00e1s preguntas que respuestas sobre qu\u00e9 pasar\u00e1 en Medio Oriente. M\u00e1s all\u00e1 de la euforia belicista, de la ret\u00f3rica victoriosa que utilizan el premier israel\u00ed, <strong>Benjamin Netanyahu<\/strong>, y el presidente de Estados Unidos, <strong>Donald Trump<\/strong>, los dos m\u00e1ximos responsables de una ofensiva militar devastadora para Teher\u00e1n, que trastoc\u00f3 al mundo, el r\u00e9gimen iran\u00ed, que llora el asesinato de su l\u00edder m\u00e1ximo, el ayatollah <strong>Ali Khamenei<\/strong>, sigue firme al mando.<\/p>\n<p class=\"com-paragraph   --s\">La nueva escalada regional se produce adem\u00e1s en un Medio Oriente ya profundamente desestabilizado desde el ataque de Hamas contra Israel el 7 de octubre de 2023, que desencaden\u00f3 la guerra en Gaza.<\/p>\n<div class=\"content-media\">\n<section role=\"button\" class=\"mod-media   \">\n<figure role=\"button\" class=\"mod-figure \"><figcaption class=\"mod-figcaption\"><span class=\"com-text --caption --twoxs\">Fuerzas de seguridad israel\u00edes y equipos de primera respuesta trabajan en el sitio de un ataque iran\u00ed, en Tel Aviv<\/span><span class=\"com-text --credit --twoxs\">Gideon Markowicz  &#8211; XinHua <\/span><\/figcaption><\/figure>\n<\/section>\n<\/div>\n<p class=\"com-paragraph   --s\">Y si bien hace ocho d\u00edas muchos israel\u00edes se ilusionaron con una <strong>guerra rel\u00e1mpago<\/strong>, corta, como la de los doce d\u00edas de junio del a\u00f1o pasado, se avizora un escenario mucho m\u00e1s complejo y peligroso, con consecuencias nefastas para todo el mundo.<\/p>\n<p class=\"com-paragraph   --s\"><strong>\u201cUno sabe c\u00f3mo empieza la guerra y nunca sabe c\u00f3mo termina\u201d<\/strong>, coment\u00f3 a LA NACION el polit\u00f3logo israel\u00ed <a href=\"https:\/\/www.lanacion.com.ar\/el-mundo\/mario-sznajder-el-diablo-esta-en-los-detalles-y-cualquiera-de-esos-detalles-puede-hacer-estallar-nid11102025\/\" target=\"_self\" title=\"https:\/\/www.lanacion.com.ar\/el-mundo\/mario-sznajder-el-diablo-esta-en-los-detalles-y-cualquiera-de-esos-detalles-puede-hacer-estallar-nid11102025\/\" class=\"com-link break-word\" data-mrf-recirculation=\"n_link_parrafo\"><strong>Mario Sznajder<\/strong><\/a>, que, como muchos expertos, destac\u00f3 que lo que falta en este caso es nada menos que<strong> \u201cuna visi\u00f3n pol\u00edtico-estrat\u00e9gica\u201d<\/strong>. Sznajder subray\u00f3, en efecto, que es imposible cambiar a un r\u00e9gimen como el de Ir\u00e1n en dos semanas, m\u00e1s all\u00e1 de la enorme superioridad t\u00e9cnica y militar de la fuerza a\u00e9rea israel\u00ed y estadounidense.<\/p>\n<p class=\"com-paragraph   --s\">\u201cNi Netanyahu ni Trump controlan la situaci\u00f3n dentro de Ir\u00e1n, que sigue<strong> bajo el mando de los ayatollahs, los miembros de la guardia revolucionaria y las milicias Basijs.<\/strong> Este r\u00e9gimen en 47 a\u00f1os se ha institucionalizado en base a una ideolog\u00eda extremista, fan\u00e1tica y tiene una base social muy amplia\u201d, apunt\u00f3. <\/p>\n<div class=\"content-media\">\n<section role=\"button\" class=\"mod-media   \">\n<figure role=\"button\" class=\"mod-figure \"><figcaption class=\"mod-figcaption\"><span class=\"com-text --caption --twoxs\">El polit\u00f3logo Mario Sznajder<\/span><span class=\"com-text --credit --twoxs\">Elisabetta Piqu\u00e9<\/span><\/figcaption><\/figure>\n<\/section>\n<\/div>\n<p class=\"com-paragraph   --s\">Como otros expertos, destac\u00f3 el hecho de que Ir\u00e1n, pa\u00eds de m\u00e1s de 92 millones de habitantes, tiene una composici\u00f3n social compleja, que podr\u00eda desmadrarse. Una mitad de la poblaci\u00f3n es <strong>persa<\/strong>, pero la otra mitad es un mosaico de diversas etnias <strong>(kurdos, azer\u00edes, baluchis, \u00e1rabes)<\/strong> y el peligro es que el colapso del r\u00e9gimen degenere en una sangrienta guerra civil. <\/p>\n<p class=\"com-paragraph   --s\">\u201cSi se desintegra Ir\u00e1n, que <strong>de estado fan\u00e1tico se transforma en estado fallido<\/strong> y se desata una situaci\u00f3n tipo Siria, donde hubo una guerra civil de quince a\u00f1os, no creo que sea una opci\u00f3n estrat\u00e9gica v\u00e1lida\u2026 \u00bfAlguien quiere otra guerra civil en un pa\u00eds de Medio Oriente como Ir\u00e1n, que tiene el conocimiento o know-how de una industria militar muy grande, de misiles bal\u00edsticos y nucleares, sin contar la tecnolog\u00eda de drones?\u201d, se pregunt\u00f3. \u201cMi idea es que, aunque destruyamos toda la capacidad militar de Ir\u00e1n, si siguen teniendo el conocimiento, van a reconstruir las armas, por lo que para m\u00ed <strong>la \u00fanica soluci\u00f3n que puede haber es pol\u00edtica<\/strong>\u201d, a\u00f1adi\u00f3.<\/p>\n<p class=\"com-paragraph   --s\">En este marco, Szanjder advirti\u00f3 de <strong>una falla enorme de planeamiento de largo plazo, tanto de parte de Israel, como de Estados Unidos.<\/strong><\/p>\n<div class=\"content-media\">\n<section role=\"button\" class=\"mod-media   \">\n<figure role=\"button\" class=\"mod-figure \"><figcaption class=\"mod-figcaption\"><span class=\"com-text --caption --twoxs\">Humo saliendo del Aeropuerto Internacional de Dub\u00e1i<\/span><span class=\"com-text --credit --twoxs\">&#8211;  &#8211; UGC\/ANONYMOUS <\/span><\/figcaption><\/figure>\n<\/section>\n<\/div>\n<p class=\"com-paragraph   --s\">Por otro lado, se mostr\u00f3 preocupado ante el cambio de t\u00e1ctica de Ir\u00e1n contra Israel, comparando lo ocurrido con la guerra de los 12 d\u00edas del a\u00f1o pasado. \u201cEllos han aprendido de su experiencia pasada y est\u00e1n disparando menos misiles a diversas partes del territorio israel\u00ed m\u00faltiples veces por d\u00eda. O sea que estaban preparados para esta estrategia y la t\u00e1ctica es mantener a la poblaci\u00f3n israel\u00ed en tensi\u00f3n constante, con la idea de que alg\u00fan misil penetre la C\u00fapula de Hierro y cause da\u00f1o para que la gente entienda que esto no se puede tomar a la ligera\u201d. En este sentido, resalt\u00f3 que otro punto muy importante ahora, que pocos tienen en consideraci\u00f3n, es <strong>\u201cla econom\u00eda de municiones\u201d.<\/strong><\/p>\n<p class=\"com-paragraph   --s\">\u201cSi la guerra se prolonga semanas, como parece, hay un problema de econom\u00eda de municiones, por lo que existe un l\u00edmite a lo que se puede hacer y a lo que se puede disparar. Por ende hay que pensar muy bien qu\u00e9 se hace, qu\u00e9 se dispara y a d\u00f3nde se dispara, porque <strong>los costos econ\u00f3micos de todo esto son enormes<\/strong>\u201d, sum\u00f3. <\/p>\n<p class=\"com-paragraph   --s\">Se estima que <strong>se est\u00e1 gastando en Israel el equivalente a 600 millones de d\u00f3lares por d\u00eda<\/strong>, aunque a esto hay que agregarle muchos costos civiles. \u201cTenemos unos gastos terribles por el tema del cierre del pa\u00eds: el hecho de que abren los lugares de trabajo donde hay refugios, pero por otro lado <strong>no abren las escuelas, genera caos, porque entonces los padres no pueden ir a su trabajo porque no tienen con qui\u00e9n dejar a los hijos<\/strong>\u201d, remarc\u00f3.<\/p>\n<p class=\"com-paragraph   --s\">\u201cO sea, es muy muy complicada la ecuaci\u00f3n y no hay una visi\u00f3n pol\u00edtica real, ni hacia adentro ni hacia afuera. Yo no juzgo a Estados Unidos, ellos est\u00e1n en otra posici\u00f3n porque est\u00e1n llevando a cabo una guerra muy lejos de su territorio nacional. Pero en Israel lo que se ve es que hay <strong>una gran falta de planeamiento <\/strong>y lo peor es que todo depende del se\u00f1or Trump, que decide de forma err\u00e1tica y en cualquier momento y que dentro de un d\u00eda puede anunciar que la guerra se termin\u00f3\u2026 Y \u00bfqu\u00e9 pasa con nosotros? \u00bfQuedamos colgados? Esto es un desmadre\u2026\u201d, grafic\u00f3.<\/p>\n<p class=\"com-paragraph   --s\">Coincidi\u00f3 el historiador israel\u00ed, <strong>Omer Bartov<\/strong>, uno de los m\u00e1ximos expertos del Holocausto y de los genocidios que, en di\u00e1logo telef\u00f3nico con LA NACION desde Estados Unidos, donde ense\u00f1a en la Brown University de Providence, no dud\u00f3 en hablar de un <strong>\u201cretorno del caos global\u201d.<\/strong><\/p>\n<p class=\"com-paragraph   --s\">\u201cEste es un ejemplo cl\u00e1sico de acci\u00f3n sin estrategia. Un cambio de r\u00e9gimen, si es que era el objetivo, no fue preparado. Y a la luz de las primeras declaraciones de <strong>Marco Rubio<\/strong>, es l\u00edcito suponer que Israel fue el inspirador. Netanyahu construy\u00f3 su carrera pol\u00edtica azuzando <strong>el fantasma del peligro nuclear iran\u00ed y de Hamas<\/strong>, sus dos obsesiones y logr\u00f3 intimidar a la opini\u00f3n p\u00fablica interna y a convencer a Estados Unidos\u201d, consider\u00f3. \u201cDesde hace casi tres a\u00f1os Bibi vende una \u2018victoria total\u2019 cada ocho meses y estos dos enemigos son sus dos activos desde hace tiempo. Lo importante es mantener la pol\u00edtica de violencia para que los electores no tengan tiempo de hacerse preguntas\u201d, apunt\u00f3.<\/p>\n<div class=\"content-media\">\n<section role=\"button\" class=\"mod-media   \">\n<figure role=\"button\" class=\"mod-figure \"><figcaption class=\"mod-figcaption\"><span class=\"com-text --caption --twoxs\">Escombros de edificios destruidos en el lugar de un ataque a\u00e9reo israel\u00ed contra el barrio de Burj al-Barajneh, en Beirut<\/span><span class=\"com-text --credit --twoxs\">&#8211;  &#8211; AFP <\/span><\/figcaption><\/figure>\n<\/section>\n<\/div>\n<p class=\"com-paragraph   --s\">En este contexto, defini\u00f3 como \u201cuna acci\u00f3n de extraordinaria irresponsabilidad\u201d la guerra lanzada contra Ir\u00e1n por \u00e9l y Trump, <strong>dos mandatarios que tienen en com\u00fan pensar en el corto plazo<\/strong>, ser \u201cvendedores\u201d de supuestas grandes victorias y en implementar pol\u00edticas \u201cde distracci\u00f3n\u201d para evitar temas internos \u201ccalientes\u201d. <\/p>\n<p class=\"com-paragraph   --s\">En el caso del premier israel\u00ed, <strong>que no se hable m\u00e1s del \u201cfiasco\u201d del 7 de octubre de 2023, ni de una comisi\u00f3n investigadora, ni de su juicio de corrupci\u00f3n<\/strong>; <strong>y de Trump, del esc\u00e1ndalo vinculado al financista ped\u00f3filo Jeffrey Esptein y los problemas de la econom\u00eda norteamericana.<\/strong><\/p>\n<p class=\"com-paragraph   --s\">\u201cEntonces, nada de esto es sorprendente, a pesar de que lo que realmente est\u00e1n haciendo, no tienen ninguna estrategia real detr\u00e1s. Raramente puede lograrse un cambio de r\u00e9gimen, y menos, desde el aire. Y la posibilidad de que esto s\u00f3lo traiga devastaci\u00f3n, muertes y perpet\u00fae un mayor caos en todo el Medio Oriente es muy alta\u201d, advirti\u00f3.<\/p>\n<p class=\"com-paragraph   --s\">Lament\u00f3, adem\u00e1s, que los antecedentes hist\u00f3ricos recientes no hayan servido para aprender ninguna lecci\u00f3n. <strong>\u201cEl grupo pro-iran\u00ed Hezbollah fue la respuesta a la invasi\u00f3n del L\u00edbano por parte de Israel de 1982\u2026 \u00bfCu\u00e1l fue el origen de Estado Isl\u00e1mico (EI)? La invasi\u00f3n estadounidense de Irak y la idea de que llevar\u00edan la democracia eliminando a Saddam Hussein\u201d<\/strong>, evoc\u00f3.<\/p>\n<div class=\"content-media\">\n<section role=\"button\" class=\"mod-media   \">\n<figure role=\"button\" class=\"mod-figure \"><figcaption class=\"mod-figcaption\"><span class=\"com-text --caption --twoxs\">Netanyahu y Trump el pasado mes de diciembre.<\/span><span class=\"com-text --credit --twoxs\">Getty Images<\/span><\/figcaption><\/figure>\n<\/section>\n<\/div>\n<p class=\"com-paragraph   --s\">Al igual que Szanjder, el historiador israel\u00ed subray\u00f3 la complejidad de un pa\u00eds como Ir\u00e1n y su composici\u00f3n \u00e9tnica y no ocult\u00f3 su pesimismo. \u201cAhora surge otra idea, igualmente descabellada, de<strong> utilizar a los kurdos y no est\u00e1 claro qu\u00e9 har\u00edan los kurdos si conquistaran Teher\u00e1n<\/strong>. Claramente no hay ning\u00fan pensamiento estrat\u00e9gico detr\u00e1s de esto y nadie parece haber pensado qui\u00e9n asumir\u00eda el poder\u201d, dijo. \u201cPor supuesto, pase lo que pase, Netanyahu y Trump intentar\u00e1n venderlo como una victoria\u201d, a\u00f1adi\u00f3, al subrayar que ya hicieron lo mismo despu\u00e9s de eso la guerra de los 12 d\u00edas con la que, seg\u00fan ellos, hab\u00edan arrasado el programa nuclear iran\u00ed. Esto fue posible por su habilidad de mostrarse como l\u00edderes supuestamente \u201cdemocr\u00e1ticos\u201d y de \u201cmanipular\u201d las opiniones p\u00fablicas a trav\u00e9s de noticias falsas en un te\u00f3rico mundo \u201clibre\u201d.<\/p>\n<p class=\"com-paragraph   --s\">Preocupado como muchos analistas, Bartov consider\u00f3 \u201ctriste\u201d ver c\u00f3mo <strong>la arquitectura que se construy\u00f3 despu\u00e9s de la Segunda Guerra Mundial \u201cse est\u00e1 desintegrando\u201d.<\/strong> <\/p>\n<p class=\"com-paragraph   --s\">\u201cLo que ocurri\u00f3 en Gaza despu\u00e9s del 7-10 marc\u00f3 un giro: <strong>el silencio de Occidente ante el genocidio cometido all\u00ed por Israel ha certificado la posibilidad de desmantelar el orden global<\/strong>\u201d, lament\u00f3, al hablar de un \u201cnuevo mundo sin reglas\u201d, donde<strong> la \u00fanica forma de protegerse es la posesi\u00f3n de una bomba nuclear, como ocurre con el presidente ruso, Vladimir Putin<\/strong>.<\/p>\n<p class=\"com-paragraph   --s\"> \u201cSi de alguna manera sobrevive a esto, la lecci\u00f3n de lo que pasa en Ir\u00e1n es que, si un pa\u00eds peque\u00f1o o mediano quiere evitar ser invadido por un gran imperio, debe tener una bomba nuclear. Eso es lo \u00fanico que puede protegerlos en un mundo que ahora est\u00e1 siendo impulsado por personas como<strong> Xi Jinping, Vladimir Putin y Donald Trump<\/strong>, que es un mundo que desaf\u00eda al derecho internacional, desaf\u00eda a la ONU y, de hecho, propone un nuevo acuerdo mundial de grandes potencias que dividen el mundo entre s\u00ed, tal como ocurri\u00f3 en el siglo XIX\u201d, plante\u00f3. \u201cAunque ahora -concluy\u00f3-, todo es mucho m\u00e1s peligroso porque la destrucci\u00f3n puede ser mucho mayor que en esa \u00e9poca\u201d. <\/p>\n<section class=\"container-center-100 mb-40 border border-bottom border-thin border-neutral-light-700\">\n<hr\/>\n<\/section>\n<\/div>\n\n","protected":false},"excerpt":{"rendered":"<p>TEL AVIV.\u2013 El retorno del caos global, de la pol\u00edtica de la violencia, de la distracci\u00f3n y de la fuerza, impulsada por l\u00edderes que \u2014seg\u00fan observan algunos analistas\u2014 carecen de estrategias claras de largo plazo, manipulan los hechos y, sin tener en cuenta las lecciones de la historia, han abierto una explosiva caja de Pandora. [&hellip;]<\/p>\n","protected":false},"author":2,"featured_media":228459,"comment_status":"closed","ping_status":"closed","sticky":false,"template":"","format":"standard","meta":{"footnotes":""},"categories":[1],"tags":[],"class_list":["post-228458","post","type-post","status-publish","format-standard","has-post-thumbnail","hentry","category-uncategorized"],"_links":{"self":[{"href":"https:\/\/radioacuariofm.com.ar\/index.php?rest_route=\/wp\/v2\/posts\/228458","targetHints":{"allow":["GET"]}}],"collection":[{"href":"https:\/\/radioacuariofm.com.ar\/index.php?rest_route=\/wp\/v2\/posts"}],"about":[{"href":"https:\/\/radioacuariofm.com.ar\/index.php?rest_route=\/wp\/v2\/types\/post"}],"author":[{"embeddable":true,"href":"https:\/\/radioacuariofm.com.ar\/index.php?rest_route=\/wp\/v2\/users\/2"}],"replies":[{"embeddable":true,"href":"https:\/\/radioacuariofm.com.ar\/index.php?rest_route=%2Fwp%2Fv2%2Fcomments&post=228458"}],"version-history":[{"count":1,"href":"https:\/\/radioacuariofm.com.ar\/index.php?rest_route=\/wp\/v2\/posts\/228458\/revisions"}],"predecessor-version":[{"id":228460,"href":"https:\/\/radioacuariofm.com.ar\/index.php?rest_route=\/wp\/v2\/posts\/228458\/revisions\/228460"}],"wp:featuredmedia":[{"embeddable":true,"href":"https:\/\/radioacuariofm.com.ar\/index.php?rest_route=\/wp\/v2\/media\/228459"}],"wp:attachment":[{"href":"https:\/\/radioacuariofm.com.ar\/index.php?rest_route=%2Fwp%2Fv2%2Fmedia&parent=228458"}],"wp:term":[{"taxonomy":"category","embeddable":true,"href":"https:\/\/radioacuariofm.com.ar\/index.php?rest_route=%2Fwp%2Fv2%2Fcategories&post=228458"},{"taxonomy":"post_tag","embeddable":true,"href":"https:\/\/radioacuariofm.com.ar\/index.php?rest_route=%2Fwp%2Fv2%2Ftags&post=228458"}],"curies":[{"name":"wp","href":"https:\/\/api.w.org\/{rel}","templated":true}]}}