{"id":228420,"date":"2026-03-07T11:24:49","date_gmt":"2026-03-07T14:24:49","guid":{"rendered":"https:\/\/radioacuariofm.com.ar\/?p=228420"},"modified":"2026-03-07T11:24:50","modified_gmt":"2026-03-07T14:24:50","slug":"asi-fue-el-momento-en-que-atacaron-el-aeropuerto-de-dubai","status":"publish","type":"post","link":"https:\/\/radioacuariofm.com.ar\/?p=228420","title":{"rendered":"As\u00ed fue el momento en que atacaron el aeropuerto de Dub\u00e1i"},"content":{"rendered":"<p> <br \/>\n<\/p>\n<div>\n<p class=\"com-paragraph  --capital --s\">DUB\u00c1I (AFP).- A poco de conocerse las declaraciones del r\u00e9gimen de <a href=\"https:\/\/www.lanacion.com.ar\/el-mundo\/conflicto-en-medio-oriente-la-onda-expansiva-de-la-guerra-en-el-mundo-y-el-riesgo-de-una-crisis-nid07032026\/\" target=\"_self\" title=\"https:\/\/www.lanacion.com.ar\/el-mundo\/conflicto-en-medio-oriente-la-onda-expansiva-de-la-guerra-en-el-mundo-y-el-riesgo-de-una-crisis-nid07032026\/\" class=\"com-link break-word\" data-mrf-recirculation=\"n_link_parrafo\"><strong>Ir\u00e1n<\/strong><\/a>, en las que asegur\u00f3 que no lanzar\u00e1 proyectiles a los pa\u00edses vecinos, este s\u00e1bado por la ma\u00f1ana se reportaron explosiones en el aeropuerto de <strong>Dub\u00e1i, Emiratos \u00c1rabes Unidos,<\/strong> la terminal a\u00e9rea con mayor tr\u00e1fico del mundo. Las operaciones tuvieron que ser suspendidas de manera preventiva y luego fueron reanudadas parcialmente.<\/p>\n<p class=\"com-paragraph   --s\">De acuerdo al gobierno emirat\u00ed, las explosiones se llevaron a cabo a ra\u00edz de una <strong>operaci\u00f3n de interceptaci\u00f3n de misiles -presuntamente iran\u00edes- sobre la terminal a\u00e9rea.<\/strong> En los <strong>videos <\/strong>difundidos en las redes sociales se puede ver una gran explosi\u00f3n muy cerca de la Terminal A; incluso se observan aviones estacionados muy cerca. <\/p>\n<div class=\"content-media cursor-pointer container-center-100\">\n<section class=\"media-container relative ratio-16-9 mod-media pb-32\">\n<figure class=\"mod-video\">\n<div class=\"video-player bg-black ratio-16-9\" data-has-jwplayer=\"true\" data-video-id-jw=\"JrVdCCR5\" data-config=\"{&quot;title&quot;:&quot;El video del momento del ataque al aeropuerto de Dub\u00e1i &quot;,&quot;mediaId&quot;:&quot;JrVdCCR5&quot;,&quot;playerId&quot;:&quot;ih0086X3&quot;,&quot;playlist&quot;:[{&quot;mediaid&quot;:&quot;JrVdCCR5&quot;,&quot;sources&quot;:[{&quot;file&quot;:&quot;https:\/\/cdn.jwplayer.com\/manifests\/JrVdCCR5.m3u8&quot;,&quot;type&quot;:&quot;application\/vnd.apple.mpegurl&quot;},{&quot;bitrate&quot;:425591,&quot;file&quot;:&quot;https:\/\/cdn.jwplayer.com\/videos\/JrVdCCR5-kTExGaWf.mp4&quot;,&quot;filesize&quot;:638387,&quot;framerate&quot;:30,&quot;height&quot;:314,&quot;label&quot;:&quot;180p&quot;,&quot;type&quot;:&quot;video\/mp4&quot;,&quot;width&quot;:320}]}],&quot;hasAutoplay&quot;:false,&quot;autostart&quot;:true,&quot;tagsUrl&quot;:&quot;https:\/\/pubads.g.doubleclick.net\/gampad\/ads?slotname=\/133919216\/la_nacion_video\/nota\/preroll&amp;sz=640x480|400x300&amp;ciu_szs=300x250&amp;unviewed_position_start=1&amp;output=vast&amp;impl=s&amp;env=vp&amp;gdfp_req=1&amp;ad_rule=0&amp;vad_type=linear&amp;vpos=preroll&amp;cust_params=tags_nuevos%3Dte_guerra_en_medio_oriente%2Cte_iran%2Cte_estados_unidos%2Cte_israel%2Cte_dubai%2Cte_emiratos_arabes%2Cca_el_mundo%2C%2CC5PFXVSU2FFXVDCFOO4QU6YSAM&amp;pod=3&amp;ppos=1&amp;lip=true&amp;min_ad_duration=0&amp;max_ad_duration=30000&amp;vrid=6256&amp;url=https%3A%2F%2Fwww.lanacion.com.ar%2Fel-mundo%2Fel-video-del-momento-en-que-atacan-el-aeropuerto-de-dubai-nid07032026%2F%3Futm_medium%3DEchobox%26variant%3DA%26utm_term%3DAutofeed%26utm_source%3DTwitter&amp;description_url=https%3A%2F%2Fwww.lanacion.com.ar%2Fel-mundo%2Fel-video-del-momento-en-que-atacan-el-aeropuerto-de-dubai-nid07032026%2F%3Futm_medium%3DEchobox%26variant%3DA%26utm_term%3DAutofeed%26utm_source%3DTwitter&amp;video_doc_id=short_onecue&amp;cmsid=496&amp;kfa=0&amp;tfcd=0&amp;correlator=1772893311882&quot;,&quot;arcSite&quot;:&quot;la-nacion-ar&quot;}\">\n<div id=\"facade-JrVdCCR5\" class=\"content-facade-jw relative bg-black ratio-16-9\"><picture><source media=\"(max-width: 767px)\" srcset=\"https:\/\/resizer.glanacion.com\/resizer\/v2\/https%3A%2F%2Fcdn.jwplayer.com%2Fv2%2Fmedia%2FJrVdCCR5%2Fposter.jpg%3Fwidth%3D720?auth=8c5ed343f8d6471add68d8eda0f8ccf368b8b1df9ed0a04618c17ba3e04f46cf&amp;width=480&amp;quality=70&amp;smart=false\"\/><\/picture><\/div>\n<\/div><figcaption class=\"border border-1 border-bottom border-light-300 relative px-16 py-8 min-h-36 w-100_md px-0_l mb-8 bg-white\"><span class=\"text ln-text text-16 block\">El video del momento del ataque al aeropuerto de Dub\u00e1i <\/span><\/figcaption><\/figure>\n<\/section>\n<\/div>\n<p class=\"com-paragraph   --s\">\u201cPor la seguridad de los pasajeros, el personal del aeropuerto y las tripulaciones de las aerol\u00edneas, las operaciones en el Aeropuerto Internacional de Dub\u00e1i (DXB) <strong>se han suspendido temporalmente\u201d,<\/strong> indic\u00f3 la Oficina de Medios de Comunicaci\u00f3n en la red social X.<\/p>\n<p class=\"com-paragraph   --s\">Este s\u00e1badose interceptaron proyectiles sobre el aeropuerto, seg\u00fan un testigo que dijo haber escuchado una fuerte explosi\u00f3n, seguida de la aparici\u00f3n de una nube de humo. Previamente, el gobierno de esta rica ciudad de Emiratos \u00c1rabes confirm\u00f3 en X <strong>\u201cun incidente menor como consecuencia de la ca\u00edda de escombros tras una interceptaci\u00f3n\u201d.<\/strong><\/p>\n<p class=\"com-paragraph   --s\">El portal web de seguimiento de vuelos <em>Flightradar24<\/em> mostraba a varios aviones dando vueltas alrededor de dicho aeropuerto, esperando turno aparentemente para poder aterrizar. El lunes, dos d\u00edas despu\u00e9s del inicio de <strong>la guerra de Estados Unidos e Israel contra Ir\u00e1n<\/strong>, se hab\u00edan reanudado de forma limitada los vuelos desde el principal aeropuerto de Dub\u00e1i. Y ello pese a los ataques diarios de drones iran\u00edes contra objetivos en Emiratos.<\/p>\n<p class=\"com-paragraph   --s\"><strong>Emirates<\/strong>, la mayor aerol\u00ednea de Medio Oriente, hab\u00eda anunciado por su lado la suspensi\u00f3n de sus vuelos con salida y destino Dub\u00e1i hasta nueva orden. <strong>\u201cPor favor no vayan al aeropuerto\u201d, <\/strong>indic\u00f3 la compa\u00f1\u00eda en la red X. \u201cLas defensas a\u00e9reas emirat\u00edes afrontan en este momento amenazas de misiles y drones provenientes de Ir\u00e1n\u201d, indic\u00f3 el ministerio de Defensa, que no precis\u00f3 el blanco de dichos ataques. <\/p>\n<p class=\"com-paragraph   --s\">Pocas horas despu\u00e9s del ataque, la terminal <strong>reanud\u00f3 parcialmente las operaciones. \u201cLes pedimos encarecidamente que no acudan al aeropuerto a menos que la aerol\u00ednea los haya contactado para confirmar el vuelo, porque los horarios podr\u00edan sufrir modificaciones\u201d,<\/strong> indic\u00f3 el aeropuerto a sus usuarios. <\/p>\n<p class=\"com-paragraph   --s\">El s\u00e1bado pasado, en el primer d\u00eda de la guerra, cuatro empleados fueron heridos y una sala result\u00f3 da\u00f1ada en este <a href=\"https:\/\/www.lanacion.com.ar\/el-mundo\/el-conflicto-en-medio-oriente-causa-el-peor-caos-aereo-global-desde-la-pandemia-de-covid-19-nid03032026\/\" target=\"_self\" title=\"https:\/\/www.lanacion.com.ar\/el-mundo\/el-conflicto-en-medio-oriente-causa-el-peor-caos-aereo-global-desde-la-pandemia-de-covid-19-nid03032026\/\" class=\"com-link break-word\" data-mrf-recirculation=\"n_link_parrafo\">aeropuerto <\/a>por ataques iran\u00edes, que tambi\u00e9n alcanzaron el aeropuerto de Abu Dhabi, el complejo residencial de lujo Palm Jumeirah y el emblem\u00e1tico hotel <strong>Burj Al Arab. <\/strong><\/p>\n<div class=\"content-media\">\n<section role=\"button\" class=\"mod-media   \">\n<figure role=\"button\" class=\"mod-figure \"><figcaption class=\"mod-figcaption\"><span class=\"com-text --caption --twoxs\">El aeropuerto de Dub\u00e1i el s\u00e1bado pasado, cuando tuvo que cerrar por el ataque de Ir\u00e1n<br \/>\n(AP\/Altaf Qadri)<\/span><span class=\"com-text --credit --twoxs\">Altaf Qadri &#8211; AP<\/span><\/figcaption><\/figure>\n<\/section>\n<\/div>\n<p class=\"com-paragraph   --s\">Justo antes de las explosiones en Dub\u00e1i, el presidente de Ir\u00e1n, <strong>Masoud Pezeshkian<\/strong>, se disculp\u00f3 por los ataques de Teher\u00e1n a otros pa\u00edses de la regi\u00f3n y asegur\u00f3 que se detendr\u00edan. <\/p>\n<p class=\"com-paragraph   --s\">Pezeshkian sugiri\u00f3 que se deb\u00edan a una falta de comunicaci\u00f3n en sus filas. Los comentarios se produjeron mientras intensos ataques iran\u00edes ten\u00edan como objetivo los estados \u00e1rabes del golfo P\u00e9rsico.<\/p>\n<div class=\"content-media\">\n<section role=\"button\" class=\"mod-media   \">\n<figure role=\"button\" class=\"mod-figure \"><figcaption class=\"mod-figcaption\"><span class=\"com-text --caption --twoxs\">El presidente iran\u00ed, Masoud Pezeshkian<\/span><span class=\"com-text --credit --twoxs\">Getty Images<\/span><\/figcaption><\/figure>\n<\/section>\n<\/div>\n<p class=\"com-paragraph   --s\"><strong>\u201cDebo pedir disculpas en mi nombre a los pa\u00edses vecinos que fueron atacados por Ir\u00e1n\u201d,<\/strong> afirm\u00f3 el presidente. \u201cA partir de ahora, no deben atacar a los pa\u00edses vecinos ni dispararles misiles, a menos que seamos atacados por esos pa\u00edses. Creo que debemos resolver esto a trav\u00e9s de la diplomacia\u201d, sum\u00f3.<\/p>\n<p class=\"com-paragraph   --s\">En tanto el presidente de Estados Unidos, Donald Trump, afirm\u00f3 el viernes que no negociar\u00eda con Ir\u00e1n sin su \u201crendici\u00f3n incondicional\u201d y advirti\u00f3 sobre una pr\u00f3xima campa\u00f1a de bombardeos m\u00e1s intensos.<\/p>\n<p class=\"com-paragraph   --s\">A modo de respuesta, el presidente iran\u00ed dijo que la exigencia de Washington es un <strong>\u201csue\u00f1o que deber\u00edan llevarse a la tumba\u201d.<\/strong><\/p>\n<section class=\"container-center-100 mb-40 border border-bottom border-thin border-neutral-light-700\">\n<hr\/>\n<\/section>\n<\/div>\n\n","protected":false},"excerpt":{"rendered":"<p>DUB\u00c1I (AFP).- A poco de conocerse las declaraciones del r\u00e9gimen de Ir\u00e1n, en las que asegur\u00f3 que no lanzar\u00e1 proyectiles a los pa\u00edses vecinos, este s\u00e1bado por la ma\u00f1ana se reportaron explosiones en el aeropuerto de Dub\u00e1i, Emiratos \u00c1rabes Unidos, la terminal a\u00e9rea con mayor tr\u00e1fico del mundo. Las operaciones tuvieron que ser suspendidas de [&hellip;]<\/p>\n","protected":false},"author":2,"featured_media":228421,"comment_status":"closed","ping_status":"closed","sticky":false,"template":"","format":"standard","meta":{"footnotes":""},"categories":[1],"tags":[],"class_list":["post-228420","post","type-post","status-publish","format-standard","has-post-thumbnail","hentry","category-uncategorized"],"_links":{"self":[{"href":"https:\/\/radioacuariofm.com.ar\/index.php?rest_route=\/wp\/v2\/posts\/228420","targetHints":{"allow":["GET"]}}],"collection":[{"href":"https:\/\/radioacuariofm.com.ar\/index.php?rest_route=\/wp\/v2\/posts"}],"about":[{"href":"https:\/\/radioacuariofm.com.ar\/index.php?rest_route=\/wp\/v2\/types\/post"}],"author":[{"embeddable":true,"href":"https:\/\/radioacuariofm.com.ar\/index.php?rest_route=\/wp\/v2\/users\/2"}],"replies":[{"embeddable":true,"href":"https:\/\/radioacuariofm.com.ar\/index.php?rest_route=%2Fwp%2Fv2%2Fcomments&post=228420"}],"version-history":[{"count":1,"href":"https:\/\/radioacuariofm.com.ar\/index.php?rest_route=\/wp\/v2\/posts\/228420\/revisions"}],"predecessor-version":[{"id":228422,"href":"https:\/\/radioacuariofm.com.ar\/index.php?rest_route=\/wp\/v2\/posts\/228420\/revisions\/228422"}],"wp:featuredmedia":[{"embeddable":true,"href":"https:\/\/radioacuariofm.com.ar\/index.php?rest_route=\/wp\/v2\/media\/228421"}],"wp:attachment":[{"href":"https:\/\/radioacuariofm.com.ar\/index.php?rest_route=%2Fwp%2Fv2%2Fmedia&parent=228420"}],"wp:term":[{"taxonomy":"category","embeddable":true,"href":"https:\/\/radioacuariofm.com.ar\/index.php?rest_route=%2Fwp%2Fv2%2Fcategories&post=228420"},{"taxonomy":"post_tag","embeddable":true,"href":"https:\/\/radioacuariofm.com.ar\/index.php?rest_route=%2Fwp%2Fv2%2Ftags&post=228420"}],"curies":[{"name":"wp","href":"https:\/\/api.w.org\/{rel}","templated":true}]}}