{"id":228417,"date":"2026-03-07T10:24:35","date_gmt":"2026-03-07T13:24:35","guid":{"rendered":"https:\/\/radioacuariofm.com.ar\/?p=228417"},"modified":"2026-03-07T10:24:37","modified_gmt":"2026-03-07T13:24:37","slug":"zonda-conmemora-sus-91-anos-reivindicando-sus-raices-culturales","status":"publish","type":"post","link":"https:\/\/radioacuariofm.com.ar\/?p=228417","title":{"rendered":"Zonda conmemora sus 91 a\u00f1os reivindicando sus ra\u00edces culturales"},"content":{"rendered":"<p><\/p>\n<div>\n<p>Las artistas zondinas, Jazm\u00edn Carrizo y Luli Gon, le cantan a su tierra natal.<\/p>\n<p data-start=\"281\" data-end=\"526\">En el marco del 91 aniversario de Zonda, San Juan celebra la identidad de sus departamentos a trav\u00e9s de una propuesta cultural que combina m\u00fasica, palabra e imagen para contar la historia y el sentir de cada territorio.<\/p>\n<p data-start=\"528\" data-end=\"938\">La conmemoraci\u00f3n albardonera se integra al ciclo provincial <strong data-start=\"588\" data-end=\"620\">\u201cSan Juan tiene 19 estrofas\u201d<\/strong>, una iniciativa que prev\u00e9 la creaci\u00f3n de 19 payadas, una por cada departamento, especialmente producidas para ser difundidas en la fecha de su aniversario.<\/p>\n<p data-start=\"528\" data-end=\"938\">En este contexto, Zonda ya tiene su propia obra art\u00edstica, pensada como un homenaje a su historia, su gente, su paisaje y sus costumbres a lo largo de 91 a\u00f1os.  Las artistas zondinas, Jazm\u00edn Carrizo y Luli Gon, le cantan a su tierra natal.<\/p>\n<p data-start=\"528\" data-end=\"938\">La producci\u00f3n general, audiovisual y musical de esta edici\u00f3n est\u00e1 a cargo de la Direcci\u00f3n de Territorial, Artes Populares y Folcl\u00f3ricas de la Secretar\u00eda de Cultura, dependiente del Ministerio de Turismo, Cultura y Deporte.<\/p>\n<\/p><\/div>\n<p><script async defer crossorigin=\"anonymous\" src=\"https:\/\/connect.facebook.net\/es_ES\/sdk.js#xfbml=1&#038;version=v3.3\"><\/script><\/p>\n","protected":false},"excerpt":{"rendered":"<p>Las artistas zondinas, Jazm\u00edn Carrizo y Luli Gon, le cantan a su tierra natal. En el marco del 91 aniversario de Zonda, San Juan celebra la identidad de sus departamentos a trav\u00e9s de una propuesta cultural que combina m\u00fasica, palabra e imagen para contar la historia y el sentir de cada territorio. La conmemoraci\u00f3n albardonera [&hellip;]<\/p>\n","protected":false},"author":2,"featured_media":228418,"comment_status":"closed","ping_status":"closed","sticky":false,"template":"","format":"standard","meta":{"footnotes":""},"categories":[27],"tags":[],"class_list":["post-228417","post","type-post","status-publish","format-standard","has-post-thumbnail","hentry","category-san-juan"],"_links":{"self":[{"href":"https:\/\/radioacuariofm.com.ar\/index.php?rest_route=\/wp\/v2\/posts\/228417","targetHints":{"allow":["GET"]}}],"collection":[{"href":"https:\/\/radioacuariofm.com.ar\/index.php?rest_route=\/wp\/v2\/posts"}],"about":[{"href":"https:\/\/radioacuariofm.com.ar\/index.php?rest_route=\/wp\/v2\/types\/post"}],"author":[{"embeddable":true,"href":"https:\/\/radioacuariofm.com.ar\/index.php?rest_route=\/wp\/v2\/users\/2"}],"replies":[{"embeddable":true,"href":"https:\/\/radioacuariofm.com.ar\/index.php?rest_route=%2Fwp%2Fv2%2Fcomments&post=228417"}],"version-history":[{"count":1,"href":"https:\/\/radioacuariofm.com.ar\/index.php?rest_route=\/wp\/v2\/posts\/228417\/revisions"}],"predecessor-version":[{"id":228419,"href":"https:\/\/radioacuariofm.com.ar\/index.php?rest_route=\/wp\/v2\/posts\/228417\/revisions\/228419"}],"wp:featuredmedia":[{"embeddable":true,"href":"https:\/\/radioacuariofm.com.ar\/index.php?rest_route=\/wp\/v2\/media\/228418"}],"wp:attachment":[{"href":"https:\/\/radioacuariofm.com.ar\/index.php?rest_route=%2Fwp%2Fv2%2Fmedia&parent=228417"}],"wp:term":[{"taxonomy":"category","embeddable":true,"href":"https:\/\/radioacuariofm.com.ar\/index.php?rest_route=%2Fwp%2Fv2%2Fcategories&post=228417"},{"taxonomy":"post_tag","embeddable":true,"href":"https:\/\/radioacuariofm.com.ar\/index.php?rest_route=%2Fwp%2Fv2%2Ftags&post=228417"}],"curies":[{"name":"wp","href":"https:\/\/api.w.org\/{rel}","templated":true}]}}