{"id":228387,"date":"2026-03-07T00:11:52","date_gmt":"2026-03-07T03:11:52","guid":{"rendered":"https:\/\/radioacuariofm.com.ar\/?p=228387"},"modified":"2026-03-07T00:11:53","modified_gmt":"2026-03-07T03:11:53","slug":"israel-mostro-con-un-video-como-destruyo-el-bunker-del-ayatollah-en-teheran","status":"publish","type":"post","link":"https:\/\/radioacuariofm.com.ar\/?p=228387","title":{"rendered":"Israel mostr\u00f3 con un video c\u00f3mo destruy\u00f3 el b\u00fanker del ayatollah en Teher\u00e1n"},"content":{"rendered":"<p> <br \/>\n<\/p>\n<div>\n<p class=\"com-paragraph  --capital --s\">JERUSAL\u00c9N.- El ej\u00e9rcito israel\u00ed anunci\u00f3 que <a href=\"https:\/\/www.lanacion.com.ar\/el-mundo\/ataque-de-estados-unidos-e-israel-contra-iran-en-vivo-tension-en-medio-oriente-hoy-viernes-6-de-nid06032026\/\" target=\"_self\" title=\"https:\/\/www.lanacion.com.ar\/el-mundo\/ataque-de-estados-unidos-e-israel-contra-iran-en-vivo-tension-en-medio-oriente-hoy-viernes-6-de-nid06032026\/\" class=\"com-link break-word\" data-mrf-recirculation=\"n_link_parrafo\">golpe\u00f3 <\/a>este viernes el centro de <strong>Teher\u00e1n <\/strong>con bombardeos que contaron con la participaci\u00f3n de unos 50 aviones de combate; el objetivo fue <strong>el b\u00fanker que era utilizado por el gu\u00eda supremo iran\u00ed, el ayatollah Ali Khamenei<\/strong>, quien muri\u00f3 el 28 de febrero en el primer d\u00eda de la ofensiva israel\u00ed-estadounidense en <strong>Ir\u00e1n<\/strong>.<\/p>\n<p class=\"com-paragraph   --s\">\u201cEl b\u00fanker militar subterr\u00e1neo, situado bajo el complejo que alberga la direcci\u00f3n del r\u00e9gimen, en el centro de Teher\u00e1n, estaba destinado a ser utilizado por el gu\u00eda supremo como centro seguro de comando de urgencia\u201d, declar\u00f3 el ej\u00e9rcito en un comunicado.<\/p>\n<p class=\"com-paragraph   --s\">Khamenei muri\u00f3 <strong>\u201cantes de poder utilizar el b\u00fanker\u201d <\/strong>durante los bombardeos,<strong> \u201cpero el complejo sigui\u00f3 siendo utilizado por altos responsables del r\u00e9gimen iran\u00ed\u201d<\/strong>, agreg\u00f3 el ej\u00e9rcito, que adem\u00e1s precis\u00f3 que unos 50 aviones de combate participaron en bombardeos contra la red subterr\u00e1nea que se extiende bajo \u201cnumerosas calles en en el centro de Teher\u00e1n, y tiene m\u00faltiples entradas y salas de reuni\u00f3n para altos responsables del r\u00e9gimen terrorista iran\u00ed\u201d.<\/p>\n<div class=\"content-media cursor-pointer container-center-100\">\n<section class=\"media-container relative ratio-16-9 mod-media pb-32\">\n<figure class=\"mod-video\">\n<div class=\"video-player bg-black ratio-16-9\" data-has-jwplayer=\"true\" data-video-id-jw=\"iNlOZXnL\" data-config=\"{&quot;title&quot;:&quot;Israel mostr\u00f3 con un video c\u00f3mo destruy\u00f3 el bunker del l\u00edder supremo iran\u00ed en Teher\u00e1n&quot;,&quot;mediaId&quot;:&quot;iNlOZXnL&quot;,&quot;playerId&quot;:&quot;ih0086X3&quot;,&quot;playlist&quot;:[{&quot;mediaid&quot;:&quot;iNlOZXnL&quot;,&quot;sources&quot;:[{&quot;file&quot;:&quot;https:\/\/cdn.jwplayer.com\/manifests\/iNlOZXnL.m3u8&quot;,&quot;type&quot;:&quot;application\/vnd.apple.mpegurl&quot;},{&quot;bitrate&quot;:562909,&quot;file&quot;:&quot;https:\/\/cdn.jwplayer.com\/videos\/iNlOZXnL-kTExGaWf.mp4&quot;,&quot;filesize&quot;:1618366,&quot;framerate&quot;:25,&quot;height&quot;:180,&quot;label&quot;:&quot;180p&quot;,&quot;type&quot;:&quot;video\/mp4&quot;,&quot;width&quot;:320},{&quot;bitrate&quot;:766426,&quot;file&quot;:&quot;https:\/\/cdn.jwplayer.com\/videos\/iNlOZXnL-K8B0kybS.mp4&quot;,&quot;filesize&quot;:2203477,&quot;framerate&quot;:25,&quot;height&quot;:270,&quot;label&quot;:&quot;270p&quot;,&quot;type&quot;:&quot;video\/mp4&quot;,&quot;width&quot;:480},{&quot;bitrate&quot;:2695598,&quot;file&quot;:&quot;https:\/\/cdn.jwplayer.com\/videos\/iNlOZXnL-46NIuRKO.mp4&quot;,&quot;filesize&quot;:7749845,&quot;framerate&quot;:25,&quot;height&quot;:720,&quot;label&quot;:&quot;720p&quot;,&quot;type&quot;:&quot;video\/mp4&quot;,&quot;width&quot;:1280},{&quot;bitrate&quot;:116000,&quot;file&quot;:&quot;https:\/\/cdn.jwplayer.com\/videos\/iNlOZXnL-hz5z2Tv4.m4a&quot;,&quot;filesize&quot;:333501,&quot;label&quot;:&quot;AAC Audio&quot;,&quot;type&quot;:&quot;audio\/mp4&quot;},{&quot;bitrate&quot;:1032162,&quot;file&quot;:&quot;https:\/\/cdn.jwplayer.com\/videos\/iNlOZXnL-FnZGUVnC.mp4&quot;,&quot;filesize&quot;:2967466,&quot;framerate&quot;:25,&quot;height&quot;:360,&quot;label&quot;:&quot;360p&quot;,&quot;type&quot;:&quot;video\/mp4&quot;,&quot;width&quot;:640},{&quot;bitrate&quot;:1730868,&quot;file&quot;:&quot;https:\/\/cdn.jwplayer.com\/videos\/iNlOZXnL-0G6Pwvlw.mp4&quot;,&quot;filesize&quot;:4976246,&quot;framerate&quot;:25,&quot;height&quot;:540,&quot;label&quot;:&quot;540p&quot;,&quot;type&quot;:&quot;video\/mp4&quot;,&quot;width&quot;:960}]}],&quot;hasAutoplay&quot;:false,&quot;autostart&quot;:true,&quot;tagsUrl&quot;:&quot;https:\/\/pubads.g.doubleclick.net\/gampad\/ads?slotname=\/133919216\/la_nacion_video\/nota\/preroll&amp;sz=640x480|400x300&amp;ciu_szs=300x250&amp;unviewed_position_start=1&amp;output=vast&amp;impl=s&amp;env=vp&amp;gdfp_req=1&amp;ad_rule=0&amp;vad_type=linear&amp;vpos=preroll&amp;cust_params=tags_nuevos%3Dte_iran%2Cte_guerra_en_medio_oriente%2Cte_israel%2Cca_el_mundo%2C%2CKW6WRATE3RCXBMQ7GZRKZQL5IM&amp;pod=3&amp;ppos=1&amp;lip=true&amp;min_ad_duration=0&amp;max_ad_duration=30000&amp;vrid=6256&amp;url=https%3A%2F%2Fwww.lanacion.com.ar%2Fel-mundo%2Fisrael-mostro-con-un-video-como-destruyo-el-bunker-del-lider-supremo-en-teheran-nid06032026%2F%3Fvariant%3DA&amp;description_url=https%3A%2F%2Fwww.lanacion.com.ar%2Fel-mundo%2Fisrael-mostro-con-un-video-como-destruyo-el-bunker-del-lider-supremo-en-teheran-nid06032026%2F%3Fvariant%3DA&amp;video_doc_id=short_onecue&amp;cmsid=496&amp;kfa=0&amp;tfcd=0&amp;correlator=1772852603263&quot;,&quot;arcSite&quot;:&quot;la-nacion-ar&quot;}\">\n<div id=\"facade-iNlOZXnL\" class=\"content-facade-jw relative bg-black ratio-16-9\"><picture><source media=\"(max-width: 767px)\" srcset=\"https:\/\/resizer.glanacion.com\/resizer\/v2\/https%3A%2F%2Fcdn.jwplayer.com%2Fv2%2Fmedia%2FiNlOZXnL%2Fposter.jpg%3Fwidth%3D720?auth=61b34b4884522cab669eae7a9ff54c44d9d4db081f90caf46a656dae48ee8eaf&amp;width=480&amp;quality=70&amp;smart=false\"\/><\/picture><\/div>\n<\/div><figcaption class=\"border border-1 border-bottom border-light-300 relative px-16 py-8 min-h-36 w-100_md px-0_l mb-8 bg-white\"><span class=\"text ln-text text-16 block\">Israel mostr\u00f3 con un video c\u00f3mo destruy\u00f3 el bunker del l\u00edder supremo iran\u00ed en Teher\u00e1n<\/span><\/figcaption><\/figure>\n<\/section>\n<\/div>\n<p class=\"com-paragraph   --s\">El gu\u00eda supremo falleci\u00f3 en su complejo tras un bombardeo atribuido por el Pent\u00e1gono a la aviaci\u00f3n israel\u00ed. El presidente estadounidense,<strong> Donald Trump<\/strong>, subray\u00f3 que la operaci\u00f3n se bas\u00f3 en parte en informaciones suministradas por los servicios de inteligencia estadounidenses.<\/p>\n<p class=\"com-paragraph   --s\">El jueves, el jefe de estado mayor del ej\u00e9rcito israel\u00ed, el teniente-general <strong>Eyal Zamir<\/strong>, declar\u00f3 que en ese bombardeo, en<strong> \u201c40 segundos, unos 40 altos responsables del r\u00e9gimen de terror iran\u00ed fueron eliminados\u201d, <\/strong>incluido el ayatollah.<\/p>\n<p class=\"com-paragraph   --s\">Israel<a href=\"https:\/\/www.lanacion.com.ar\/el-mundo\/israel-bombardea-iran-y-el-libano-mientras-estados-unidos-dice-que-los-ataques-aumentaran-nid06032026\/\" target=\"_self\" title=\"https:\/\/www.lanacion.com.ar\/el-mundo\/israel-bombardea-iran-y-el-libano-mientras-estados-unidos-dice-que-los-ataques-aumentaran-nid06032026\/\" class=\"com-link break-word\" data-mrf-recirculation=\"n_link_parrafo\"> ampli\u00f3 sus bombardeos<\/a> al L\u00edbano para erradicar a <strong>Hezbollah<\/strong>, la milicia chi\u00ed aliada de Ir\u00e1n que es una facci\u00f3n dominante en la pol\u00edtica libanesa desde los a\u00f1os 80. Hezbollah dispar\u00f3 contra Israel esta semana para vengar la muerte de Khamenei. Las explosiones iluminaron el cielo nocturno sobre los suburbios del sur de Beirut. <\/p>\n<p class=\"com-paragraph   --s\">El ej\u00e9rcito israel\u00ed afirm\u00f3 haber llevado a cabo <strong>26 oleadas de ataques durante la noche <\/strong>contra los centros de mando y los almacenes de armas.<\/p>\n<div class=\"content-media\">\n<section role=\"button\" class=\"mod-media   \">\n<figure role=\"button\" class=\"mod-figure \"><figcaption class=\"mod-figcaption\"><span class=\"com-text --caption --twoxs\">Humo se eleva desde el lugar de un ataque a\u00e9reo israel\u00ed en los suburbios del sur de Beirut el 6 de marzo de 2026<br \/>\n(Ibrahim AMRO \/ AFP)<\/span><span class=\"com-text --credit --twoxs\">IBRAHIM AMRO  &#8211; AFP <\/span><\/figcaption><\/figure>\n<\/section>\n<\/div>\n<p class=\"com-paragraph   --s\">Israel ya <strong>interveno <\/strong>en el L\u00edbano en repetidas ocasiones a lo largo de d\u00e9cadas, la m\u00e1s reciente en una campa\u00f1a que debilit\u00f3 al grupo en 2024. Pero la ferocidad de los ataques del viernes apenas ten\u00eda precedentes, ni siquiera en la larga historia de guerra de la capital libanesa. Israel orden\u00f3 a los residentes que evacuaran toda la zona sur de Beirut, donde viven cientos de miles de personas.<strong> En campa\u00f1as anteriores s\u00f3lo hab\u00eda ordenado evacuaciones menores de zonas espec\u00edficas.<\/strong><\/p>\n<p class=\"com-paragraph   --s\">Dentro de Israel se pudieron o\u00edr <strong>explosiones <\/strong>cuando las defensas se activaron para derribar los misiles iran\u00edes. Durante la noche, drones tambi\u00e9n atacaron la base a\u00e9rea estadounidense de al-Udeid en Qatar, la mayor de Washington en Medio Oriente, seg\u00fan informaron funcionarios qatar\u00edes. <\/p>\n<p class=\"com-paragraph   --s\"><strong>Agencias AFP y Reuters. <\/strong><\/p>\n<section class=\"container-center-100 mb-40 border border-bottom border-thin border-neutral-light-700\">\n<hr\/>\n<\/section>\n<\/div>\n\n","protected":false},"excerpt":{"rendered":"<p>JERUSAL\u00c9N.- El ej\u00e9rcito israel\u00ed anunci\u00f3 que golpe\u00f3 este viernes el centro de Teher\u00e1n con bombardeos que contaron con la participaci\u00f3n de unos 50 aviones de combate; el objetivo fue el b\u00fanker que era utilizado por el gu\u00eda supremo iran\u00ed, el ayatollah Ali Khamenei, quien muri\u00f3 el 28 de febrero en el primer d\u00eda de la [&hellip;]<\/p>\n","protected":false},"author":2,"featured_media":228388,"comment_status":"closed","ping_status":"closed","sticky":false,"template":"","format":"standard","meta":{"footnotes":""},"categories":[1],"tags":[],"class_list":["post-228387","post","type-post","status-publish","format-standard","has-post-thumbnail","hentry","category-uncategorized"],"_links":{"self":[{"href":"https:\/\/radioacuariofm.com.ar\/index.php?rest_route=\/wp\/v2\/posts\/228387","targetHints":{"allow":["GET"]}}],"collection":[{"href":"https:\/\/radioacuariofm.com.ar\/index.php?rest_route=\/wp\/v2\/posts"}],"about":[{"href":"https:\/\/radioacuariofm.com.ar\/index.php?rest_route=\/wp\/v2\/types\/post"}],"author":[{"embeddable":true,"href":"https:\/\/radioacuariofm.com.ar\/index.php?rest_route=\/wp\/v2\/users\/2"}],"replies":[{"embeddable":true,"href":"https:\/\/radioacuariofm.com.ar\/index.php?rest_route=%2Fwp%2Fv2%2Fcomments&post=228387"}],"version-history":[{"count":1,"href":"https:\/\/radioacuariofm.com.ar\/index.php?rest_route=\/wp\/v2\/posts\/228387\/revisions"}],"predecessor-version":[{"id":228389,"href":"https:\/\/radioacuariofm.com.ar\/index.php?rest_route=\/wp\/v2\/posts\/228387\/revisions\/228389"}],"wp:featuredmedia":[{"embeddable":true,"href":"https:\/\/radioacuariofm.com.ar\/index.php?rest_route=\/wp\/v2\/media\/228388"}],"wp:attachment":[{"href":"https:\/\/radioacuariofm.com.ar\/index.php?rest_route=%2Fwp%2Fv2%2Fmedia&parent=228387"}],"wp:term":[{"taxonomy":"category","embeddable":true,"href":"https:\/\/radioacuariofm.com.ar\/index.php?rest_route=%2Fwp%2Fv2%2Fcategories&post=228387"},{"taxonomy":"post_tag","embeddable":true,"href":"https:\/\/radioacuariofm.com.ar\/index.php?rest_route=%2Fwp%2Fv2%2Ftags&post=228387"}],"curies":[{"name":"wp","href":"https:\/\/api.w.org\/{rel}","templated":true}]}}