{"id":228384,"date":"2026-03-06T23:10:58","date_gmt":"2026-03-07T02:10:58","guid":{"rendered":"https:\/\/radioacuariofm.com.ar\/?p=228384"},"modified":"2026-03-06T23:10:59","modified_gmt":"2026-03-07T02:10:59","slug":"el-diario-britanico-the-telegraph-fue-adquirido-por-el-grupo-aleman-axel-springer","status":"publish","type":"post","link":"https:\/\/radioacuariofm.com.ar\/?p=228384","title":{"rendered":"El diario brit\u00e1nico The Telegraph fue adquirido por el grupo alem\u00e1n Axel Springer"},"content":{"rendered":"<p> <br \/>\n<\/p>\n<div>\n<p class=\"com-paragraph  --capital --s\">El grupo medi\u00e1tico alem\u00e1n <strong>Axel Springer<\/strong> anunci\u00f3 este viernes que alcanz\u00f3 un acuerdo para <strong>comprar al grupo propietario del diario brit\u00e1nico The <\/strong><em><strong>Daily Telegraph<\/strong><\/em> por 575 millones de libras, aproximadamente <strong>US$766 millones<\/strong>, en efectivo.<\/p>\n<p class=\"com-paragraph   --s\">La operaci\u00f3n pone un punto final a un <strong>prolongado proceso de disputa y de negociaciones<\/strong> sobre la propiedad de Telegraph Media Group -la compa\u00f1\u00eda encargada de la edici\u00f3n <strong>del peri\u00f3dico conservador con 171 a\u00f1os de historia <\/strong>y su versi\u00f3n dominical- y frustra el intento de DMGT, <strong>propietario del <\/strong><em><strong>Daily Mail<\/strong><\/em>, de comprar a su rival.<\/p>\n<p class=\"com-paragraph   --s\">Seg\u00fan inform\u00f3 la empresa alemana, planea destinar inversiones al grupo con el objetivo de posicionarlo como<strong> \u201cel medio de comunicaci\u00f3n de centro-derecha m\u00e1s le\u00eddo e intelectualmente inspirador del mundo angloparlante\u201d<\/strong>.<strong> <\/strong>Al mismo tiempo, buscar\u00e1 acelerar su expansi\u00f3n hacia el mercado estadounidense mientras <strong>preserva el legado del Telegraph. <\/strong><\/p>\n<div class=\"content-media\">\n<section role=\"button\" class=\"mod-media   \">\n<figure role=\"button\" class=\"mod-figure \"><figcaption class=\"mod-figcaption\"><span class=\"com-text --caption --twoxs\">El grupo medi\u00e1tico alem\u00e1n Axel Springer alcanz\u00f3 un acuerdo para comprar al grupo propietario del diario brit\u00e1nico Daily Telegraph por US$766 millones<\/span><span class=\"com-text --credit --twoxs\">RICHARD A. BROOKS  &#8211; AFP <\/span><\/figcaption><\/figure>\n<\/section>\n<\/div>\n<p class=\"com-paragraph   --s\">\u201cHace m\u00e1s de 20 a\u00f1os intentamos adquirir <em>The Telegraph<\/em> y no lo logramos. <strong>Ahora nuestro sue\u00f1o se hace realidad<\/strong>\u201d, expres\u00f3 Mathias D\u00f6pfner, director ejecutivo de Axel Springer. Adem\u00e1s, reafirm\u00f3 su compromiso con el \u201cperiodismo independiente y de calidad\u201d y la pluralidad de voces en los medios de <a href=\"https:\/\/www.lanacion.com.ar\/el-mundo\/alemania-francia-y-reino-unido-se-declararon-dispuestos-a-tomar-acciones-defensivas-contra-iran-nid01032026\/\" target=\"_self\" title=\"https:\/\/www.lanacion.com.ar\/el-mundo\/alemania-francia-y-reino-unido-se-declararon-dispuestos-a-tomar-acciones-defensivas-contra-iran-nid01032026\/\" class=\"com-link break-word\" data-mrf-recirculation=\"n_link_parrafo\">Reino Unido<\/a>.<\/p>\n<p class=\"com-paragraph   --s\">El conglomerado alem\u00e1n ya controla otros medios de gran alcance, entre ellos los peri\u00f3dicos <em>Bild <\/em>y <em>Die Welt<\/em>, adem\u00e1s del medio especializado en pol\u00edtica <em>Politico<\/em>. Se trata de <strong>la segunda mayor inversi\u00f3n de Axel Springer<\/strong> despu\u00e9s de la compra de <em>Politico<\/em> valuada en unos US$1000 millones.<\/p>\n<p class=\"com-paragraph   --s\">La venta llega despu\u00e9s de varios a\u00f1os de incertidumbre sobre el destino del grupo editorial y deja sin efecto <strong>una propuesta competidora presentada por el due\u00f1o del <\/strong><em><strong>Daily Mail<\/strong><\/em>, que tambi\u00e9n hab\u00eda intentado quedarse con los t\u00edtulos de <em>The Telegraph<\/em>. El grupo hab\u00eda pertenecido durante a\u00f1os a la familia brit\u00e1nica Barclay, que decidi\u00f3 ponerlo en venta en 2023 para afrontar sus deudas.<\/p>\n<p class=\"com-paragraph   --s\">Fue durante ese proceso que surgi\u00f3 una oferta de compra de parte de un consorcio llamado <strong>RedBirdIMI<\/strong>, compuesto por RedBird Capital Partners y apoyado por Mansour bin Zayed Al Nahyan, vicepresidente de <a href=\"https:\/\/www.lanacion.com.ar\/el-mundo\/confirmaron-dos-vuelos-para-que-los-argentinos-varados-en-emiratos-arabes-regresen-al-pais-nid06032026\/\" target=\"_self\" title=\"https:\/\/www.lanacion.com.ar\/el-mundo\/confirmaron-dos-vuelos-para-que-los-argentinos-varados-en-emiratos-arabes-regresen-al-pais-nid06032026\/\" class=\"com-link break-word\" data-mrf-recirculation=\"n_link_parrafo\">Emiratos \u00c1rabes Unidos<\/a> y miembro de la familia real de Abu Dhabi. <\/p>\n<p class=\"com-paragraph   --s\">Sin embargo, la iniciativa <strong>cay\u00f3 en 2024<\/strong> luego de que afrontaran una fuerte resistencia de parte del gobierno brit\u00e1nico, que promovi\u00f3 una legislaci\u00f3n destinada a impedir que otros pa\u00edses puedan controlar medios de comunicaci\u00f3n de Reino Unido. <\/p>\n<p class=\"com-paragraph   --s\">M\u00e1s adelante, el propietario del <em>Daily Mail<\/em> present\u00f3 su oferta por 500 millones de libras. Aun as\u00ed, el gobierno orden\u00f3 a principios de 2026 que la propuesta <strong>fuera investigada por posibles efectos sobre la competencia<\/strong> y la pluralidad de opiniones dentro del ecosistema medi\u00e1tico brit\u00e1nico. El empresario se identifica con el espacio de centro-derecha. <\/p>\n<p class=\"com-paragraph   --s\">Al mismo tiempo, la revista conservadora <em>The Spectator<\/em>, que antes formaba parte del grupo Telegraph, fue <strong>vendida por separado en 2024<\/strong> al inversor brit\u00e1nico de fondos de cobertura Paul Marshall.<\/p>\n<p class=\"com-paragraph   --s\"><em><strong>Con informaci\u00f3n de AP y Reuters<\/strong><\/em><\/p>\n<section class=\"container-center-100 mb-40 border border-bottom border-thin border-neutral-light-700\">\n<hr\/>\n<\/section>\n<\/div>\n\n","protected":false},"excerpt":{"rendered":"<p>El grupo medi\u00e1tico alem\u00e1n Axel Springer anunci\u00f3 este viernes que alcanz\u00f3 un acuerdo para comprar al grupo propietario del diario brit\u00e1nico The Daily Telegraph por 575 millones de libras, aproximadamente US$766 millones, en efectivo. La operaci\u00f3n pone un punto final a un prolongado proceso de disputa y de negociaciones sobre la propiedad de Telegraph Media [&hellip;]<\/p>\n","protected":false},"author":2,"featured_media":228385,"comment_status":"closed","ping_status":"closed","sticky":false,"template":"","format":"standard","meta":{"footnotes":""},"categories":[1],"tags":[],"class_list":["post-228384","post","type-post","status-publish","format-standard","has-post-thumbnail","hentry","category-uncategorized"],"_links":{"self":[{"href":"https:\/\/radioacuariofm.com.ar\/index.php?rest_route=\/wp\/v2\/posts\/228384","targetHints":{"allow":["GET"]}}],"collection":[{"href":"https:\/\/radioacuariofm.com.ar\/index.php?rest_route=\/wp\/v2\/posts"}],"about":[{"href":"https:\/\/radioacuariofm.com.ar\/index.php?rest_route=\/wp\/v2\/types\/post"}],"author":[{"embeddable":true,"href":"https:\/\/radioacuariofm.com.ar\/index.php?rest_route=\/wp\/v2\/users\/2"}],"replies":[{"embeddable":true,"href":"https:\/\/radioacuariofm.com.ar\/index.php?rest_route=%2Fwp%2Fv2%2Fcomments&post=228384"}],"version-history":[{"count":1,"href":"https:\/\/radioacuariofm.com.ar\/index.php?rest_route=\/wp\/v2\/posts\/228384\/revisions"}],"predecessor-version":[{"id":228386,"href":"https:\/\/radioacuariofm.com.ar\/index.php?rest_route=\/wp\/v2\/posts\/228384\/revisions\/228386"}],"wp:featuredmedia":[{"embeddable":true,"href":"https:\/\/radioacuariofm.com.ar\/index.php?rest_route=\/wp\/v2\/media\/228385"}],"wp:attachment":[{"href":"https:\/\/radioacuariofm.com.ar\/index.php?rest_route=%2Fwp%2Fv2%2Fmedia&parent=228384"}],"wp:term":[{"taxonomy":"category","embeddable":true,"href":"https:\/\/radioacuariofm.com.ar\/index.php?rest_route=%2Fwp%2Fv2%2Fcategories&post=228384"},{"taxonomy":"post_tag","embeddable":true,"href":"https:\/\/radioacuariofm.com.ar\/index.php?rest_route=%2Fwp%2Fv2%2Ftags&post=228384"}],"curies":[{"name":"wp","href":"https:\/\/api.w.org\/{rel}","templated":true}]}}