{"id":228378,"date":"2026-03-06T21:08:49","date_gmt":"2026-03-07T00:08:49","guid":{"rendered":"https:\/\/radioacuariofm.com.ar\/?p=228378"},"modified":"2026-03-06T21:08:51","modified_gmt":"2026-03-07T00:08:51","slug":"israel-volvio-a-bombardear-lo-que-fue-el-bunker-de-khamenei-que-aun-tenia-instalaciones-en-uso","status":"publish","type":"post","link":"https:\/\/radioacuariofm.com.ar\/?p=228378","title":{"rendered":"Israel volvi\u00f3 a bombardear lo que fue el b\u00fanker de Khamenei, que a\u00fan ten\u00eda instalaciones en uso"},"content":{"rendered":"<p> <br \/>\n<\/p>\n<div>\n<p class=\"com-paragraph  --capital --s\">JERUSAL\u00c9N.\u2013<a href=\"https:\/\/www.lanacion.com.ar\/el-mundo\/la-guerra-con-iran-deja-miles-de-evacuados-en-israel-y-tel-aviv-intenta-vivir-entre-sirenas-y-nid06032026\/\" target=\"_self\" title=\"https:\/\/www.lanacion.com.ar\/el-mundo\/la-guerra-con-iran-deja-miles-de-evacuados-en-israel-y-tel-aviv-intenta-vivir-entre-sirenas-y-nid06032026\/\" class=\"com-link break-word\" data-mrf-recirculation=\"n_link_parrafo\"> El ej\u00e9rcito israel\u00ed anunci\u00f3 que en un ataque sobre Teher\u00e1n, del que participaron unos 50 aviones de combate<\/a>,<strong> volvi\u00f3 a bombardear el b\u00fanker que era utilizado por el gu\u00eda supremo iran\u00ed, Ali Khamenei<\/strong>, quien muri\u00f3 el 28 de febrero en el primer d\u00eda de la ofensiva israelo-estadounidense en Ir\u00e1n.<\/p>\n<p class=\"com-paragraph   --s\">\u201cEl bunker militar subterr\u00e1neo, situado bajo el complejo que alberga la direcci\u00f3n del r\u00e9gimen, en el centro de Teher\u00e1n, <strong>estaba destinado a ser utilizado por el gu\u00eda supremo como centro seguro de comando de urgencia<\/strong>\u201d, declar\u00f3 el ej\u00e9rcito en un comunicado.<\/p>\n<p class=\"com-paragraph   --s\">Khamenei muri\u00f3 \u201cantes de poder utilizar el bunker\u201d durante los bombardeos, \u201cpero el complejo sigui\u00f3 siendo utilizado estos d\u00edas por altos responsables del r\u00e9gimen iran\u00ed\u201d, agreg\u00f3 el ej\u00e9rcito.<\/p>\n<div class=\"content-media\">\n<section role=\"button\" class=\"mod-media   \">\n<figure role=\"button\" class=\"mod-figure \"><figcaption class=\"mod-figcaption\"><span class=\"com-text --caption --twoxs\">Personas se re\u00fanen para lamentar la muerte del l\u00edder supremo iran\u00ed, el ayatollah Ali Khamenei, en Teher\u00e1n, Ir\u00e1n, el 1 de marzo de 2026.<\/span><span class=\"com-text --credit --twoxs\">Gao Wencheng  &#8211; XinHua <\/span><\/figcaption><\/figure>\n<\/section>\n<\/div>\n<p class=\"com-paragraph   --s\">Khamenei muri\u00f3 el s\u00e1bado <strong>mientras se encontraba en la superficie del complejo despu\u00e9s de que Israel y Estados Unidos lanzaran una oleada de ataques<\/strong>. <\/p>\n<p class=\"com-paragraph   --s\">El b\u00fanker subterr\u00e1neo, seg\u00fan el ej\u00e9rcito, <strong>abarcaba varias calles, con varias entradas y salas de reuniones. <\/strong><a href=\"https:\/\/x.com\/IDF\/status\/2029878769142358298?s=20\" target=\"_blank\" title=\"https:\/\/x.com\/IDF\/status\/2029878769142358298?s=20\" class=\"com-link break-word\" data-mrf-recirculation=\"n_link_parrafo\" rel=\"nofollow\"><strong>El ej\u00e9rcito israel\u00ed public\u00f3 un video <\/strong><\/a><strong>que, seg\u00fan afirma, mostraba el ataque, en el que participaron unos 50 aviones de combate,<\/strong><a href=\"https:\/\/videoidf.azureedge.net\/944761b2-f608-44bb-99c8-0e78e399cd00\" target=\"_blank\" title=\"https:\/\/videoidf.azureedge.net\/944761b2-f608-44bb-99c8-0e78e399cd00\" class=\"com-link break-word\" data-mrf-recirculation=\"n_link_parrafo\" rel=\"nofollow\"><strong> junto con gr\u00e1ficos que, seg\u00fan afirma, mostraban la distribuci\u00f3n de las instalaciones<\/strong><\/a>.<\/p>\n<p class=\"com-paragraph   --s\">El gu\u00eda supremo muri\u00f3 en su complejo por un bombardeo atribuido por el Pent\u00e1gono a la aviaci\u00f3n israel\u00ed.<\/p>\n<p class=\"com-paragraph   --s\">El presidente estadounidense, Donald Trump, subray\u00f3 que <strong>la operaci\u00f3n se bas\u00f3 en parte en informaciones suministradas por los servicios de inteligencia estadounidenses<\/strong>.<\/p>\n<p class=\"com-paragraph   --s\">El jueves, el jefe de estado mayor del ej\u00e9rcito israel\u00ed, el teniente-general Eyal Zamir, declar\u00f3 que en aquel bombardeo del s\u00e1bado pasado,<strong> en \u201c40 segundos, unos 40 altos responsables del r\u00e9gimen de terror iran\u00ed fueron eliminados\u201d, incluido el gu\u00eda supremo.<\/strong><\/p>\n<p class=\"com-paragraph   --s\"><strong>Agencia AFP<\/strong><\/p>\n<section class=\"container-center-100 mb-40 border border-bottom border-thin border-neutral-light-700\">\n<hr\/>\n<\/section>\n<\/div>\n\n","protected":false},"excerpt":{"rendered":"<p>JERUSAL\u00c9N.\u2013 El ej\u00e9rcito israel\u00ed anunci\u00f3 que en un ataque sobre Teher\u00e1n, del que participaron unos 50 aviones de combate, volvi\u00f3 a bombardear el b\u00fanker que era utilizado por el gu\u00eda supremo iran\u00ed, Ali Khamenei, quien muri\u00f3 el 28 de febrero en el primer d\u00eda de la ofensiva israelo-estadounidense en Ir\u00e1n. \u201cEl bunker militar subterr\u00e1neo, situado [&hellip;]<\/p>\n","protected":false},"author":2,"featured_media":228379,"comment_status":"closed","ping_status":"closed","sticky":false,"template":"","format":"standard","meta":{"footnotes":""},"categories":[1],"tags":[],"class_list":["post-228378","post","type-post","status-publish","format-standard","has-post-thumbnail","hentry","category-uncategorized"],"_links":{"self":[{"href":"https:\/\/radioacuariofm.com.ar\/index.php?rest_route=\/wp\/v2\/posts\/228378","targetHints":{"allow":["GET"]}}],"collection":[{"href":"https:\/\/radioacuariofm.com.ar\/index.php?rest_route=\/wp\/v2\/posts"}],"about":[{"href":"https:\/\/radioacuariofm.com.ar\/index.php?rest_route=\/wp\/v2\/types\/post"}],"author":[{"embeddable":true,"href":"https:\/\/radioacuariofm.com.ar\/index.php?rest_route=\/wp\/v2\/users\/2"}],"replies":[{"embeddable":true,"href":"https:\/\/radioacuariofm.com.ar\/index.php?rest_route=%2Fwp%2Fv2%2Fcomments&post=228378"}],"version-history":[{"count":1,"href":"https:\/\/radioacuariofm.com.ar\/index.php?rest_route=\/wp\/v2\/posts\/228378\/revisions"}],"predecessor-version":[{"id":228380,"href":"https:\/\/radioacuariofm.com.ar\/index.php?rest_route=\/wp\/v2\/posts\/228378\/revisions\/228380"}],"wp:featuredmedia":[{"embeddable":true,"href":"https:\/\/radioacuariofm.com.ar\/index.php?rest_route=\/wp\/v2\/media\/228379"}],"wp:attachment":[{"href":"https:\/\/radioacuariofm.com.ar\/index.php?rest_route=%2Fwp%2Fv2%2Fmedia&parent=228378"}],"wp:term":[{"taxonomy":"category","embeddable":true,"href":"https:\/\/radioacuariofm.com.ar\/index.php?rest_route=%2Fwp%2Fv2%2Fcategories&post=228378"},{"taxonomy":"post_tag","embeddable":true,"href":"https:\/\/radioacuariofm.com.ar\/index.php?rest_route=%2Fwp%2Fv2%2Ftags&post=228378"}],"curies":[{"name":"wp","href":"https:\/\/api.w.org\/{rel}","templated":true}]}}