{"id":228375,"date":"2026-03-06T20:07:51","date_gmt":"2026-03-06T23:07:51","guid":{"rendered":"https:\/\/radioacuariofm.com.ar\/?p=228375"},"modified":"2026-03-06T20:07:52","modified_gmt":"2026-03-06T23:07:52","slug":"por-que-las-tropas-sobre-el-terreno-en-iran-pueden-ser-kurdas-y-no-estadounidenses","status":"publish","type":"post","link":"https:\/\/radioacuariofm.com.ar\/?p=228375","title":{"rendered":"Por qu\u00e9 las tropas sobre el terreno en Ir\u00e1n pueden ser kurdas y no estadounidenses"},"content":{"rendered":"<p> <br \/>\n<\/p>\n<div>\n<p class=\"com-paragraph  --capital --s\">Por sexto d\u00eda <strong>Estados Unidos <\/strong>e<strong> Israel <\/strong>han atacado objetivos en <strong>Ir\u00e1n <\/strong>librando una<a href=\"https:\/\/www.lanacion.com.ar\/el-mundo\/dia-7-de-la-guerra-entre-estados-unidos-israel-e-iran-todo-lo-que-hay-que-saber-nid06032026\/\" target=\"_self\" title=\"https:\/\/www.lanacion.com.ar\/el-mundo\/dia-7-de-la-guerra-entre-estados-unidos-israel-e-iran-todo-lo-que-hay-que-saber-nid06032026\/\" class=\"com-link break-word\" data-mrf-recirculation=\"n_link_parrafo\"> guerra<\/a> desde el aire. \u00bfPodr\u00eda haber pronto tropas sobre el terreno? Quiz\u00e1s. Pero no estadounidenses. <\/p>\n<p class=\"com-paragraph   --s\"><strong>Grupos de la oposici\u00f3n kurda iran\u00ed exiliados en el norte de Irak le dijeron a la BBC que tienen planes de cruzar la frontera<\/strong> -y los han tenido desde hace d\u00e9cadas-, pero <strong>niegan rotundamente que sus combatientes ya lo hayan hecho. <\/strong><\/p>\n<p class=\"com-paragraph   --s\"><strong>\u201cNos hemos estado preparando para esto durante los \u00faltimos 47 a\u00f1os, desde la \u00e9poca de la Rep\u00fablica Isl\u00e1mica\u201d,<\/strong> declar\u00f3 Hana Yazdanpana, del<strong> Partido de la Libertad del Kurdist\u00e1n (PAK), <\/strong>que afirma tener la mayor fuerza armada.<\/p>\n<p class=\"com-paragraph   --s\">Pero insisti\u00f3 en que \u201cni un solo <em>peshmerga<\/em> se ha movido\u00bb. La palabra kurda <em>peshmerga<\/em> significa \u201caquellos que se enfrentan a la muerte\u201d. Yazdanpana nos inform\u00f3 que seis grupos de la oposici\u00f3n, que recientemente formaron una coalici\u00f3n, se estaban coordinando pol\u00edtica y militarmente. \u201cNadie se mueve solo\u201d, nos dijo. \u201cSabremos si nuestros hermanos van a desplazarse\u201d. <\/p>\n<p class=\"com-paragraph   --s\">No espera que los combatientes avancen esta semana. Primero, <a href=\"https:\/\/www.lanacion.com.ar\/estados-unidos\/trump-reconocio-la-posibilidad-de-atentados-en-estados-unidos-como-represalia-por-la-guerra-en-iran-nid06032026\/\" target=\"_self\" title=\"https:\/\/www.lanacion.com.ar\/estados-unidos\/trump-reconocio-la-posibilidad-de-atentados-en-estados-unidos-como-represalia-por-la-guerra-en-iran-nid06032026\/\" class=\"com-link break-word\" data-mrf-recirculation=\"n_link_parrafo\">Estados Unidos<\/a> debe allanar el camino. \u201cNo podemos avanzar si el aire sobre nosotros no est\u00e1 limpio\u201d, dijo. \u201cY necesitamos que se destruyan los dep\u00f3sitos de armas del r\u00e9gimen. De lo contrario, ser\u00eda un suicidio. El r\u00e9gimen es muy brutal, y el arma m\u00e1s avanzada que tenemos es un Kalashnikov\u201d.<\/p>\n<div class=\"content-media\">\n<section role=\"button\" class=\"mod-media   \">\n<figure role=\"button\" class=\"mod-figure \"><figcaption class=\"mod-figcaption\"><span class=\"com-text --caption --twoxs\">Una persona muri\u00f3 cuando Ir\u00e1n lanz\u00f3 misiles contra bases de grupos kurdos iran\u00edes en el norte de Irak<\/span><span class=\"com-text --credit --twoxs\">Mathew Goddard (BBC)<\/span><\/figcaption><\/figure>\n<\/section>\n<\/div>\n<p class=\"com-paragraph   --s\">Ella quiere que Estados Unidos imponga una zona de exclusi\u00f3n a\u00e9rea para proteger a los combatientes kurdos. \u201cLo hemos pedido muchas veces\u201d, dijo. \u201cYo fui quien envi\u00f3 los correos electr\u00f3nicos diciendo \u2018lo necesitamos urgentemente\u2019\u201d.<\/p>\n<p class=\"com-paragraph   --s\">La <strong>Casa Blanca<\/strong> <strong>neg\u00f3 un informe que afirma que el presidente estadounidense Donald Trump estaba considerando armar a los kurdos, <\/strong>muchos de los cuales fueron entrenados por las fuerzas estadounidenses en el pasado para luchar contra Estado Isl\u00e1mico (EI) en Irak.<\/p>\n<p class=\"com-paragraph   --s\">Pero a medida que aumentan los rumores sobre un posible avance de las fuerzas kurdas iran\u00edes, tambi\u00e9n aumentan los ataques de Teher\u00e1n contra ellas.<\/p>\n<p class=\"com-paragraph   --s\">Vimos las consecuencias de los ataques contra dos grupos diferentes, incluido uno con misiles bal\u00edsticos que destroz\u00f3 una base del PAK y mat\u00f3 a un combatiente.<\/p>\n<p class=\"com-paragraph   --s\">Algunos grupos vaciaron sus bases y desplazaron sus fuerzas para intentar protegerlas de ataques. Unirse a la lucha contra el r\u00e9gimen ser\u00eda un gran riesgo, y no est\u00e1 claro qu\u00e9 podr\u00eda ofrecer Trump a cambio.<\/p>\n<div class=\"content-media\">\n<section role=\"button\" class=\"mod-media   \">\n<figure role=\"button\" class=\"mod-figure \"><figcaption class=\"mod-figcaption\"><span class=\"com-text --caption --twoxs\">Los grupos kurdos negaron los informes de que algunas de sus fuerzas hayan cruzado a Ir\u00e1n<\/span><span class=\"com-text --credit --twoxs\">Mathew Goddard (BBC) <\/span><\/figcaption><\/figure>\n<\/section>\n<\/div>\n<p class=\"com-paragraph   --s\">Los kurdos, el cuarto grupo \u00e9tnico m\u00e1s grande de Medio Oriente, se encuentran dispersos entre Ir\u00e1n, Irak, Siria y Turqu\u00eda. Tienen un largo historial de persecuci\u00f3n y traici\u00f3n. Como dice el refr\u00e1n kurdo: \u201cNo tenemos m\u00e1s amigos que las monta\u00f1as\u201d.<\/p>\n<p class=\"com-paragraph   --s\">\u00bfSe puede confiar en que Estados Unidos cumpla sus promesas? Muchos kurdos en Siria, aliados incondicionales de Estados Unidos en la lucha contra el EI, se indignaron recientemente cuando Trump se aline\u00f3 con el gobierno de transici\u00f3n de Damasco en su contra.<\/p>\n<p class=\"com-paragraph   --s\">Pero algunos altos l\u00edderes kurdos iran\u00edes adoptan una postura pragm\u00e1tica.<\/p>\n<p class=\"com-paragraph   --s\"><strong>\u201cEstados Unidos e Israel no iniciaron esta guerra para satisfacer nuestras esperanzas, sino para defender sus propios intereses\u201d, <\/strong>declar\u00f3 <strong>Mustafa Mauludi, <\/strong>vicepresidente del <strong>Partido Democr\u00e1tico del Kurdist\u00e1n de Ir\u00e1n (PDK). <\/strong>\u201cPero est\u00e1n atacando bases de los Cuerpos de la Guardia Revolucionaria Isl\u00e1mica (CGRI), y esto nos beneficiar\u00e1 y nos ayudar\u00e1 a entrar\u201d.<\/p>\n<p class=\"com-paragraph   --s\">A sus 67 a\u00f1os, ha esperado la mayor parte de su vida la ca\u00edda del r\u00e9gimen isl\u00e1mico.<\/p>\n<p class=\"com-paragraph   --s\">Vestido con la ropa tradicional kurda, relat\u00f3 una dolorosa historia familiar: un primo muerto por el r\u00e9gimen a los 13 a\u00f1os y otro que permanece en prisi\u00f3n despu\u00e9s de 31 a\u00f1os bajo sospecha de colaborar con la oposici\u00f3n. Asegur\u00f3 que el 60% de su familia fue arrestada y maltratada debido a sus actividades pol\u00edticas.<\/p>\n<p class=\"com-paragraph   --s\">Mauludi ya tiene una imagen mental de sus primeros momentos de regreso a su tierra natal. \u201cCuando llegue a la primera aldea\u201d, nos dijo, \u201cdir\u00e9 con voz potente: \u2018He estado luchando por ustedes, son mi pueblo, y ahora luchar\u00e9 a\u00fan m\u00e1s\u2019\u201d.<\/p>\n<p class=\"com-paragraph   --s\">Cree que llegar\u00e1 a tiempo para celebrar el festival del A\u00f1o Nuevo kurdo, el Nowruz, que se celebra el 21 de marzo.<\/p>\n<p class=\"com-paragraph   --s\">Los kurdos representan alrededor del 10% de la poblaci\u00f3n iran\u00ed de 90 millones de habitantes. Sus l\u00edderes piden a la comunidad internacional que respalde a Trump y que los respalde a ellos.<\/p>\n<p class=\"com-paragraph   --s\">\u201cSomos el grupo pol\u00edticamente m\u00e1s organizado de Ir\u00e1n\u201d, declar\u00f3 Abdullah Mohtadi, secretario general del Partido Komala del Kurdist\u00e1n iran\u00ed. \u201cY no desperdiciaremos esta oportunidad (de cambio)\u201d.<\/p>\n<p class=\"com-paragraph   --s\">Est\u00e1 decepcionado con la postura de Reino Unido. \u201cMe sorprende que Reino Unido sea el \u00fanico pa\u00eds del continente (europeo) que no ha registrado al CGRI como organizaci\u00f3n terrorista\u201d, declar\u00f3 Mohtadi. Tambi\u00e9n critic\u00f3 la \u201cvacilaci\u00f3n\u201d de los brit\u00e1nicos para permitir que Estados Unidos utilice sus bases para atacar a Ir\u00e1n.<\/p>\n<p class=\"com-paragraph   --s\">Es dif\u00edcil calcular cu\u00e1ntas tropas podr\u00edan reunir los kurdos. \u201cPodr\u00edan ser varios miles, incluyendo algunas que ya est\u00e1n dentro\u201d, seg\u00fan un periodista local, kurdo.<\/p>\n<p class=\"com-paragraph   --s\">\u201cQuieren ser parte del cambio en Ir\u00e1n para asegurarse de ser parte del futuro. A pesar de las lecciones de la historia siguen teniendo esperanza\u201d. Algunos kurdos iran\u00edes dicen que es hora de actuar, con o sin promesas estadounidenses.<\/p>\n<p class=\"com-paragraph   --s\">\u201cSi tenemos la m\u00e1s m\u00ednima esperanza de volver a nuestra patria, nos parece bien\u201d, dijo una mujer en la ciudad de Sulaymaniyah, cerca de la frontera iran\u00ed.<\/p>\n<p class=\"com-paragraph   --s\">\u201cLo llamamos (a Ir\u00e1n) el r\u00e9gimen isl\u00e1mico del verdugo. Los odiamos much\u00edsimo. Han matado a much\u00edsima gente\u201d. Todo esto deja a Irak en una situaci\u00f3n dif\u00edcil, temeroso de verse arrastrado a la guerra vecina.<\/p>\n<p class=\"com-paragraph   --s\">El gobierno de Bagdad declar\u00f3 que no permitir\u00e1 que grupos \u201cse infiltren o crucen la frontera iran\u00ed para llevar a cabo actos terroristas desde territorio iraqu\u00ed\u201d.<\/p>\n<p class=\"com-paragraph   --s\">Si las fuerzas kurdas cruzan la frontera, ser\u00e1 un momento agridulce para Hana Yazdanpana, del PAK.<\/p>\n<p class=\"com-paragraph   --s\">\u201cRegresar a mi tierra ser\u00e1 muy emotivo\u201d, dijo. \u201cMis t\u00edos y abuelos murieron aqu\u00ed (en el norte de Irak). No s\u00e9 c\u00f3mo sentirme, si feliz o triste, porque quienes realmente merecen ver este d\u00eda se han ido\u201d.<\/p>\n<p class=\"com-paragraph   --s\"><em><strong>BBC Mundo<\/strong><\/em><\/p>\n<section class=\"container-center-100 mb-40 border border-bottom border-thin border-neutral-light-700\">\n<hr\/>\n<\/section>\n<\/div>\n\n","protected":false},"excerpt":{"rendered":"<p>Por sexto d\u00eda Estados Unidos e Israel han atacado objetivos en Ir\u00e1n librando una guerra desde el aire. \u00bfPodr\u00eda haber pronto tropas sobre el terreno? Quiz\u00e1s. Pero no estadounidenses. Grupos de la oposici\u00f3n kurda iran\u00ed exiliados en el norte de Irak le dijeron a la BBC que tienen planes de cruzar la frontera -y los [&hellip;]<\/p>\n","protected":false},"author":2,"featured_media":228376,"comment_status":"closed","ping_status":"closed","sticky":false,"template":"","format":"standard","meta":{"footnotes":""},"categories":[1],"tags":[],"class_list":["post-228375","post","type-post","status-publish","format-standard","has-post-thumbnail","hentry","category-uncategorized"],"_links":{"self":[{"href":"https:\/\/radioacuariofm.com.ar\/index.php?rest_route=\/wp\/v2\/posts\/228375","targetHints":{"allow":["GET"]}}],"collection":[{"href":"https:\/\/radioacuariofm.com.ar\/index.php?rest_route=\/wp\/v2\/posts"}],"about":[{"href":"https:\/\/radioacuariofm.com.ar\/index.php?rest_route=\/wp\/v2\/types\/post"}],"author":[{"embeddable":true,"href":"https:\/\/radioacuariofm.com.ar\/index.php?rest_route=\/wp\/v2\/users\/2"}],"replies":[{"embeddable":true,"href":"https:\/\/radioacuariofm.com.ar\/index.php?rest_route=%2Fwp%2Fv2%2Fcomments&post=228375"}],"version-history":[{"count":1,"href":"https:\/\/radioacuariofm.com.ar\/index.php?rest_route=\/wp\/v2\/posts\/228375\/revisions"}],"predecessor-version":[{"id":228377,"href":"https:\/\/radioacuariofm.com.ar\/index.php?rest_route=\/wp\/v2\/posts\/228375\/revisions\/228377"}],"wp:featuredmedia":[{"embeddable":true,"href":"https:\/\/radioacuariofm.com.ar\/index.php?rest_route=\/wp\/v2\/media\/228376"}],"wp:attachment":[{"href":"https:\/\/radioacuariofm.com.ar\/index.php?rest_route=%2Fwp%2Fv2%2Fmedia&parent=228375"}],"wp:term":[{"taxonomy":"category","embeddable":true,"href":"https:\/\/radioacuariofm.com.ar\/index.php?rest_route=%2Fwp%2Fv2%2Fcategories&post=228375"},{"taxonomy":"post_tag","embeddable":true,"href":"https:\/\/radioacuariofm.com.ar\/index.php?rest_route=%2Fwp%2Fv2%2Ftags&post=228375"}],"curies":[{"name":"wp","href":"https:\/\/api.w.org\/{rel}","templated":true}]}}