{"id":228298,"date":"2026-03-06T10:26:16","date_gmt":"2026-03-06T13:26:16","guid":{"rendered":"https:\/\/radioacuariofm.com.ar\/?p=228298"},"modified":"2026-03-06T10:26:17","modified_gmt":"2026-03-06T13:26:17","slug":"los-talleres-que-trae-marzo","status":"publish","type":"post","link":"https:\/\/radioacuariofm.com.ar\/?p=228298","title":{"rendered":"los talleres que trae marzo"},"content":{"rendered":"<p><\/p>\n<div>\n<p style=\"text-align: justify;\"><span style=\"font-weight: 400;\">El Ministerio de Turismo, Cultura y Deporte, a trav\u00e9s de la Bibliotecas Populares y Actividades Literarias, abri\u00f3 las <strong>inscripciones para tres talleres<\/strong> que iniciar\u00e1n este mes en sus instalaciones. <\/span><\/p>\n<p style=\"text-align: justify;\"><span style=\"font-weight: 400;\">El primero comenzar\u00e1 el<strong> viernes 6<\/strong> de marzo. Se trata del<strong> taller de escritura para adultos<\/strong> <strong>\u201cSeminare\u201d<\/strong>, dictado por la escritora Zulema Fonseca. Esta propuesta est\u00e1 destinada a quienes deseen compartir un espacio de lectura y producci\u00f3n escrita de 15.30 a 17:<\/span><span style=\"font-weight: 400;\">30. En<\/span><span style=\"font-weight: 400;\"> esta oportunidad, los cupos son limitados y no se requiere experiencia previa. Para m\u00e1s informaci\u00f3n, los interesados pueden comunicarse al 2645885335.<\/span><\/p>\n<p style=\"text-align: justify;\"><span style=\"font-weight: 400;\">Por otra parte, se suma el <strong>Taller de Fotobordado<\/strong>, una propuesta para aprender a bordar desde cero sobre fotograf\u00eda, explorando la intervenci\u00f3n textil como forma de expresi\u00f3n art\u00edstica. La actividad estar\u00e1 a cargo de Macarena Pereyra (@bordando.mandarinas) e invita a intervenir fotograf\u00edas vinculadas a la literatura y al arte en general, combinando imagen, hilo y relato.<\/span><\/p>\n<p style=\"text-align: justify;\"><span style=\"font-weight: 400;\">Cabe destacar que no requieren conocimientos previos y el taller incluye todos los materiales. As\u00ed, <strong>el dictado ser\u00e1 los d\u00edas lunes 9, 16, 23 y 30 de mar<\/strong>zo, con dos horarios a elecci\u00f3n. Las inscripciones se realizan al 264 4712580.<\/span><\/p>\n<p style=\"text-align: justify;\"><span style=\"font-weight: 400;\">Por \u00faltimo, el taller presencial<strong> \u201cAprend\u00e9 japon\u00e9s desde cero en 15 clases\u201d<\/strong> es la propuesta de formaci\u00f3n inicial que se desarrollar\u00e1 de marzo a junio, destinada a quienes deseen comenzar el aprendizaje del idioma en un proceso m\u00e1s extendido.<\/span><span style=\"font-weight: 400;\"><br \/><\/span><\/p>\n<p style=\"text-align: justify;\"><span style=\"font-weight: 400;\">La actividad, a cargo de Bel\u00e9n Zagarra, <strong>comenzar\u00e1 el martes 10 de marzo<\/strong> y se extender\u00e1 hasta junio. Los cupos son  limitados y las consultas se realizan al 2644813949.<\/span><\/p>\n<\/p><\/div>\n<p><script async defer crossorigin=\"anonymous\" src=\"https:\/\/connect.facebook.net\/es_ES\/sdk.js#xfbml=1&#038;version=v3.3\"><\/script><\/p>\n","protected":false},"excerpt":{"rendered":"<p>El Ministerio de Turismo, Cultura y Deporte, a trav\u00e9s de la Bibliotecas Populares y Actividades Literarias, abri\u00f3 las inscripciones para tres talleres que iniciar\u00e1n este mes en sus instalaciones. El primero comenzar\u00e1 el viernes 6 de marzo. Se trata del taller de escritura para adultos \u201cSeminare\u201d, dictado por la escritora Zulema Fonseca. Esta propuesta est\u00e1 [&hellip;]<\/p>\n","protected":false},"author":2,"featured_media":228299,"comment_status":"closed","ping_status":"closed","sticky":false,"template":"","format":"standard","meta":{"footnotes":""},"categories":[27],"tags":[],"class_list":["post-228298","post","type-post","status-publish","format-standard","has-post-thumbnail","hentry","category-san-juan"],"_links":{"self":[{"href":"https:\/\/radioacuariofm.com.ar\/index.php?rest_route=\/wp\/v2\/posts\/228298","targetHints":{"allow":["GET"]}}],"collection":[{"href":"https:\/\/radioacuariofm.com.ar\/index.php?rest_route=\/wp\/v2\/posts"}],"about":[{"href":"https:\/\/radioacuariofm.com.ar\/index.php?rest_route=\/wp\/v2\/types\/post"}],"author":[{"embeddable":true,"href":"https:\/\/radioacuariofm.com.ar\/index.php?rest_route=\/wp\/v2\/users\/2"}],"replies":[{"embeddable":true,"href":"https:\/\/radioacuariofm.com.ar\/index.php?rest_route=%2Fwp%2Fv2%2Fcomments&post=228298"}],"version-history":[{"count":1,"href":"https:\/\/radioacuariofm.com.ar\/index.php?rest_route=\/wp\/v2\/posts\/228298\/revisions"}],"predecessor-version":[{"id":228300,"href":"https:\/\/radioacuariofm.com.ar\/index.php?rest_route=\/wp\/v2\/posts\/228298\/revisions\/228300"}],"wp:featuredmedia":[{"embeddable":true,"href":"https:\/\/radioacuariofm.com.ar\/index.php?rest_route=\/wp\/v2\/media\/228299"}],"wp:attachment":[{"href":"https:\/\/radioacuariofm.com.ar\/index.php?rest_route=%2Fwp%2Fv2%2Fmedia&parent=228298"}],"wp:term":[{"taxonomy":"category","embeddable":true,"href":"https:\/\/radioacuariofm.com.ar\/index.php?rest_route=%2Fwp%2Fv2%2Fcategories&post=228298"},{"taxonomy":"post_tag","embeddable":true,"href":"https:\/\/radioacuariofm.com.ar\/index.php?rest_route=%2Fwp%2Fv2%2Ftags&post=228298"}],"curies":[{"name":"wp","href":"https:\/\/api.w.org\/{rel}","templated":true}]}}