{"id":227869,"date":"2026-03-03T03:41:17","date_gmt":"2026-03-03T06:41:17","guid":{"rendered":"https:\/\/radioacuariofm.com.ar\/?p=227869"},"modified":"2026-03-03T03:41:18","modified_gmt":"2026-03-03T06:41:18","slug":"iran-afirmo-haber-atacado-la-oficina-del-primer-ministro-israeli-benjamin-netanyahu","status":"publish","type":"post","link":"https:\/\/radioacuariofm.com.ar\/?p=227869","title":{"rendered":"Ir\u00e1n afirm\u00f3 haber atacado la oficina del primer ministro israel\u00ed Benjamin Netanyahu"},"content":{"rendered":"<p> <br \/>\n<\/p>\n<div>\n<p class=\"com-paragraph  --capital --s\">TEHER\u00c1N.- Los <a href=\"https:\/\/www.lanacion.com.ar\/el-mundo\/ataque-de-estados-unidos-e-israel-contra-iran-en-vivo-tension-en-medio-oriente-hoy-lunes-2-de-marzo-nid02032026\/\" target=\"_self\" title=\"https:\/\/www.lanacion.com.ar\/el-mundo\/ataque-de-estados-unidos-e-israel-contra-iran-en-vivo-tension-en-medio-oriente-hoy-lunes-2-de-marzo-nid02032026\/\" class=\"com-link break-word\" data-mrf-recirculation=\"n_link_parrafo\">Guardianes de la Revoluci\u00f3n iran\u00edes<\/a> afirmaron este lunes haber<strong> lanzado un ataque con misiles contra la oficina del primer ministro israel\u00ed <\/strong><a href=\"https:\/\/www.lanacion.com.ar\/estados-unidos\/trump-afirma-que-las-operaciones-militares-en-iran-avanzan-mas-rapido-de-lo-planeado-y-que-48-nid01032026\/\" target=\"_self\" title=\"https:\/\/www.lanacion.com.ar\/estados-unidos\/trump-afirma-que-las-operaciones-militares-en-iran-avanzan-mas-rapido-de-lo-planeado-y-que-48-nid01032026\/\" class=\"com-link break-word\" data-mrf-recirculation=\"n_link_parrafo\"><strong>Benjamin Netanyahu<\/strong><\/a> y contra la <strong>sede del comandante de la fuerza a\u00e9rea israel\u00ed<\/strong>.<\/p>\n<p class=\"com-paragraph   --s\">\u201cLa oficina del primer ministro criminal del <strong>r\u00e9gimen sionista <\/strong>y la sede del comandante de la fuerza a\u00e9rea del r\u00e9gimen fueron atacados\u201d, indic\u00f3 el ej\u00e9rcito ideol\u00f3gico de la rep\u00fablica isl\u00e1mica en un comunicado difundido por la agencia de noticias <em>Fars<\/em>. Hasta el momento,<strong> el gobierno de<\/strong> <strong>Israel no confirm\u00f3 ni neg\u00f3 el hecho<\/strong>. <\/p>\n<p class=\"com-paragraph   --s\">Los ataques de Ir\u00e1n se dan en lo que ellos consideran como \u201crepresalia\u201d <a href=\"https:\/\/www.lanacion.com.ar\/el-mundo\/el-ejercito-de-israel-mato-a-40-altos-funcionarios-iranies-en-la-primera-ola-de-ataques-nid01032026\/\" target=\"_self\" title=\"https:\/\/www.lanacion.com.ar\/el-mundo\/el-ejercito-de-israel-mato-a-40-altos-funcionarios-iranies-en-la-primera-ola-de-ataques-nid01032026\/\" class=\"com-link break-word\" data-mrf-recirculation=\"n_link_parrafo\"><strong>a la muerte de 40 altos comandantes iran\u00edes<\/strong><\/a><strong> <\/strong>que tuvo lugar en la primera ola de ataques de la \u201cOperaci\u00f3n Le\u00f3n Rugiente\u201d, seg\u00fan anunci\u00f3 el ej\u00e9rcito israel\u00ed este domingo. La lluvia de misiles lanzados este domingo desde Ir\u00e1n mataron <strong>al menos a cuatro personas en el centro de Israel<\/strong>, seg\u00fan inform\u00f3 el servicio de emergencias israel\u00ed.<\/p>\n<div class=\"content-media\">\n<section role=\"button\" class=\"mod-media   \">\n<figure role=\"button\" class=\"mod-figure \"><figcaption class=\"mod-figcaption\"><span class=\"com-text --caption --twoxs\">Los bombardeos sobre Ir\u00e1n.<\/span><span class=\"com-text --credit --twoxs\">Anadolu &#8211; Anadolu<\/span><\/figcaption><\/figure>\n<\/section>\n<\/div>\n<p class=\"com-paragraph   --s\">Seg\u00fan consign\u00f3 el medio israel\u00ed <a href=\"https:\/\/www.jpost.com\/israel-news\/defense-news\/article-888358\" target=\"_blank\" title=\"https:\/\/www.jpost.com\/israel-news\/defense-news\/article-888358\" class=\"com-link break-word\" data-mrf-recirculation=\"n_link_parrafo\" rel=\"nofollow\"><em>The Jerusalem Post<\/em><\/a>, el ej\u00e9rcito israel\u00ed afirm\u00f3 que la primera oleada incluy\u00f3 <strong>ataques simult\u00e1neos en varios puntos de Teher\u00e1n<\/strong>, donde se encontraban reunidos siete miembros de la c\u00fapula de seguridad iran\u00ed. <\/p>\n<p class=\"com-paragraph   --s\">Los militares confirmaron m\u00e1s tarde que entre los muertos en los ataques se encontraba el general <strong>Abdolrahim Mousavi<\/strong> (junto con el ayatollah<strong> Ali Khamenei<\/strong>), que se desempe\u00f1aba como jefe del Estado Mayor de las fuerzas armadas de Ir\u00e1n.<\/p>\n<p class=\"com-paragraph   --s\">En este marco,<em> <\/em>las Fuerzas de Defensa de Israel afirmaron que <strong>atacar\u00e1n \u201cobjetivos del r\u00e9gimen iran\u00ed en el coraz\u00f3n de Teher\u00e1n\u201d<\/strong>. \u201cLa Fuerza A\u00e9rea, guiada por la inteligencia militar, lanz\u00f3 una amplia ola de ataques contra objetivos del r\u00e9gimen terrorista iran\u00ed en el coraz\u00f3n de Teher\u00e1n\u201d, declararon en una publicaci\u00f3n de la red social <em>X<\/em>.<\/p>\n<div class=\"content-media\">\n<section role=\"button\" class=\"mod-media   \">\n<figure role=\"button\" class=\"mod-figure \"><figcaption class=\"mod-figcaption\"><span class=\"com-text --caption --twoxs\">Los bombardeos en Tel Aviv, Israel.<\/span><span class=\"com-text --credit --twoxs\">Oded Balilty &#8211; AP<\/span><\/figcaption><\/figure>\n<\/section>\n<\/div>\n<p class=\"com-paragraph   --s\">Este domingo, en el segundo d\u00eda de la ofensiva conjunta entre Israel y Estados Unidos contra Ir\u00e1n, una<strong> nueva ola de potentes explosiones <\/strong>sacudi\u00f3 Teher\u00e1n cerca de las 20.30 (hora local). Las detonaciones se concentraron en el este y noreste de la capital, horas despu\u00e9s de que Israel advirtiera que <strong>mantendr\u00eda ataques \u201csin pausa\u201d contra la c\u00fapula pol\u00edtica y militar persa<\/strong>. <\/p>\n<p class=\"com-paragraph   --s\">Una explosi\u00f3n que se registr\u00f3 en Teher\u00e1n m\u00e1s temprano \u2014cuyo objetivo no estaba claro de inmediato\u2014 remeci\u00f3 el suelo y provoc\u00f3 una enorme columna de humo que se elevaba sobre la ciudad. La detonaci\u00f3n ocurri\u00f3 en el <strong>\u00e1rea de la sede de la polic\u00eda del pa\u00eds y la televisi\u00f3n estatal iran\u00ed<\/strong>, as\u00ed como el Tribunal Revolucionario de Teher\u00e1n y un edificio del Ministerio de Defensa. <\/p>\n<p class=\"com-paragraph   --s\">En Tel Aviv se pod\u00edan escuchar fuertes explosiones causadas por <strong>impactos de misiles o interceptaciones<\/strong>, y al menos nueve personas murieron en un ataque en el centro de Israel que dej\u00f3 al menos once personas desaparecidas.<\/p>\n<p class=\"com-paragraph   --s\">La muerte del <strong>ayatollah Ali Khameni<\/strong>, y los llamados del presidente estadounidense Trump para el derrocamiento de la Rep\u00fablica Isl\u00e1mica marcaron el inicio de una nueva intervenci\u00f3n de Estados Unidos en Oriente Medio y potencialmente una guerra prolongada. EE.UU. inform\u00f3 que<strong> tres militares murieron y cinco resultaron heridos<\/strong> en la operaci\u00f3n de ayer contra Ir\u00e1n.<\/p>\n<p class=\"com-paragraph   --s\"><em>Con informaci\u00f3n de AP y AFP<\/em><\/p>\n<section class=\"container-center-100 mb-40 border border-bottom border-thin border-neutral-light-700\">\n<hr\/>\n<\/section>\n<\/div>\n\n","protected":false},"excerpt":{"rendered":"<p>TEHER\u00c1N.- Los Guardianes de la Revoluci\u00f3n iran\u00edes afirmaron este lunes haber lanzado un ataque con misiles contra la oficina del primer ministro israel\u00ed Benjamin Netanyahu y contra la sede del comandante de la fuerza a\u00e9rea israel\u00ed. \u201cLa oficina del primer ministro criminal del r\u00e9gimen sionista y la sede del comandante de la fuerza a\u00e9rea del [&hellip;]<\/p>\n","protected":false},"author":2,"featured_media":227870,"comment_status":"closed","ping_status":"closed","sticky":false,"template":"","format":"standard","meta":{"footnotes":""},"categories":[1],"tags":[],"class_list":["post-227869","post","type-post","status-publish","format-standard","has-post-thumbnail","hentry","category-uncategorized"],"_links":{"self":[{"href":"https:\/\/radioacuariofm.com.ar\/index.php?rest_route=\/wp\/v2\/posts\/227869","targetHints":{"allow":["GET"]}}],"collection":[{"href":"https:\/\/radioacuariofm.com.ar\/index.php?rest_route=\/wp\/v2\/posts"}],"about":[{"href":"https:\/\/radioacuariofm.com.ar\/index.php?rest_route=\/wp\/v2\/types\/post"}],"author":[{"embeddable":true,"href":"https:\/\/radioacuariofm.com.ar\/index.php?rest_route=\/wp\/v2\/users\/2"}],"replies":[{"embeddable":true,"href":"https:\/\/radioacuariofm.com.ar\/index.php?rest_route=%2Fwp%2Fv2%2Fcomments&post=227869"}],"version-history":[{"count":1,"href":"https:\/\/radioacuariofm.com.ar\/index.php?rest_route=\/wp\/v2\/posts\/227869\/revisions"}],"predecessor-version":[{"id":227871,"href":"https:\/\/radioacuariofm.com.ar\/index.php?rest_route=\/wp\/v2\/posts\/227869\/revisions\/227871"}],"wp:featuredmedia":[{"embeddable":true,"href":"https:\/\/radioacuariofm.com.ar\/index.php?rest_route=\/wp\/v2\/media\/227870"}],"wp:attachment":[{"href":"https:\/\/radioacuariofm.com.ar\/index.php?rest_route=%2Fwp%2Fv2%2Fmedia&parent=227869"}],"wp:term":[{"taxonomy":"category","embeddable":true,"href":"https:\/\/radioacuariofm.com.ar\/index.php?rest_route=%2Fwp%2Fv2%2Fcategories&post=227869"},{"taxonomy":"post_tag","embeddable":true,"href":"https:\/\/radioacuariofm.com.ar\/index.php?rest_route=%2Fwp%2Fv2%2Ftags&post=227869"}],"curies":[{"name":"wp","href":"https:\/\/api.w.org\/{rel}","templated":true}]}}