{"id":226589,"date":"2026-02-19T14:31:56","date_gmt":"2026-02-19T17:31:56","guid":{"rendered":"https:\/\/radioacuariofm.com.ar\/?p=226589"},"modified":"2026-02-19T14:31:57","modified_gmt":"2026-02-19T17:31:57","slug":"el-deporte-federado-puso-primera-con-foco-en-la-fortaleza-mental","status":"publish","type":"post","link":"https:\/\/radioacuariofm.com.ar\/?p=226589","title":{"rendered":"El deporte federado puso primera con foco en la fortaleza mental"},"content":{"rendered":"<p><\/p>\n<div>\n<p>En la jornada del mi\u00e9rcoles se dio inicio al calendario de capacitaciones 2026 del equipo interdisciplinario de la Subsecretar\u00eda de Deporte Federado, \u00e1rea que durante 2025 tuvo una importante participaci\u00f3n de profesionales en distintas instancias formativas y que ahora renueva su propuesta para el nuevo a\u00f1o.<\/p>\n<p>La primera actividad estuvo dirigida a los jugadores de la Primera Divisi\u00f3n del Club L\u00f3pez Pel\u00e1ez y fue coordinada por la Master Coach, licenciada Eliana Lepez. La capacitaci\u00f3n llev\u00f3 por nombre \u201cConstrucci\u00f3n de h\u00e1bitos y disciplinas para la fortaleza mental\u201d, una tem\u00e1tica cada vez m\u00e1s relevante dentro del rendimiento deportivo.<\/p>\n<p>Durante el encuentro se trabaj\u00f3 sobre la generaci\u00f3n de h\u00e1bitos y el desarrollo de la disciplina como herramientas fundamentales para potenciar la confianza individual y colectiva. La propuesta apunt\u00f3 a que cada deportista pueda reconocer el camino entre el jugador que es y el que aspira a ser, entendiendo a los h\u00e1bitos como el puente que permite ese crecimiento.<\/p>\n<p>En ese marco, uno de los ejes principales fue diferenciar la motivaci\u00f3n de la disciplina: mientras la primera resulta fluctuante, la segunda es constante y se apoya en un proceso claro y planificado que el atleta puede aplicar diariamente.<\/p>\n<p>A trav\u00e9s del an\u00e1lisis de sus rutinas cotidianas, los jugadores identificaron paso a paso sus actividades y trabajaron en el \u201capilamiento de h\u00e1bitos\u201d, incorporando nuevas conductas entre las ya existentes para realizar correcciones progresivas. El objetivo final fue acercarlos no s\u00f3lo a sus metas personales y deportivas, sino tambi\u00e9n a las necesidades del equipo y del club, tanto en lo individual como en lo colectivo.<\/p>\n<p>De esta manera, el programa formativo inicia su 2026 reafirmando la importancia del entrenamiento mental como complemento indispensable del trabajo f\u00edsico y t\u00e9cnico dentro del deporte competitivo.<\/p>\n<\/p><\/div>\n<p><script async defer crossorigin=\"anonymous\" src=\"https:\/\/connect.facebook.net\/es_ES\/sdk.js#xfbml=1&#038;version=v3.3\"><\/script><\/p>\n","protected":false},"excerpt":{"rendered":"<p>En la jornada del mi\u00e9rcoles se dio inicio al calendario de capacitaciones 2026 del equipo interdisciplinario de la Subsecretar\u00eda de Deporte Federado, \u00e1rea que durante 2025 tuvo una importante participaci\u00f3n de profesionales en distintas instancias formativas y que ahora renueva su propuesta para el nuevo a\u00f1o. La primera actividad estuvo dirigida a los jugadores de [&hellip;]<\/p>\n","protected":false},"author":2,"featured_media":226590,"comment_status":"closed","ping_status":"closed","sticky":false,"template":"","format":"standard","meta":{"footnotes":""},"categories":[27],"tags":[],"class_list":["post-226589","post","type-post","status-publish","format-standard","has-post-thumbnail","hentry","category-san-juan"],"_links":{"self":[{"href":"https:\/\/radioacuariofm.com.ar\/index.php?rest_route=\/wp\/v2\/posts\/226589","targetHints":{"allow":["GET"]}}],"collection":[{"href":"https:\/\/radioacuariofm.com.ar\/index.php?rest_route=\/wp\/v2\/posts"}],"about":[{"href":"https:\/\/radioacuariofm.com.ar\/index.php?rest_route=\/wp\/v2\/types\/post"}],"author":[{"embeddable":true,"href":"https:\/\/radioacuariofm.com.ar\/index.php?rest_route=\/wp\/v2\/users\/2"}],"replies":[{"embeddable":true,"href":"https:\/\/radioacuariofm.com.ar\/index.php?rest_route=%2Fwp%2Fv2%2Fcomments&post=226589"}],"version-history":[{"count":1,"href":"https:\/\/radioacuariofm.com.ar\/index.php?rest_route=\/wp\/v2\/posts\/226589\/revisions"}],"predecessor-version":[{"id":226591,"href":"https:\/\/radioacuariofm.com.ar\/index.php?rest_route=\/wp\/v2\/posts\/226589\/revisions\/226591"}],"wp:featuredmedia":[{"embeddable":true,"href":"https:\/\/radioacuariofm.com.ar\/index.php?rest_route=\/wp\/v2\/media\/226590"}],"wp:attachment":[{"href":"https:\/\/radioacuariofm.com.ar\/index.php?rest_route=%2Fwp%2Fv2%2Fmedia&parent=226589"}],"wp:term":[{"taxonomy":"category","embeddable":true,"href":"https:\/\/radioacuariofm.com.ar\/index.php?rest_route=%2Fwp%2Fv2%2Fcategories&post=226589"},{"taxonomy":"post_tag","embeddable":true,"href":"https:\/\/radioacuariofm.com.ar\/index.php?rest_route=%2Fwp%2Fv2%2Ftags&post=226589"}],"curies":[{"name":"wp","href":"https:\/\/api.w.org\/{rel}","templated":true}]}}