{"id":224898,"date":"2026-02-03T12:06:51","date_gmt":"2026-02-03T15:06:51","guid":{"rendered":"https:\/\/radioacuariofm.com.ar\/?p=224898"},"modified":"2026-02-03T12:06:52","modified_gmt":"2026-02-03T15:06:52","slug":"en-venezuela-los-cambios-parecen-avanzar-rapido-pero-es-posible-la-caida-del-regimen","status":"publish","type":"post","link":"https:\/\/radioacuariofm.com.ar\/?p=224898","title":{"rendered":"En Venezuela los cambios parecen avanzar r\u00e1pido, \u00bfpero es posible la ca\u00edda del r\u00e9gimen?"},"content":{"rendered":"<p> <br \/>\n<\/p>\n<div>\n<p class=\"com-paragraph  --capital --s\">CARACAS.\u2013 Comenz\u00f3 con <strong>la m\u00e1s m\u00ednima grieta en el temido sistema de gobierno autoritario de Venezuela. <\/strong><\/p>\n<p class=\"com-paragraph   --s\">Una cadena de televisi\u00f3n emitiendo <a href=\"https:\/\/www.lanacion.com.ar\/el-mundo\/un-canal-venezolano-difundio-declaraciones-de-corina-machado-y-recibio-un-mensaje-intimidante-de-nid29012026\/\" target=\"_self\" title=\"https:\/\/www.lanacion.com.ar\/el-mundo\/un-canal-venezolano-difundio-declaraciones-de-corina-machado-y-recibio-un-mensaje-intimidante-de-nid29012026\/\" class=\"com-link break-word\" data-mrf-recirculation=\"n_link_parrafo\">comentarios de una l\u00edder de la oposici\u00f3n. <\/a>Otras figuras de la oposici\u00f3n diciendo que sal\u00edan de la clandestinidad. Un grupo de estudiantes universitarios que se enfrent\u00f3 p\u00fablicamente a la presidenta <strong>Delcy Rodr\u00edguez, <\/strong>exigi\u00e9ndole que liberara a los presos pol\u00edticos. <\/p>\n<p class=\"com-paragraph   --s\">A continuaci\u00f3n, Rodr\u00edguez hizo sus propios anuncios sorprendentes: dijo que <a href=\"https:\/\/www.lanacion.com.ar\/el-mundo\/delcy-rodriguez-anuncia-una-ley-de-amnistia-general-para-los-presos-politicos-en-venezuela-nid30012026\/\" target=\"_self\" title=\"https:\/\/www.lanacion.com.ar\/el-mundo\/delcy-rodriguez-anuncia-una-ley-de-amnistia-general-para-los-presos-politicos-en-venezuela-nid30012026\/\" class=\"com-link break-word\" data-mrf-recirculation=\"n_link_parrafo\"><strong>cerrar\u00eda El Helicoide, <\/strong><\/a>la tristemente c\u00e9lebre prisi\u00f3n que los grupos de derechos humanos han descrito como <a href=\"https:\/\/www.lanacion.com.ar\/el-mundo\/como-es-el-helicoide-el-centro-comercial-que-se-convirtio-en-centro-de-tortura-del-chavismo-y-sera-nid31012026\/\" target=\"_self\" title=\"https:\/\/www.lanacion.com.ar\/el-mundo\/como-es-el-helicoide-el-centro-comercial-que-se-convirtio-en-centro-de-tortura-del-chavismo-y-sera-nid31012026\/\" class=\"com-link break-word\" data-mrf-recirculation=\"n_link_parrafo\">un centro de tortura, <\/a>y propuso <strong>una ley de amnist\u00eda masiva <\/strong>que podr\u00eda liberar a cientos de presos pol\u00edticos que siguen recluidos en c\u00e1rceles venezolanas. <\/p>\n<div class=\"content-media\">\n<section role=\"button\" class=\"mod-media   \">\n<figure role=\"button\" class=\"mod-figure \"><figcaption class=\"mod-figcaption\"><span class=\"com-text --caption --twoxs\">El 3 de enero, Donald Trump public\u00f3 la primera imagen tras la captura de Nicol\u00e1s Maduro y la acompa\u00f1\u00f3 con el texto \u00aba bordo del USS Iwo Jima\u00bb<\/span><span class=\"com-text --credit --twoxs\">TruthSocial\/@realDonaldTrump<\/span><\/figcaption><\/figure>\n<\/section>\n<\/div>\n<p class=\"com-paragraph   --s\">En conjunto, estas medidas hacen que muchos en Venezuela se pregunten <strong>si est\u00e1n surgiendo signos de deshielo tan solo un mes despu\u00e9s de que las fuerzas estadounidenses <\/strong><a href=\"https:\/\/www.lanacion.com.ar\/estados-unidos\/sopletes-gigantes-un-intento-de-fuga-y-decenas-de-muertos-salen-a-la-luz-nuevos-detalles-del-nid04012026\/\" target=\"_self\" title=\"https:\/\/www.lanacion.com.ar\/estados-unidos\/sopletes-gigantes-un-intento-de-fuga-y-decenas-de-muertos-salen-a-la-luz-nuevos-detalles-del-nid04012026\/\" class=\"com-link break-word\" data-mrf-recirculation=\"n_link_parrafo\"><strong>capturaran al predecesor de Rodr\u00edguez, <\/strong><\/a><strong>Nicol\u00e1s Maduro, <\/strong>y lo llevaran a la fuerza a Estados Unidos. <\/p>\n<p class=\"com-paragraph   --s\"><strong>Cualquier flexibilizaci\u00f3n de las restricciones autoritarias podr\u00eda revertirse, <\/strong>por supuesto, y ya han surgido reacciones en contra por parte de algunos miembros del gobierno. Pero el hecho de que se est\u00e9n produciendo estos debates es un sorprendente reflejo de <strong>la rapidez con la que est\u00e1 cambiando el panorama pol\u00edtico en Venezuela, <\/strong>a medida que Rodr\u00edguez se enfrenta a presiones internas para relajar las pol\u00edticas represivas y mejorar la econom\u00eda. <\/p>\n<p class=\"com-paragraph   --s\"><strong>\u201cEst\u00e1n entregando mucho m\u00e1s de lo que yo pensaba que pod\u00edan entregar en tan corto tiempo\u201d, <\/strong>dijo Colette Capriles, psic\u00f3loga social de la Universidad Sim\u00f3n Bol\u00edvar de Caracas, citando tanto <strong>el cambio radical de las pol\u00edticas petroleras nacionalistas <\/strong>como lo que denomin\u00f3 \u201cgestos serios de apertura del espacio pol\u00edtico y p\u00fablico\u201d. <\/p>\n<p class=\"com-paragraph   --s\">\u201cLa situaci\u00f3n del gobierno interino es de vulnerabilidad en el sentido de que <strong>est\u00e1 obligado a o\u00edr<\/strong>\u201d, dijo Capriles. \u201cEst\u00e1 necesitado de construir en verdad <strong>algunos consensos que funcionen<\/strong>\u201d. <\/p>\n<div class=\"content-media\">\n<section role=\"button\" class=\"mod-media   \">\n<figure role=\"button\" class=\"mod-figure \"><figcaption class=\"mod-figcaption\"><span class=\"com-text --caption --twoxs\">Delcy Rodr\u00edguez y la enviada norteamericana, Laura Dogu<\/span><\/figcaption><\/figure>\n<\/section>\n<\/div>\n<p class=\"com-paragraph   --s\">Otros, como Nicmer Evans, cr\u00edtico con el gobierno que fue detenido en diciembre por agentes de los servicios de inteligencia, recluido en El Helicoide y puesto en libertad a mediados de enero, sostienen que <strong>es demasiado pronto <\/strong>para describir lo que est\u00e1 ocurriendo como una especie de transici\u00f3n definitiva que se aleja de a\u00f1os de gobierno antidemocr\u00e1tico. <\/p>\n<p class=\"com-paragraph   --s\">Aun as\u00ed, Evans dijo: \u201cque la gente sienta el valor de dar un primer paso y decirles a los dem\u00e1s que <strong>es posible luchar por el Estado de derecho y derechos constitucionales, <\/strong>es verdaderamente extraordinario\u201d. <\/p>\n<p class=\"com-paragraph   --s\">Parte de lo que est\u00e1 ocurriendo en Venezuela encaja en <strong>un plan de tres partes trazado por el secretario de Estado Marco Rubio, <\/strong>aunque quiz\u00e1 a un ritmo m\u00e1s acelerado del que \u00e9l preve\u00eda. Rubio dijo que la primera prioridad era <strong>estabilizar el pa\u00eds<\/strong>, seguida de la <strong>recuperaci\u00f3n econ\u00f3mica <\/strong>y, a continuaci\u00f3n, la <strong>transici\u00f3n a un gobierno democr\u00e1tico <\/strong>m\u00e1s representativo. <\/p>\n<p class=\"com-paragraph   --s\"><strong>Abunda el escepticismo sobre que Rodr\u00edguez, <\/strong>una aliada de Maduro que fue su vicepresidenta, sea una persona capaz de encabezar reformas democr\u00e1ticas de gran alcance: despu\u00e9s de todo, se\u00f1alan los expertos, ella fue una de <strong>las art\u00edfices y principales beneficiarias del sistema autoritario que ahora dirige. <\/strong><\/p>\n<p class=\"com-paragraph   --s\">El gobierno venezolano no respondi\u00f3 a las solicitudes de comentarios para este art\u00edculo. <\/p>\n<div class=\"content-media\">\n<section role=\"button\" class=\"mod-media   \">\n<figure role=\"button\" class=\"mod-figure \"><figcaption class=\"mod-figcaption\"><span class=\"com-text --caption --twoxs\">La presidenta encargada de Venezuela, Delcy Rodr\u00edguez junto a su hermano y presidente de la Asamblea Nacional de Venezuela, Jorge Rodr\u00edguez, y el ministro para Interior, Justicia y Paz venezolano, Diosdado Cabello<\/span><span class=\"com-text --credit --twoxs\">Ding Hongfa  &#8211; XinHua <\/span><\/figcaption><\/figure>\n<\/section>\n<\/div>\n<p class=\"com-paragraph   --s\">Los detalles sobre la propuesta de amnist\u00eda de Rodr\u00edguez siguen siendo escasos, lo que hace temer que pueda ampliarse y manipularse para <strong>otorgar inmunidad a funcionarios del gobierno <\/strong>acusados por organismos internacionales de violaciones de derechos humanos. Algunos cr\u00edticos afirman que simplemente est\u00e1 introduciendo <strong>cambios cosm\u00e9ticos, <\/strong>ganando tiempo antes de que los funcionarios estadounidenses la obliguen a aflojar significativamente su control del poder. <\/p>\n<p class=\"com-paragraph   --s\">Poderosas figuras del gobierno, como <strong>Diosdado Cabello, <\/strong>ministro del Interior, quien ejerce el control sobre las operaciones de inteligencia y las c\u00e9lulas paramilitares, tambi\u00e9n han demostrado en los \u00faltimos d\u00edas <strong>con qu\u00e9 facilidad se puede silenciar a quienes ponen a prueba los l\u00edmites cambiantes. <\/strong><\/p>\n<p class=\"com-paragraph   --s\">Despu\u00e9s de que una cadena de televisi\u00f3n privada, <strong>Venevisi\u00f3n<\/strong>, pusiera a prueba los l\u00edmites de la censura la semana pasada al emitir comentarios de la dirigente opositora <strong>Mar\u00eda Corina Machado, <\/strong>Cabello amenaz\u00f3 a la cadena con consecuencias no especificadas. <\/p>\n<div class=\"content-media\">\n<section role=\"button\" class=\"mod-media   \">\n<figure role=\"button\" class=\"mod-figure \"><figcaption class=\"mod-figcaption\"><span class=\"com-text --caption --twoxs\">Una mujer pasa junto a un mural en apoyo a la presidenta interina de Venezuela, Delcy Rodr\u00edguez, en Caracas<\/span><span class=\"com-text --credit --twoxs\">PEDRO MATTEY &#8211; AFP<\/span><\/figcaption><\/figure>\n<\/section>\n<\/div>\n<p class=\"com-paragraph   --s\">Poco despu\u00e9s, Venevisi\u00f3n dijo que la cadena hab\u00eda sido eliminada de las plataformas de emisi\u00f3n de gran parte del pa\u00eds, lo que puso de manifiesto la rapidez con que el gobierno de Rodr\u00edguez puede tomar <strong>represalias contra cualquiera que se cruce en su camino. <\/strong><\/p>\n<p class=\"com-paragraph   --s\">Aunque el sistema pol\u00edtico de Venezuela es menos draconiano que el de la Cuba gobernada por los comunistas, su principal aliado,<strong> Venezuela sigue siendo una fortaleza autoritaria en algunos aspectos. <\/strong><\/p>\n<p class=\"com-paragraph   --s\"><strong>La libertad de expresi\u00f3n sigue estando fuertemente restringida, <\/strong>y los principales peri\u00f3dicos y cadenas de televisi\u00f3n est\u00e1n en manos de propietarios progubernamentales. Algunos venezolanos afirman que el acceso a la plataforma de redes sociales X sigue bloqueado, lo que los obliga a utilizar redes privadas virtuales, o VPN, para eludir las restricciones del gobierno. <\/p>\n<p class=\"com-paragraph   --s\">A la mayor\u00eda de los periodistas extranjeros se les sigue denegando la entrada en el pa\u00eds, y los pocos que consiguen entrar suelen ser deportados r\u00e1pidamente al ser detectados. Los periodistas venezolanos que trabajan para medios de comunicaci\u00f3n internacionales tambi\u00e9n son detenidos con regularidad. <\/p>\n<div class=\"content-media\">\n<section role=\"button\" class=\"mod-media   \">\n<figure role=\"button\" class=\"mod-figure \"><figcaption class=\"mod-figcaption\"><span class=\"com-text --caption --twoxs\">Familiares de detenidos se re\u00fanen cerca de El Helicoide, en Caracas, Venezuela, el viernes 30 de enero, tras el anuncio de la amnist\u00eda<\/span><span class=\"com-text --credit --twoxs\">Ariana Cubillos  &#8211; AP <\/span><\/figcaption><\/figure>\n<\/section>\n<\/div>\n<p class=\"com-paragraph   --s\">Y aunque el presidente Donald Trump ha dicho que Estados Unidos maneja Venezuela, <strong>el pa\u00eds sigue estando efectivamente fuera de los l\u00edmites de muchos estadounidenses. <\/strong>Los ciudadanos estadounidenses siguen teniendo que obtener visas para entrar en Venezuela incluso para un viaje de negocios rutinario, un complejo proceso burocr\u00e1tico que a menudo no obtiene respuesta alguna de las autoridades venezolanas. <\/p>\n<p class=\"com-paragraph   --s\"><strong>Los venezolanos que abandonaron el pa\u00eds se enfrentan a mayores dificultades. <\/strong>Para quienes se encuentran en Estados Unidos, renovar el pasaporte es una odisea costosa que exige viajar a otros pa\u00edses donde Venezuela tiene consulados operativos. A muchos venezolanos que cruzaron recientemente a Estados Unidos se les confiscaron los pasaportes y ahora corren el riesgo de ser deportados a Venezuela. <\/p>\n<p class=\"com-paragraph   --s\">Sin embargo, parecen estar surgiendo<strong> cambios embrionarios en el sistema, <\/strong>que podr\u00edan abrir el camino a alg\u00fan tipo de transformaci\u00f3n m\u00e1s amplia. <\/p>\n<p class=\"com-paragraph   --s\">Por ejemplo, algunos familiares de presos pol\u00edticos han aparecido en p\u00fablico y han hablado con valent\u00eda en un esfuerzo por conseguir la liberaci\u00f3n de sus seres queridos. Hasta el lunes, el gobierno de Rodr\u00edguez <strong>hab\u00eda puesto en libertad a m\u00e1s de 300 de estos presos, pero casi 700 segu\u00edan encarcelados, <\/strong>seg\u00fan Foro Penal, un importante grupo de derechos humanos. <\/p>\n<p class=\"com-paragraph   --s\">Un pu\u00f1ado de dirigentes de la oposici\u00f3n tambi\u00e9n ha empezado a salir de la clandestinidad, reanudando actividades p\u00fablicas como apariciones en los medios de comunicaci\u00f3n. Este grupo incluye a <strong>Delsa Sol\u00f3rzano, <\/strong>abogada y exlegisladora, y a <strong>Juan Barreto, <\/strong>exalcalde de Caracas que rompi\u00f3 con Maduro por el creciente autoritarismo del gobierno. <\/p>\n<div class=\"content-media\">\n<section role=\"button\" class=\"mod-media   \">\n<figure role=\"button\" class=\"mod-figure \"><figcaption class=\"mod-figcaption\"><span class=\"com-text --caption --twoxs\">Delcy Rodriguez habla frente a un cuadro de Nicol\u00e1s Maduro y Cilia Flores<\/span><span class=\"com-text --credit --twoxs\">Ariana Cubillos &#8211; AP<\/span><\/figcaption><\/figure>\n<\/section>\n<\/div>\n<p class=\"com-paragraph   --s\">Barreto, quien estuvo bajo arresto domiciliario de facto durante meses, con agentes de inteligencia armados apostados frente a su casa, dijo que la dirigente interina <strong>decidi\u00f3 aliviar la presi\u00f3n en el pa\u00eds. <\/strong><\/p>\n<p class=\"com-paragraph   --s\">Analizando la nueva realidad pol\u00edtica, en la que funcionarios del gobierno de Trump han amenazado a Rodr\u00edguez con un destino similar al de Maduro, Barreto dijo que a su gobierno no le quedaba m\u00e1s remedio que avanzar con algunos cambios. <\/p>\n<p class=\"com-paragraph   --s\"><strong>\u201cEl pa\u00eds est\u00e1 con una pistola en la cabeza\u201d, <\/strong>dijo Barreto. \u201cLas decisiones que se est\u00e1n tomando est\u00e1n bajo esta presi\u00f3n\u201d. <\/p>\n<p class=\"com-paragraph   --s\">Se trata de un <strong>delicado acto de equilibrio para Rodr\u00edguez, <\/strong>quien ha estado mostrando una especie de desaf\u00edo performativo a Estados Unidos, criticando repetidamente la destituci\u00f3n de Maduro y pidiendo su regreso, al tiempo que acoge con satisfacci\u00f3n el fortalecimiento de los lazos econ\u00f3micos y diplom\u00e1ticos con Estados Unidos. <\/p>\n<p class=\"com-paragraph   --s\">El gobierno de Rodr\u00edguez tambi\u00e9n ha formado lo que denomina <strong>Programa para la Convivencia Democr\u00e1tica y la Paz. <\/strong>Se trata de una iniciativa integrada por personalidades del chavismo, el movimiento pol\u00edtico que dirige Venezuela desde hace casi 30 a\u00f1os, pero tambi\u00e9n de la sociedad civil, entre ellos Michael Penfold, destacado acad\u00e9mico especializado en cuestiones de gobernanza p\u00fablica. <\/p>\n<div class=\"content-media\">\n<section role=\"button\" class=\"mod-media   \">\n<figure role=\"button\" class=\"mod-figure \"><figcaption class=\"mod-figcaption\"><span class=\"com-text --caption --twoxs\">Un graffiti en reclamo de la libertad de Nicol\u00e1s Maduro y Cilia Flores, en Caracas<\/span><span class=\"com-text --credit --twoxs\">RONALDO SCHEMIDT &#8211; AFP<\/span><\/figcaption><\/figure>\n<\/section>\n<\/div>\n<p class=\"com-paragraph   --s\">Una de las principales prioridades de este proyecto ser\u00e1 ayudar a formular la legislaci\u00f3n para la propuesta de amnist\u00eda de Rodr\u00edguez. M\u00e1s adelante, algunos expresan un cauto optimismo en que podr\u00eda evolucionar hacia una especie de comisi\u00f3n de la verdad y la reconciliaci\u00f3n destinada a curar las heridas del descenso de Venezuela hacia el autoritarismo. <\/p>\n<p class=\"com-paragraph   --s\">Mientras tanto, la Universidad Central de Venezuela, una instituci\u00f3n p\u00fablica de Caracas que hist\u00f3ricamente ha funcionado como un hervidero de activismo pol\u00edtico, ha resurgido en los \u00faltimos d\u00edas como un foro donde la gente debate p\u00fablicamente el liderazgo de Rodr\u00edguez y la direcci\u00f3n general del pa\u00eds. <\/p>\n<p class=\"com-paragraph   --s\">Benigno Alarc\u00f3n, analista pol\u00edtico que particip\u00f3 en uno de esos debates la semana pasada en un recinto abarrotado, advirti\u00f3 a los asistentes que moderaran sus expectativas. Dijo que, para que se inicie una verdadera transici\u00f3n democr\u00e1tica, \u201ctiene que ocurrir efectivamente un cambio de la coalici\u00f3n que gobierna\u2026 y <strong>tiene que existir un cambio de r\u00e9gimen<\/strong>\u201d. <\/p>\n<p class=\"com-paragraph   --s\">\u201cLas transiciones no son eventos\u201d, dijo Alarc\u00f3n. \u201cSon procesos y son procesos que normalmente son conflictivos. <strong>Las transiciones reales suelen ser largas y en muchas ocasiones son reversibles<\/strong>\u201d. <\/p>\n<p class=\"com-paragraph   --s\"><strong>Por Simon Romero, Isayen Herrera y Patricia Sulbar\u00e1n<\/strong><\/p>\n<section class=\"container-center-100 mb-40 border border-bottom border-thin border-neutral-light-700\">\n<hr\/>\n<\/section>\n<\/div>\n\n","protected":false},"excerpt":{"rendered":"<p>CARACAS.\u2013 Comenz\u00f3 con la m\u00e1s m\u00ednima grieta en el temido sistema de gobierno autoritario de Venezuela. Una cadena de televisi\u00f3n emitiendo comentarios de una l\u00edder de la oposici\u00f3n. Otras figuras de la oposici\u00f3n diciendo que sal\u00edan de la clandestinidad. Un grupo de estudiantes universitarios que se enfrent\u00f3 p\u00fablicamente a la presidenta Delcy Rodr\u00edguez, exigi\u00e9ndole que [&hellip;]<\/p>\n","protected":false},"author":2,"featured_media":224899,"comment_status":"closed","ping_status":"closed","sticky":false,"template":"","format":"standard","meta":{"footnotes":""},"categories":[1],"tags":[],"class_list":["post-224898","post","type-post","status-publish","format-standard","has-post-thumbnail","hentry","category-uncategorized"],"_links":{"self":[{"href":"https:\/\/radioacuariofm.com.ar\/index.php?rest_route=\/wp\/v2\/posts\/224898","targetHints":{"allow":["GET"]}}],"collection":[{"href":"https:\/\/radioacuariofm.com.ar\/index.php?rest_route=\/wp\/v2\/posts"}],"about":[{"href":"https:\/\/radioacuariofm.com.ar\/index.php?rest_route=\/wp\/v2\/types\/post"}],"author":[{"embeddable":true,"href":"https:\/\/radioacuariofm.com.ar\/index.php?rest_route=\/wp\/v2\/users\/2"}],"replies":[{"embeddable":true,"href":"https:\/\/radioacuariofm.com.ar\/index.php?rest_route=%2Fwp%2Fv2%2Fcomments&post=224898"}],"version-history":[{"count":1,"href":"https:\/\/radioacuariofm.com.ar\/index.php?rest_route=\/wp\/v2\/posts\/224898\/revisions"}],"predecessor-version":[{"id":224900,"href":"https:\/\/radioacuariofm.com.ar\/index.php?rest_route=\/wp\/v2\/posts\/224898\/revisions\/224900"}],"wp:featuredmedia":[{"embeddable":true,"href":"https:\/\/radioacuariofm.com.ar\/index.php?rest_route=\/wp\/v2\/media\/224899"}],"wp:attachment":[{"href":"https:\/\/radioacuariofm.com.ar\/index.php?rest_route=%2Fwp%2Fv2%2Fmedia&parent=224898"}],"wp:term":[{"taxonomy":"category","embeddable":true,"href":"https:\/\/radioacuariofm.com.ar\/index.php?rest_route=%2Fwp%2Fv2%2Fcategories&post=224898"},{"taxonomy":"post_tag","embeddable":true,"href":"https:\/\/radioacuariofm.com.ar\/index.php?rest_route=%2Fwp%2Fv2%2Ftags&post=224898"}],"curies":[{"name":"wp","href":"https:\/\/api.w.org\/{rel}","templated":true}]}}