{"id":224814,"date":"2026-02-02T14:44:49","date_gmt":"2026-02-02T17:44:49","guid":{"rendered":"https:\/\/radioacuariofm.com.ar\/?p=224814"},"modified":"2026-02-02T14:44:50","modified_gmt":"2026-02-02T17:44:50","slug":"semana-negra-para-la-corona-noruega-juicio-por-violacion-una-nueva-detencion-y-el-regreso-del-caso-epstein","status":"publish","type":"post","link":"https:\/\/radioacuariofm.com.ar\/?p=224814","title":{"rendered":"Semana negra para la corona noruega: juicio por violaci\u00f3n, una nueva detenci\u00f3n y el regreso del caso Epstein"},"content":{"rendered":"<p> <br \/>\n<\/p>\n<div>\n<p class=\"com-paragraph  --capital --s\">OSLO.\u2013 La <strong>monarqu\u00eda noruega<\/strong>, hist\u00f3ricamente asociada a la moderaci\u00f3n, la transparencia institucional y un alto nivel de confianza p\u00fablica, atraviesa uno de los momentos m\u00e1s delicados de las \u00faltimas d\u00e9cadas. En apenas d\u00edas, la <strong>familia real qued\u00f3 envuelta en una seguidilla de crisis <\/strong>que combinan causas judiciales de extrema gravedad y revelaciones internacionales inc\u00f3modas. La <strong>nueva detenci\u00f3n de <\/strong><a href=\"https:\/\/www.lanacion.com.ar\/el-mundo\/el-principe-heredero-de-noruega-hablo-sobre-el-escandalo-de-su-hijastro-acusado-de-violacion-nid19082025\/\" target=\"_self\" title=\"https:\/\/www.lanacion.com.ar\/el-mundo\/el-principe-heredero-de-noruega-hablo-sobre-el-escandalo-de-su-hijastro-acusado-de-violacion-nid19082025\/\" class=\"com-link break-word\" data-mrf-recirculation=\"n_link_parrafo\"><strong>Marius Borg Hoiby<\/strong><\/a>, hijo de la princesa heredera <a href=\"https:\/\/www.lanacion.com.ar\/el-mundo\/el-escandalo-epstein-golpea-de-cerca-a-la-princesa-heredera-de-noruega-nid01022026\/\" target=\"_self\" title=\"https:\/\/www.lanacion.com.ar\/el-mundo\/el-escandalo-epstein-golpea-de-cerca-a-la-princesa-heredera-de-noruega-nid01022026\/\" class=\"com-link break-word\" data-mrf-recirculation=\"n_link_parrafo\">Mette-Marit<\/a>, a horas del inicio de su <strong>juicio por violaci\u00f3n y violencia dom\u00e9stica<\/strong>, coincidi\u00f3 con la <a href=\"https:\/\/www.lanacion.com.ar\/estados-unidos\/afirmaban-no-ser-proximos-al-pedofilo-epstein-pero-ahora-las-pruebas-dicen-todo-lo-contrario-nid01022026\/\" target=\"_self\" title=\"https:\/\/www.lanacion.com.ar\/estados-unidos\/afirmaban-no-ser-proximos-al-pedofilo-epstein-pero-ahora-las-pruebas-dicen-todo-lo-contrario-nid01022026\/\" class=\"com-link break-word\" data-mrf-recirculation=\"n_link_parrafo\"><strong>difusi\u00f3n de documentos del caso Jeffrey Epstein<\/strong><\/a> que volvieron a exponer los<strong> v\u00ednculos de la futura reina con el financista estadounidense<\/strong> condenado por delitos sexuales. <\/p>\n<p class=\"com-paragraph   --s\">El episodio m\u00e1s inmediato y explosivo tiene lugar en los tribunales de Oslo. <strong>Marius Borg Hoiby, <\/strong>de 29 a\u00f1os, fue detenido nuevamente el domingo por la noche por la polic\u00eda noruega, acusado de <strong>agresiones<\/strong>, <strong>amenazas con arma blanca y violaci\u00f3n de una orden de restricci\u00f3n<\/strong>. <\/p>\n<p class=\"com-paragraph   --s\">La detenci\u00f3n se produjo apenas <strong>un d\u00eda antes del inicio de su juicio, <\/strong>previsto para este martes ante el tribunal de distrito de Oslo. La fiscal\u00eda anunci\u00f3 que <strong>solicitar\u00e1 cuatro semanas de prisi\u00f3n preventiva <\/strong>por considerar que existe <strong>riesgo de reincidencia.<\/strong><\/p>\n<p class=\"com-paragraph   --s\">Hoiby, hijo de Mette-Marit de una relaci\u00f3n anterior a su matrimonio con el pr\u00edncipe heredero Haakon, enfrenta un proceso judicial de alt\u00edsimo perfil que incluye <strong>38 cargos<\/strong>. Entre ellos figuran <strong>cuatro presuntas violaciones<\/strong> \u2013algunas cometidas contra v\u00edctimas que no estaban en condiciones de defenderse\u2013,<strong> violencia f\u00edsica y psicol\u00f3gica contra exparejas<\/strong>,<strong> amenazas de muerte, infracciones a una orden de alejamiento y delitos vinculados al tr\u00e1fico y posesi\u00f3n de estupefacientes<\/strong>. Siete personas son consideradas v\u00edctimas en la causa. De ser declarado culpable de los cargos m\u00e1s graves, <strong>podr\u00eda enfrentar una condena de hasta 16 a\u00f1os de prisi\u00f3n<\/strong>. El acusado niega los hechos m\u00e1s serios y su abogado defensor asegur\u00f3 que presentar\u00e1 un relato detallado de su versi\u00f3n ante el tribunal.<\/p>\n<div class=\"content-media\">\n<section role=\"button\" class=\"mod-media   \">\n<figure role=\"button\" class=\"mod-figure \"><figcaption class=\"mod-figcaption\"><span class=\"com-text --caption --twoxs\">La corona noruega atraviesa su semana m\u00e1s cr\u00edtica entre un juicio penal y las revelaciones del caso Epstein<\/span><span class=\"com-text --credit --twoxs\">Mark Cuthbert &#8211; UK Press<\/span><\/figcaption><\/figure>\n<\/section>\n<\/div>\n<p class=\"com-paragraph   --s\">La Casa Real opt\u00f3 por marcar distancia. En una declaraci\u00f3n poco habitual, el <strong>pr\u00edncipe heredero Haakon subray\u00f3 que Hoiby no forma parte de la familia real<\/strong>, no posee t\u00edtulo ni funciones oficiales y debe responder ante la justicia como cualquier ciudadano noruego. Confirm\u00f3 adem\u00e1s que<strong> ni \u00e9l ni Mette-Marit asistir\u00e1n a las audiencias <\/strong>y que el palacio no realizar\u00e1 comentarios durante el proceso, que se extender\u00e1 al menos hasta <strong>mediados de marzo. <\/strong>Aun as\u00ed, el caso ya se convirti\u00f3 en una fuente constante de incomodidad para una instituci\u00f3n que basa gran parte de su legitimidad en la ejemplaridad p\u00fablica.<\/p>\n<p class=\"com-paragraph   --s\">Cuando el impacto del juicio a\u00fan no hab\u00eda alcanzado su punto m\u00e1ximo, una segunda crisis estall\u00f3 desde el plano internacional. El viernes, el Departamento de Justicia de Estados Unidos public\u00f3 una <a href=\"https:\/\/www.lanacion.com.ar\/estados-unidos\/quienes-son-las-poderosas-figuras-que-fueron-afectadas-por-la-ultima-difusion-de-los-archivos-de-nid02022026\/\" target=\"_self\" title=\"https:\/\/www.lanacion.com.ar\/estados-unidos\/quienes-son-las-poderosas-figuras-que-fueron-afectadas-por-la-ultima-difusion-de-los-archivos-de-nid02022026\/\" class=\"com-link break-word\" data-mrf-recirculation=\"n_link_parrafo\"><strong>nueva tanda de documentos vinculados al caso Jeffrey Epstein<\/strong>. <\/a>Los archivos incluyen una <strong>extensa correspondencia por correo electr\u00f3nico entre el financista<\/strong> \u2013condenado en 2008 por delitos sexuales contra menores\u2013 <strong>y la princesa heredera noruega<\/strong>, con <strong>intercambios que se habr\u00edan producido incluso despu\u00e9s de aquella condena.<\/strong><\/p>\n<div class=\"content-media\">\n<section role=\"button\" class=\"mod-media   \">\n<figure role=\"button\" class=\"mod-figure \"><figcaption class=\"mod-figcaption\"><span class=\"com-text --caption --twoxs\">El primer ministro noruego, Jonas Gahr Stoere, se dirige a la prensa durante la Conferencia de Seguridad de Oslo 2026 sobre los socios transatl\u00e1nticos y comenta la relaci\u00f3n de Mette-Marit y Jagland con Epstein<\/span><span class=\"com-text --credit --twoxs\">JAVAD PARSA  &#8211; NTB <\/span><\/figcaption><\/figure>\n<\/section>\n<\/div>\n<p class=\"com-paragraph   --s\">Las revelaciones provocaron una reacci\u00f3n inusualmente directa del primer ministro, <strong>Jonas Gahr Store. <\/strong><\/p>\n<p class=\"com-paragraph   --s\">El lunes, el jefe de gobierno afirm\u00f3 que <strong>Mette-Marit \u201cmostr\u00f3 falta de criterio\u201d <\/strong>al mantener contacto con Epstein y coincidi\u00f3 p\u00fablicamente con la autocr\u00edtica expresada por la propia princesa. \u201cElla dice que demostr\u00f3 falta de criterio. Estoy de acuerdo\u201d, declar\u00f3 ante la prensa. <\/p>\n<p class=\"com-paragraph   --s\">Store a\u00f1adi\u00f3 que tanto la princesa heredera como otros noruegos destacados mencionados en los documentos deber\u00edan <strong>ofrecer explicaciones m\u00e1s detalladas sobre el alcance de sus v\u00ednculos con Epstein, <\/strong>al considerar que la nueva informaci\u00f3n arroja \u201cm\u00e1s luz\u201d de la que se conoc\u00eda hasta ahora.<\/p>\n<p class=\"com-paragraph   --s\">Un d\u00eda antes, Mette-Marit hab\u00eda emitido una disculpa formal a trav\u00e9s del palacio real. En su declaraci\u00f3n,<strong> asumi\u00f3 la responsabilidad por no haber investigado m\u00e1s a fondo los antecedentes de Epstein <\/strong>y calific\u00f3 su conducta como<strong> \u201csimplemente vergonzosa\u201d<\/strong>. Tambi\u00e9n expres\u00f3 su \u201cprofunda empat\u00eda y solidaridad\u201d con las v\u00edctimas del abuso sexual. <\/p>\n<p class=\"com-paragraph   --s\">Medios noruegos revelaron adem\u00e1s que la <strong>princesa se aloj\u00f3 durante varios d\u00edas en una propiedad de Epstein en Palm Beach<\/strong>, Florida, a comienzos de <strong>2013<\/strong>, algo que la Casa Real confirm\u00f3, aunque sostuvo que el contacto se produjo a trav\u00e9s de un amigo en com\u00fan.<\/p>\n<div class=\"content-media\">\n<section role=\"button\" class=\"mod-media   \">\n<figure role=\"button\" class=\"mod-figure \"><figcaption class=\"mod-figcaption\"><span class=\"com-text --caption --twoxs\">Mientras su hijo se prepara para ser juzgado por violaci\u00f3n, la princesa Mette-Marit, futura reina de Noruega, se ve envuelta en otro esc\u00e1ndalo, con nuevos documentos de Epstein que revelan una cercan\u00eda inesperada con el delincuente sexual estadounidense<\/span><span class=\"com-text --credit --twoxs\">JOHN MACDOUGALL  &#8211; AFP <\/span><\/figcaption><\/figure>\n<\/section>\n<\/div>\n<p class=\"com-paragraph   --s\">Este doble esc\u00e1ndalo se inscribe en un contexto m\u00e1s amplio de <strong>fragilidad para la monarqu\u00eda noruega. <\/strong><\/p>\n<p class=\"com-paragraph   --s\">El <strong>rey Harald, <\/strong>de 88 a\u00f1os \u2013el monarca en funciones de mayor edad en Europa\u2013, redujo su actividad en 2024 tras ser hospitalizado por una infecci\u00f3n y someterse luego a la implantaci\u00f3n de un marcapasos. La propia Mette-Marit padece fibrosis pulmonar desde 2018 y podr\u00eda necesitar un trasplante de pulm\u00f3n. A ello se suma <strong>la renuncia de la princesa Martha Louise, <\/strong>hermana de Haakon, a sus deberes reales en 2022, y las controversias que rodearon <a href=\"https:\/\/www.lanacion.com.ar\/revista-hola\/la-princesa-y-el-chaman-martha-luisa-de-noruega-inauguro-el-verano-por-adelantado-junto-a-su-marido-nid16062025\/\" target=\"_self\" title=\"https:\/\/www.lanacion.com.ar\/revista-hola\/la-princesa-y-el-chaman-martha-luisa-de-noruega-inauguro-el-verano-por-adelantado-junto-a-su-marido-nid16062025\/\" class=\"com-link break-word\" data-mrf-recirculation=\"n_link_parrafo\">su boda con un autodenominado cham\u00e1n estadounidense <\/a>y un documental de Netflix cr\u00edtico con la instituci\u00f3n.<\/p>\n<p class=\"com-paragraph   --s\">Hasta ahora, la monarqu\u00eda hab\u00eda logrado atravesar las controversias sin que se resintiera de manera significativa su respaldo social. Seg\u00fan una encuesta reciente de Norstat, <strong>alrededor del 70% de los noruegos apoya la instituci\u00f3n. <\/strong>Sin embargo, la simultaneidad de un juicio penal de enorme gravedad y la reaparici\u00f3n del nombre de la futura reina en los archivos de Epstein marcan un punto de inflexi\u00f3n. <\/p>\n<p class=\"com-paragraph   --s\"><strong>Agencias AFP, AP y Reuters<\/strong><\/p>\n<section class=\"container-center-100 mb-40 border border-bottom border-thin border-neutral-light-700\">\n<hr\/>\n<\/section>\n<\/div>\n\n","protected":false},"excerpt":{"rendered":"<p>OSLO.\u2013 La monarqu\u00eda noruega, hist\u00f3ricamente asociada a la moderaci\u00f3n, la transparencia institucional y un alto nivel de confianza p\u00fablica, atraviesa uno de los momentos m\u00e1s delicados de las \u00faltimas d\u00e9cadas. En apenas d\u00edas, la familia real qued\u00f3 envuelta en una seguidilla de crisis que combinan causas judiciales de extrema gravedad y revelaciones internacionales inc\u00f3modas. La [&hellip;]<\/p>\n","protected":false},"author":2,"featured_media":224815,"comment_status":"closed","ping_status":"closed","sticky":false,"template":"","format":"standard","meta":{"footnotes":""},"categories":[1],"tags":[],"class_list":["post-224814","post","type-post","status-publish","format-standard","has-post-thumbnail","hentry","category-uncategorized"],"_links":{"self":[{"href":"https:\/\/radioacuariofm.com.ar\/index.php?rest_route=\/wp\/v2\/posts\/224814","targetHints":{"allow":["GET"]}}],"collection":[{"href":"https:\/\/radioacuariofm.com.ar\/index.php?rest_route=\/wp\/v2\/posts"}],"about":[{"href":"https:\/\/radioacuariofm.com.ar\/index.php?rest_route=\/wp\/v2\/types\/post"}],"author":[{"embeddable":true,"href":"https:\/\/radioacuariofm.com.ar\/index.php?rest_route=\/wp\/v2\/users\/2"}],"replies":[{"embeddable":true,"href":"https:\/\/radioacuariofm.com.ar\/index.php?rest_route=%2Fwp%2Fv2%2Fcomments&post=224814"}],"version-history":[{"count":1,"href":"https:\/\/radioacuariofm.com.ar\/index.php?rest_route=\/wp\/v2\/posts\/224814\/revisions"}],"predecessor-version":[{"id":224816,"href":"https:\/\/radioacuariofm.com.ar\/index.php?rest_route=\/wp\/v2\/posts\/224814\/revisions\/224816"}],"wp:featuredmedia":[{"embeddable":true,"href":"https:\/\/radioacuariofm.com.ar\/index.php?rest_route=\/wp\/v2\/media\/224815"}],"wp:attachment":[{"href":"https:\/\/radioacuariofm.com.ar\/index.php?rest_route=%2Fwp%2Fv2%2Fmedia&parent=224814"}],"wp:term":[{"taxonomy":"category","embeddable":true,"href":"https:\/\/radioacuariofm.com.ar\/index.php?rest_route=%2Fwp%2Fv2%2Fcategories&post=224814"},{"taxonomy":"post_tag","embeddable":true,"href":"https:\/\/radioacuariofm.com.ar\/index.php?rest_route=%2Fwp%2Fv2%2Ftags&post=224814"}],"curies":[{"name":"wp","href":"https:\/\/api.w.org\/{rel}","templated":true}]}}