{"id":223704,"date":"2026-01-23T00:19:48","date_gmt":"2026-01-23T03:19:48","guid":{"rendered":"https:\/\/radioacuariofm.com.ar\/?p=223704"},"modified":"2026-01-23T00:19:49","modified_gmt":"2026-01-23T03:19:49","slug":"lo-usaron-como-carnada-y-lo-arrestaron-crece-la-indignacion-por-la-detencion-de-un-nino-de-cinco-anos-en-minnesota","status":"publish","type":"post","link":"https:\/\/radioacuariofm.com.ar\/?p=223704","title":{"rendered":"Lo usaron como carnada y lo arrestaron: crece la indignaci\u00f3n por la detenci\u00f3n de un ni\u00f1o de cinco a\u00f1os en Minnesota"},"content":{"rendered":"<p> <br \/>\n<\/p>\n<div>\n<p class=\"com-paragraph  --capital --s\">MINNEAPOLIS.\u2013 Un ni\u00f1o de<strong> cinco a\u00f1os <\/strong>que volv\u00eda del colegio en Minnesota fue <strong>usado primero como carnada para arrestar a su padre, y luego los agentes migratorios trasladaron a ambos a un centro de detenci\u00f3n en Texas<\/strong>, denunciaron autoridades escolares y el abogado de la familia.<\/p>\n<p class=\"com-paragraph   --s\"><a href=\"https:\/\/www.lanacion.com.ar\/estados-unidos\/migraciones\/un-migrante-cubano-murio-bajo-custodia-del-ice-segun-la-autopsia-fue-un-homicidio-por-asfixia-nid22012026\/\" target=\"_self\" title=\"https:\/\/www.lanacion.com.ar\/estados-unidos\/migraciones\/un-migrante-cubano-murio-bajo-custodia-del-ice-segun-la-autopsia-fue-un-homicidio-por-asfixia-nid22012026\/\" class=\"com-link break-word\" data-mrf-recirculation=\"n_link_parrafo\">La ofensiva migratoria cuenta con el aval del gobierno<\/a> y <strong>del vicepresidente JD Vance, que este jueves visit\u00f3 este estado, donde tambi\u00e9n fueron arrestados tres activistas por protestar dentro durante una celebraci\u00f3n religiosa en una iglesia<\/strong> donde un funcionario del Servicio de Inmigraci\u00f3n y Control de Aduanas de Estados Unidos (ICE, por sus siglas en ingl\u00e9s) sirve como pastor. <\/p>\n<div class=\"content-media\">\n<section role=\"button\" class=\"mod-media   \">\n<figure role=\"button\" class=\"mod-figure \"><figcaption class=\"mod-figcaption\"><span class=\"com-text --caption --twoxs\">Liam Conejo Ramos, de 5 a\u00f1os, al momento de su detenci\u00f3n<\/span><span class=\"com-text --credit --twoxs\">Ali Daniels  &#8211; Ali Daniels <\/span><\/figcaption><\/figure>\n<\/section>\n<\/div>\n<p class=\"com-paragraph   --s\">Los activistas <strong>Nekima Levy Armstrong, Chauntyll Louisa Allen y William Kelly <\/strong>fueron arrestados en relaci\u00f3n con una protesta el pasado domingo en una iglesia de la capital estatal, St. Paul, anunci\u00f3 la fiscal general, Pam Bondi, en X.<\/p>\n<p class=\"com-paragraph   --s\">Vance lleg\u00f3 en medio de tensas interacciones entre las autoridades federales de aplicaci\u00f3n de las leyes migratorias y los residentes, incluidos funcionarios electos estatales y locales que se han opuesto a la ofensiva, lo cual se ha convertido en un importante punto de enfoque para el Departamento de Seguridad Nacional.<\/p>\n<div class=\"content-media\">\n<section role=\"button\" class=\"mod-media   \">\n<figure role=\"button\" class=\"mod-figure \"><figcaption class=\"mod-figcaption\"><span class=\"com-text --caption --twoxs\">El vicepresidente JD Vance junto a agentes federales en Minneapolis<\/span><span class=\"com-text --credit --twoxs\">Angelina Katsanis  &#8211; FR172095 AP <\/span><\/figcaption><\/figure>\n<\/section>\n<\/div>\n<p class=\"com-paragraph   --s\">Su visita se produce<a href=\"https:\/\/www.lanacion.com.ar\/estados-unidos\/quien-era-renee-nicole-good-la-mujer-asesinada-en-una-redada-migratoria-en-minneapolis-nid07012026\/\" target=\"_self\" title=\"https:\/\/www.lanacion.com.ar\/estados-unidos\/quien-era-renee-nicole-good-la-mujer-asesinada-en-una-redada-migratoria-en-minneapolis-nid07012026\/\" class=\"com-link break-word\" data-mrf-recirculation=\"n_link_parrafo\"> dos semanas despu\u00e9s de que la residente Renne Good fuera abatida a tiros por un agente de Inmigraci\u00f3n y Control de Aduanas el 7 de enero<\/a>. Vance calific\u00f3 la muerte de Good como<strong> \u201cuna tragedia provocada por ella misma\u201d,<\/strong> y agreg\u00f3 que la<strong> \u201cextrema izquierda\u201d decidi\u00f3 que Estados Unidos no debe tener una frontera.<\/strong><\/p>\n<p class=\"com-paragraph   --s\">\u201cSi desean acabar con el caos en Minneapolis, dejen de combatir la aplicaci\u00f3n de las leyes migratorias y acepten que debemos tener una frontera en este pa\u00eds. No es tan dif\u00edcil\u201d, se\u00f1al\u00f3 Vance.<\/p>\n<p class=\"com-paragraph   --s\">Este jueves se supo que el martes por la tarde, <strong>varios agentes federales sacaron al peque\u00f1o Liam Conejo Ramos, de cinco a\u00f1os, de un auto en marcha mientras estaba en el camino de entrada de la casa familiar<\/strong>.<\/p>\n<p class=\"com-paragraph   --s\">Seg\u00fan inform\u00f3 en una conferencia de prensa la superintendente de Escuelas P\u00fablicas de Columbia Heights, Zena Stenvik, los agentes luego le dijeron que llamara a la puerta de su casa para ver si hab\u00eda otras personas adentro, <strong>\u201cusando esencialmente a un ni\u00f1o de cinco a\u00f1os como carnada\u201d<\/strong>, afirm\u00f3.<\/p>\n<p class=\"com-paragraph   --s\">Stenvik dijo que la familia tiene un proceso de asilo activo y no hab\u00eda recibido una orden de salir del pa\u00eds.<\/p>\n<p class=\"com-paragraph   --s\">\u201c\u00bfPor qu\u00e9 detener a un ni\u00f1o de cinco a\u00f1os?\u201d pregunt\u00f3. <strong>\u201cNo pueden decirme que este ni\u00f1o va a ser clasificado como un criminal violento.\u201d<\/strong><\/p>\n<div class=\"content-media\">\n<section role=\"button\" class=\"mod-media   \">\n<figure role=\"button\" class=\"mod-figure \"><figcaption class=\"mod-figcaption\"><span class=\"com-text --caption --twoxs\">Agentes federales producen arrestos en Minneapolis durante las protestas contras las redadas migratorias<\/span><span class=\"com-text --credit --twoxs\">Angelina Katsanis  &#8211; FR172095 AP <\/span><\/figcaption><\/figure>\n<\/section>\n<\/div>\n<p class=\"com-paragraph   --s\">La vocera del Departamento de Seguridad Nacional, Tricia McLaughlin, dijo en un comunicado que <strong>\u201cEl ICE NO ten\u00eda como objetivo a un ni\u00f1o.\u201d<\/strong><\/p>\n<p class=\"com-paragraph   --s\">Afirm\u00f3 que la operaci\u00f3n buscaba arrestar al padre del ni\u00f1o, <strong>Adrian Alexander Conejo Arias<\/strong>, quien, seg\u00fan McLaughlin, es originario de <strong>Ecuador <\/strong>y est\u00e1 en Estados Unidos ilegalmente. Pero el hombre huy\u00f3 a pie, <strong>\u201cabandonando a su hijo\u201d<\/strong>, afirm\u00f3.<\/p>\n<p class=\"com-paragraph   --s\">\u201cPor la seguridad del ni\u00f1o, uno de nuestros agentes del ICE permaneci\u00f3 con el ni\u00f1o mientras los otros agentes aprehend\u00edan a Conejo Arias\u201d, dijo McLaughlin, y agreg\u00f3 que<strong> a los padres se les da la opci\u00f3n de ser expulsados con sus hijos o que estos sean colocados con una persona de su elecci\u00f3n.<\/strong><\/p>\n<p class=\"com-paragraph   --s\">Stenvik dijo que otro adulto que vive en la casa estaba afuera cuando el padre y el hijo fueron detenidos, por lo que los agentes no pudieron dejar a Liam con esa persona. Hasta ahora el Departamento de Seguridad Nacional (DHS, por sus siglas en ingl\u00e9s) no ha respondido a un correo electr\u00f3nico en el que se le pregunt\u00f3 si Conejo Arias hab\u00eda solicitado mantener a su hijo con \u00e9l.<\/p>\n<p class=\"com-paragraph   --s\">Ya en Texas, <strong>Liam y su padre estaban retenidos en una celda familiar<\/strong>, dijo Marc Prokosch, el abogado de la familia, durante la conferencia de prensa.<\/p>\n<p class=\"com-paragraph   --s\">\u201cCada paso de su proceso de inmigraci\u00f3n ha consistido en hacer lo que se les ha pedido\u201d, dijo Prokosch sobre la solicitud de asilo de la familia. <strong>\u201cAs\u00ed que esto es solo crueldad.\u201d<\/strong><\/p>\n<p class=\"com-paragraph   --s\">Minnesota se ha convertido en un foco importante de las redadas de inmigraci\u00f3n emprendidas por agencias encabezadas por el DHS. <\/p>\n<div class=\"content-media\">\n<section role=\"button\" class=\"mod-media   \">\n<figure role=\"button\" class=\"mod-figure \"><figcaption class=\"mod-figcaption\"><span class=\"com-text --caption --twoxs\">Protesta contra las redadas migratorias en Minneapolis<\/span><span class=\"com-text --credit --twoxs\">Angelina Katsanis  &#8211; FR172095 AP <\/span><\/figcaption><\/figure>\n<\/section>\n<\/div>\n<p class=\"com-paragraph   --s\">Greg Bovino, un agente de Aduanas y Protecci\u00f3n Fronteriza de Estados Unidos que ha sido la cara de las operaciones en Minneapolis y otras ciudades, dijo que <strong>3000 \u201cde algunos de los delincuentes m\u00e1s peligrosos\u201d han sido arrestados en Minnesota en las \u00faltimas seis semanas.<\/strong><\/p>\n<p class=\"com-paragraph   --s\">Julia Decker, directora de pol\u00edticas del Centro de Leyes de Inmigrantes de Minnesota, dijo que los defensores no tienen forma de saber si las cifras de arrestos del gobierno y las descripciones de las personas bajo custodia son precisas.<\/p>\n<p class=\"com-paragraph   --s\"><strong>Liam es el cuarto estudiante de las Escuelas P\u00fablicas de Columbia Heights en ser detenido por el ICE en las \u00faltimas semanas<\/strong>, dijo Stenvik. Un estudiante de 17 a\u00f1os fue capturado el martes mientras iba a la escuela, y tambi\u00e9n fueron detenidos un menor de 10 a\u00f1os y otro de 17, afirm\u00f3.<\/p>\n<p class=\"com-paragraph   --s\">El distrito est\u00e1 compuesto por cinco escuelas y alrededor de 3400 estudiantes desde preescolar hasta el 12vo grado, se indica en su sitio web. La mayor\u00eda de los estudiantes provienen de familias inmigrantes, seg\u00fan Stenvik.<\/p>\n<p class=\"com-paragraph   --s\">Afirm\u00f3 adem\u00e1s que notaron <strong>una disminuci\u00f3n en la asistencia en las \u00faltimas dos semanas<\/strong>, incluyendo un d\u00eda en el que aproximadamente un tercio de sus estudiantes no asistieron a la escuela.<\/p>\n<p class=\"com-paragraph   --s\">Ella Sullivan, la maestra de Liam, lo describi\u00f3 como \u201camable y cari\u00f1oso.\u201d<\/p>\n<p class=\"com-paragraph   --s\"><strong>\u201cSus compa\u00f1eros lo extra\u00f1an\u201d, dijo. \u201cY lo \u00fanico que quiero es que est\u00e9 seguro y de regreso aqu\u00ed.\u201d<\/strong><\/p>\n<p class=\"com-paragraph   --s\"><strong>Agencias AFP y AP<\/strong><\/p>\n<section class=\"container-center-100 mb-40 border border-bottom border-thin border-neutral-light-700\">\n<hr\/>\n<\/section>\n<\/div>\n\n","protected":false},"excerpt":{"rendered":"<p>MINNEAPOLIS.\u2013 Un ni\u00f1o de cinco a\u00f1os que volv\u00eda del colegio en Minnesota fue usado primero como carnada para arrestar a su padre, y luego los agentes migratorios trasladaron a ambos a un centro de detenci\u00f3n en Texas, denunciaron autoridades escolares y el abogado de la familia. La ofensiva migratoria cuenta con el aval del gobierno [&hellip;]<\/p>\n","protected":false},"author":2,"featured_media":223705,"comment_status":"closed","ping_status":"closed","sticky":false,"template":"","format":"standard","meta":{"footnotes":""},"categories":[1],"tags":[],"class_list":["post-223704","post","type-post","status-publish","format-standard","has-post-thumbnail","hentry","category-uncategorized"],"_links":{"self":[{"href":"https:\/\/radioacuariofm.com.ar\/index.php?rest_route=\/wp\/v2\/posts\/223704","targetHints":{"allow":["GET"]}}],"collection":[{"href":"https:\/\/radioacuariofm.com.ar\/index.php?rest_route=\/wp\/v2\/posts"}],"about":[{"href":"https:\/\/radioacuariofm.com.ar\/index.php?rest_route=\/wp\/v2\/types\/post"}],"author":[{"embeddable":true,"href":"https:\/\/radioacuariofm.com.ar\/index.php?rest_route=\/wp\/v2\/users\/2"}],"replies":[{"embeddable":true,"href":"https:\/\/radioacuariofm.com.ar\/index.php?rest_route=%2Fwp%2Fv2%2Fcomments&post=223704"}],"version-history":[{"count":1,"href":"https:\/\/radioacuariofm.com.ar\/index.php?rest_route=\/wp\/v2\/posts\/223704\/revisions"}],"predecessor-version":[{"id":223706,"href":"https:\/\/radioacuariofm.com.ar\/index.php?rest_route=\/wp\/v2\/posts\/223704\/revisions\/223706"}],"wp:featuredmedia":[{"embeddable":true,"href":"https:\/\/radioacuariofm.com.ar\/index.php?rest_route=\/wp\/v2\/media\/223705"}],"wp:attachment":[{"href":"https:\/\/radioacuariofm.com.ar\/index.php?rest_route=%2Fwp%2Fv2%2Fmedia&parent=223704"}],"wp:term":[{"taxonomy":"category","embeddable":true,"href":"https:\/\/radioacuariofm.com.ar\/index.php?rest_route=%2Fwp%2Fv2%2Fcategories&post=223704"},{"taxonomy":"post_tag","embeddable":true,"href":"https:\/\/radioacuariofm.com.ar\/index.php?rest_route=%2Fwp%2Fv2%2Ftags&post=223704"}],"curies":[{"name":"wp","href":"https:\/\/api.w.org\/{rel}","templated":true}]}}