{"id":223674,"date":"2026-01-22T18:13:50","date_gmt":"2026-01-22T21:13:50","guid":{"rendered":"https:\/\/radioacuariofm.com.ar\/?p=223674"},"modified":"2026-01-22T18:13:51","modified_gmt":"2026-01-22T21:13:51","slug":"no-cayo-nada-bien-un-argentino-que-vive-en-groenlandia-cuenta-como-se-viven-las-declaraciones-de-trump-en-la-vida-cotidiana","status":"publish","type":"post","link":"https:\/\/radioacuariofm.com.ar\/?p=223674","title":{"rendered":"\u201cNo cay\u00f3 nada bien\u201d: un argentino que vive en Groenlandia cuenta c\u00f3mo se viven las declaraciones de Trump en la vida cotidiana"},"content":{"rendered":"<p> <br \/>\n<\/p>\n<div>\n<p class=\"com-paragraph  --capital --s\">Facundo Triay tiene 30 a\u00f1os, <strong>es argentino y desde hace m\u00e1s de dos a\u00f1os vive en Nuuk, la capital de Groenlandia<\/strong>. Lleg\u00f3 para trabajar en la industria pesquera y logr\u00f3 instalarse en una sociedad peque\u00f1a, ordenada y silenciosa, donde la vida transcurre sin sobresaltos y donde, hasta hace poco, el mundo parec\u00eda quedar lejos. <strong>\u201cGroenlandia siempre fue eso: un lugar tranquilo, casi impermeable al ruido exterior\u201d<\/strong>, sintetiz\u00f3.<\/p>\n<p class=\"com-paragraph   --s\">\u201cAc\u00e1 la gente est\u00e1 acostumbrada a vivir sin que nadie la moleste. De repente llegaron periodistas de todo el mundo, se empez\u00f3 a hablar de militares, invasiones, y <strong>hoy se percibe mucho miedo<\/strong>\u201d, describi\u00f3 a <strong>LA NACION <\/strong>Facundo, quien observa el clima social desde adentro y se vincula diariamente con groenlandeses. Sus palabras reflejan el inter\u00e9s que despert\u00f3 Groenlandia para el mundo, <a href=\"https:\/\/www.lanacion.com.ar\/videos\/por-que-trump-quiere-groenlandia-tres-claves-para-entenderlo-nid20012026\/\" target=\"_self\" title=\"https:\/\/www.lanacion.com.ar\/videos\/por-que-trump-quiere-groenlandia-tres-claves-para-entenderlo-nid20012026\/\" class=\"com-link break-word\" data-mrf-recirculation=\"n_link_parrafo\">luego de que el presidente de Estados Unidos, Donald Trump, expresara su deseo de anexar ese territorio. <\/a><\/p>\n<p class=\"com-paragraph   --s\">Su procedencia argentina, que lo acostumbr\u00f3 a la vor\u00e1gine y cierta inestabilidad, le permite percibir con otros ojos c\u00f3mo un pueblo tan distinto reacciona a eventos disruptivos.<\/p>\n<div class=\"content-media\">\n<section role=\"button\" class=\"mod-media   \">\n<figure role=\"button\" class=\"mod-figure \"><figcaption class=\"mod-figcaption\"><span class=\"com-text --caption --twoxs\">Esa relaci\u00f3n relajada con el trabajo explica, seg\u00fan Facundo, la presencia de numerosos trabajadores extranjeros<\/span><\/figcaption><\/figure>\n<\/section>\n<\/div>\n<p class=\"com-paragraph   --s\">Groenlandia tiene unos 56.000 habitantes; Nuuk, alrededor de 20.000. Esa escala define buena parte de su vida cotidiana: \u201cEs una capital chiquita, pero muy ordenada. Hay edificios, cine, museos, natatorios, polideportivos. <strong>Se puede hacer de todo, pero en interiores, sin ruido y sin apuro<\/strong>\u201d. <\/p>\n<p class=\"com-paragraph   --s\">La seguridad es uno de los rasgos que m\u00e1s lo sorprendieron: \u201c<strong>No hay robos. La gente deja cosas afuera de la casa y nadie las toca<\/strong>. Cambian las ruedas del auto seg\u00fan la estaci\u00f3n y las dejan en la vereda. Incluso dejan a los beb\u00e9s durmiendo afuera, bien abrigados, y saben que no les va a pasar nada\u201d.<\/p>\n<p><iframe src=\"https:\/\/www.google.com\/maps\/embed?pb=!1m18!1m12!1m3!1d27804.844566054988!2d-51.70680995!3d64.17910669999999!2m3!1f0!2f0!3f0!3m2!1i1024!2i768!4f13.1!3m3!1m2!1s0x4ea20dce1ab32725%3A0x3de425fb4d692306!2sNuuk%2C%20Groenlandia!5e0!3m2!1ses!2sar!4v1768945845393!5m2!1ses!2sar\" width=\"600\" height=\"450\" style=\"border:0;\" allowfullscreen=\"\" loading=\"lazy\" referrerpolicy=\"no-referrer-when-downgrade\"><\/iframe>\n<\/p>\n<p class=\"com-paragraph   --s\">Ese clima de tranquilidad tambi\u00e9n se expresa en los gestos m\u00ednimos. \u201cSon muy respetuosos. Los autos frenan siempre para dejar pasar al peat\u00f3n. Hablan despacio, casi susurrando. <strong>A veces yo voy hablando por tel\u00e9fono y siento que desentono, porque el volumen argentino ac\u00e1 llama la atenci\u00f3n<\/strong>\u201d, cont\u00f3. <\/p>\n<p class=\"com-paragraph   --s\">La calma se expresa incluso en la relaci\u00f3n con el trabajo: \u201c<strong>Ac\u00e1 es normal que la gente no vaya uno, dos o tres d\u00edas a trabajar<\/strong>. Prefieren estar tranquilos en su casa o ir a pescar o a cazar antes que trabajar todos los d\u00edas ocho horas\u201d, se\u00f1al\u00f3 Triay. Esa l\u00f3gica explica, en parte, la cantidad de extranjeros en el mercado laboral. \u201cPor eso hay tantos inmigrantes: porque muchos locales eligen una vida m\u00e1s calma\u201d, justific\u00f3.<\/p>\n<div class=\"content-media\">\n<section role=\"button\" class=\"mod-media   \">\n<figure role=\"button\" class=\"mod-figure \"><figcaption class=\"mod-figcaption\"><span class=\"com-text --caption --twoxs\">Facundo Triay tiene 30 a\u00f1os y vive desde hace m\u00e1s de dos a\u00f1os en Nuuk, la capital de Groenlandia<\/span><\/figcaption><\/figure>\n<\/section>\n<\/div>\n<p class=\"com-paragraph   --s\">\u201cYo pensaba que iba a encontrar solo groenlandeses y me encontr\u00e9 con gente de todo el mundo. Hay franceses, espa\u00f1oles, lituanos, marroqu\u00edes, muchos filipinos y asi\u00e1ticos. <strong>En el trabajo somos siete nacionalidades distintas<\/strong>\u201d, relat\u00f3. Esa mezcla convive con una identidad local muy marcada. La mayor\u00eda de los groenlandeses son <em>inuit<\/em>, descendientes de los pueblos originarios: \u201cEllos <strong>est\u00e1n muy arraigados a su cultura. <\/strong>Siempre quieren que vos la conozcas, que sepas c\u00f3mo viven, c\u00f3mo piensan\u201d.<\/p>\n<p class=\"com-paragraph   --s\">Durante a\u00f1os, el debate identitario central fue la relaci\u00f3n con Dinamarca. \u201cHace m\u00e1s de 15 a\u00f1os que buscan la independencia. <strong>La mayor\u00eda de los groenlandeses odia a Dinamarca por lo que ocurri\u00f3 en el pasado<\/strong>: los obligaron a mudarse a la capital, les cambiaron su forma de vida, hubo pol\u00edticas muy duras. Eso dej\u00f3 una marca muy profunda\u201d, reconstruy\u00f3. Estados Unidos, en cambio, era visto con otros ojos. \u201cHab\u00eda una mirada bastante proamericana. Incluso <strong>hubo partidos que propon\u00edan un acercamiento a Estados Unidos<\/strong>\u201d, rememor\u00f3. <\/p>\n<div class=\"content-media cursor-pointer container-center-100\">\n<section class=\"media-container relative ratio-16-9 mod-media pb-32\">\n<figure class=\"mod-video\">\n<div class=\"video-player bg-black ratio-16-9\" data-has-jwplayer=\"true\" data-video-id-jw=\"1vYPDA8s\" data-config=\"{&quot;title&quot;:&quot;&quot;Necesitamos Groenlandia por motivos de seguridad nacional&quot;&quot;,&quot;mediaId&quot;:&quot;1vYPDA8s&quot;,&quot;playerId&quot;:&quot;ih0086X3&quot;,&quot;playlist&quot;:[{&quot;mediaid&quot;:&quot;1vYPDA8s&quot;,&quot;sources&quot;:[{&quot;file&quot;:&quot;https:\/\/cdn.jwplayer.com\/manifests\/1vYPDA8s.m3u8&quot;,&quot;type&quot;:&quot;application\/vnd.apple.mpegurl&quot;},{&quot;bitrate&quot;:295948,&quot;file&quot;:&quot;https:\/\/cdn.jwplayer.com\/videos\/1vYPDA8s-kTExGaWf.mp4&quot;,&quot;filesize&quot;:3181445,&quot;framerate&quot;:24,&quot;height&quot;:180,&quot;label&quot;:&quot;180p&quot;,&quot;type&quot;:&quot;video\/mp4&quot;,&quot;width&quot;:320},{&quot;bitrate&quot;:452663,&quot;file&quot;:&quot;https:\/\/cdn.jwplayer.com\/videos\/1vYPDA8s-K8B0kybS.mp4&quot;,&quot;filesize&quot;:4866132,&quot;framerate&quot;:24,&quot;height&quot;:270,&quot;label&quot;:&quot;270p&quot;,&quot;type&quot;:&quot;video\/mp4&quot;,&quot;width&quot;:480},{&quot;bitrate&quot;:1325558,&quot;file&quot;:&quot;https:\/\/cdn.jwplayer.com\/videos\/1vYPDA8s-46NIuRKO.mp4&quot;,&quot;filesize&quot;:14249751,&quot;framerate&quot;:24,&quot;height&quot;:720,&quot;label&quot;:&quot;720p&quot;,&quot;type&quot;:&quot;video\/mp4&quot;,&quot;width&quot;:1280},{&quot;bitrate&quot;:113787,&quot;file&quot;:&quot;https:\/\/cdn.jwplayer.com\/videos\/1vYPDA8s-hz5z2Tv4.m4a&quot;,&quot;filesize&quot;:1223215,&quot;label&quot;:&quot;AAC Audio&quot;,&quot;type&quot;:&quot;audio\/mp4&quot;},{&quot;bitrate&quot;:3054720,&quot;file&quot;:&quot;https:\/\/cdn.jwplayer.com\/videos\/1vYPDA8s-SomplJdm.mp4&quot;,&quot;filesize&quot;:32838244,&quot;framerate&quot;:24,&quot;height&quot;:1080,&quot;label&quot;:&quot;1080p&quot;,&quot;type&quot;:&quot;video\/mp4&quot;,&quot;width&quot;:1920},{&quot;bitrate&quot;:512152,&quot;file&quot;:&quot;https:\/\/cdn.jwplayer.com\/videos\/1vYPDA8s-FnZGUVnC.mp4&quot;,&quot;filesize&quot;:5505637,&quot;framerate&quot;:24,&quot;height&quot;:360,&quot;label&quot;:&quot;360p&quot;,&quot;type&quot;:&quot;video\/mp4&quot;,&quot;width&quot;:640},{&quot;bitrate&quot;:882361,&quot;file&quot;:&quot;https:\/\/cdn.jwplayer.com\/videos\/1vYPDA8s-0G6Pwvlw.mp4&quot;,&quot;filesize&quot;:9485382,&quot;framerate&quot;:24,&quot;height&quot;:540,&quot;label&quot;:&quot;540p&quot;,&quot;type&quot;:&quot;video\/mp4&quot;,&quot;width&quot;:960}]}],&quot;hasAutoplay&quot;:false,&quot;autostart&quot;:true,&quot;tagsUrl&quot;:&quot;https:\/\/pubads.g.doubleclick.net\/gampad\/ads?slotname=\/133919216\/la_nacion_video\/nota\/preroll&amp;sz=640x480|400x300&amp;ciu_szs=300x250&amp;unviewed_position_start=1&amp;output=vast&amp;impl=s&amp;env=vp&amp;gdfp_req=1&amp;ad_rule=0&amp;vad_type=linear&amp;vpos=preroll&amp;cust_params=tags_nuevos%3Dte_groenlandia%2Cte_donald_trump%2Cte_estados_unidos%2Cte_sociedad%2Cca_el_mundo%2Cca_lifestyle%2Cau_augusto_vitores%2CIIPJ6VPFWRG4REROLIC7IK6GDI&amp;pod=3&amp;ppos=1&amp;lip=true&amp;min_ad_duration=0&amp;max_ad_duration=30000&amp;vrid=6256&amp;url=https%3A%2F%2Fwww.lanacion.com.ar%2Flifestyle%2Fes-argentino-se-mudo-a-groenlandia-y-cuenta-como-es-vivir-en-la-isla-de-la-disputa-esto-los-nid22012026%2F%3Fvariant%3DA&amp;description_url=https%3A%2F%2Fwww.lanacion.com.ar%2Flifestyle%2Fes-argentino-se-mudo-a-groenlandia-y-cuenta-como-es-vivir-en-la-isla-de-la-disputa-esto-los-nid22012026%2F%3Fvariant%3DA&amp;video_doc_id=short_onecue&amp;cmsid=496&amp;kfa=0&amp;tfcd=0&amp;correlator=1769116317758&quot;,&quot;arcSite&quot;:&quot;la-nacion-ar&quot;}\">\n<div id=\"facade-1vYPDA8s\" class=\"content-facade-jw relative bg-black ratio-16-9\"><picture><source media=\"(max-width: 767px)\" srcset=\"https:\/\/resizer.glanacion.com\/resizer\/v2\/https%3A%2F%2Fcdn.jwplayer.com%2Fv2%2Fmedia%2F1vYPDA8s%2Fposter.jpg%3Fwidth%3D720?auth=93b54f19a90d450646c7f255395f964ea6e0921d3341ec3560698e0ec2c5aa91&amp;width=480&amp;quality=70&amp;smart=false\"\/><\/picture><\/div>\n<\/div><figcaption class=\"border border-1 border-bottom border-light-300 relative px-16 py-8 min-h-36 w-100_md px-0_l mb-8 bg-white\"><span class=\"text ln-text text-16 block\">\u00abNecesitamos Groenlandia por motivos de seguridad nacional\u00bb<\/span><\/figcaption><\/figure>\n<\/section>\n<\/div>\n<p class=\"com-paragraph   --s\">Eso cambi\u00f3 con la forma en que Trump plante\u00f3 el tema. \u201c<strong>No cay\u00f3 nada bien que los quieran comprar, como si fueran un objeto<\/strong>. Eso toc\u00f3 algo muy sensible\u201d, afirm\u00f3. Las declaraciones encendieron una alarma en una sociedad poco habituada al conflicto: \u201cAc\u00e1 est\u00e1n acostumbrados a la paz. Cualquier disrupci\u00f3n los estresa\u201d.<\/p>\n<p class=\"com-paragraph   --s\">El tema se instal\u00f3 en todos los espacios. \u201cSe habla en la radio, en los diarios, en el trabajo, en muchas charlas cotidianas. Es una capital chica: cualquier cosa retumba mucho. <strong>Y esto, que encima es mundial, m\u00e1s todav\u00eda<\/strong>\u201d, dijo Triay.<\/p>\n<p class=\"com-paragraph   --s\"><strong>\u2014\u00bfC\u00f3mo se vive esa posibilidad de una intervenci\u00f3n externa? <\/strong><\/p>\n<p class=\"com-paragraph   --s\">\u2014Hay miedo. Mucha gente no est\u00e1 acostumbrada a pensar en conflictos de este tipo. Me dijeron que hab\u00eda chicos que no pod\u00edan dormir, que ten\u00edan ansiedad por la idea de ver militares en la calle. Ac\u00e1 la vida siempre fue tranquila y esto los descoloca mucho.<\/p>\n<div class=\"content-media\">\n<section role=\"button\" class=\"mod-media   \">\n<figure role=\"button\" class=\"mod-figure \"><figcaption class=\"mod-figcaption\"><span class=\"com-text --caption --twoxs\">La movilizaci\u00f3n pac\u00edfica con consignas \u201cFree Greenland\u201d reuni\u00f3 a gran parte de los habitantes de Nuuk por primera vez<\/span><span class=\"com-text --credit --twoxs\">Evgeniy Maloletka &#8211; AP<\/span><\/figcaption><\/figure>\n<\/section>\n<\/div>\n<p class=\"com-paragraph   --s\">La reacci\u00f3n social fue una movilizaci\u00f3n in\u00e9dita. \u201c<strong>Hubo una marcha enorme<\/strong>, pac\u00edfica, con carteles que dec\u00edan \u2018<em>Free Greenland<\/em>\u2019. <strong>Fue la primera vez que sali\u00f3 pr\u00e1cticamente toda la ciudad<\/strong>\u201d, cont\u00f3. Para Triay, ese gesto tuvo un significado claro. \u201cSi ahora tuvieran que elegir, muchos prefieren seguir con Dinamarca antes que pasar a Estados Unidos. Con Dinamarca sienten que, aunque lento, el camino a la independencia sigue. Con Estados Unidos lo ven como volver a ser una colonia\u201d.<\/p>\n<p class=\"com-paragraph   --s\">Mientras tanto, la vida cotidiana contin\u00faa. \u201cLa gente va a trabajar, los chicos van a la escuela, las calles siguen limpias y ordenadas. Pero el ruido est\u00e1\u201d, resume. Lo que m\u00e1s pesa, dice, no es solo el conflicto en s\u00ed, sino la irrupci\u00f3n de una l\u00f3gica ajena. Y cerr\u00f3: <strong>\u201cDe golpe el mundo entero est\u00e1 mirando un lugar que siempre vivi\u00f3 en silencio. Y eso, para una sociedad tan tranquila, se siente como una invasi\u00f3n\u201d.<\/strong><\/p>\n<section class=\"container-center-100 mb-40 border border-bottom border-thin border-neutral-light-700\"\/><\/div>\n\n","protected":false},"excerpt":{"rendered":"<p>Facundo Triay tiene 30 a\u00f1os, es argentino y desde hace m\u00e1s de dos a\u00f1os vive en Nuuk, la capital de Groenlandia. Lleg\u00f3 para trabajar en la industria pesquera y logr\u00f3 instalarse en una sociedad peque\u00f1a, ordenada y silenciosa, donde la vida transcurre sin sobresaltos y donde, hasta hace poco, el mundo parec\u00eda quedar lejos. \u201cGroenlandia [&hellip;]<\/p>\n","protected":false},"author":2,"featured_media":223675,"comment_status":"closed","ping_status":"closed","sticky":false,"template":"","format":"standard","meta":{"footnotes":""},"categories":[1],"tags":[],"class_list":["post-223674","post","type-post","status-publish","format-standard","has-post-thumbnail","hentry","category-uncategorized"],"_links":{"self":[{"href":"https:\/\/radioacuariofm.com.ar\/index.php?rest_route=\/wp\/v2\/posts\/223674","targetHints":{"allow":["GET"]}}],"collection":[{"href":"https:\/\/radioacuariofm.com.ar\/index.php?rest_route=\/wp\/v2\/posts"}],"about":[{"href":"https:\/\/radioacuariofm.com.ar\/index.php?rest_route=\/wp\/v2\/types\/post"}],"author":[{"embeddable":true,"href":"https:\/\/radioacuariofm.com.ar\/index.php?rest_route=\/wp\/v2\/users\/2"}],"replies":[{"embeddable":true,"href":"https:\/\/radioacuariofm.com.ar\/index.php?rest_route=%2Fwp%2Fv2%2Fcomments&post=223674"}],"version-history":[{"count":1,"href":"https:\/\/radioacuariofm.com.ar\/index.php?rest_route=\/wp\/v2\/posts\/223674\/revisions"}],"predecessor-version":[{"id":223676,"href":"https:\/\/radioacuariofm.com.ar\/index.php?rest_route=\/wp\/v2\/posts\/223674\/revisions\/223676"}],"wp:featuredmedia":[{"embeddable":true,"href":"https:\/\/radioacuariofm.com.ar\/index.php?rest_route=\/wp\/v2\/media\/223675"}],"wp:attachment":[{"href":"https:\/\/radioacuariofm.com.ar\/index.php?rest_route=%2Fwp%2Fv2%2Fmedia&parent=223674"}],"wp:term":[{"taxonomy":"category","embeddable":true,"href":"https:\/\/radioacuariofm.com.ar\/index.php?rest_route=%2Fwp%2Fv2%2Fcategories&post=223674"},{"taxonomy":"post_tag","embeddable":true,"href":"https:\/\/radioacuariofm.com.ar\/index.php?rest_route=%2Fwp%2Fv2%2Ftags&post=223674"}],"curies":[{"name":"wp","href":"https:\/\/api.w.org\/{rel}","templated":true}]}}