{"id":223662,"date":"2026-01-22T17:12:55","date_gmt":"2026-01-22T20:12:55","guid":{"rendered":"https:\/\/radioacuariofm.com.ar\/?p=223662"},"modified":"2026-01-22T17:12:56","modified_gmt":"2026-01-22T20:12:56","slug":"furor-por-los-anteojos-de-sol-de-macron-cuanto-salen-y-las-increibles-ganancias-para-su-fabricante","status":"publish","type":"post","link":"https:\/\/radioacuariofm.com.ar\/?p=223662","title":{"rendered":"Furor por los anteojos de sol de Macron: cu\u00e1nto salen y las incre\u00edbles ganancias para su fabricante"},"content":{"rendered":"<p> <br \/>\n<\/p>\n<div>\n<p class=\"com-paragraph  --capital --s\">PAR\u00cdS.\u2013 En una de las im\u00e1genes m\u00e1s llamativas de lo que va del a\u00f1o, el presidente de <a href=\"https:\/\/www.lanacion.com.ar\/el-mundo\/francia-impulsa-ejercicios-militares-en-groenlandia-en-medio-de-la-escalada-con-trump-nid21012026\/\" target=\"_self\" title=\"https:\/\/www.lanacion.com.ar\/el-mundo\/francia-impulsa-ejercicios-militares-en-groenlandia-en-medio-de-la-escalada-con-trump-nid21012026\/\" class=\"com-link break-word\" data-mrf-recirculation=\"n_link_parrafo\">Francia<\/a>, <strong>Emmanuel Macron<\/strong>, habl\u00f3 ante el auditorio del Foro Econ\u00f3mico Mundial de Davos con unos <a href=\"https:\/\/www.lanacion.com.ar\/el-mundo\/por-que-macron-uso-anteojos-de-sol-para-su-discurso-en-davos-nid20012026\/\" target=\"_self\" title=\"https:\/\/www.lanacion.com.ar\/el-mundo\/por-que-macron-uso-anteojos-de-sol-para-su-discurso-en-davos-nid20012026\/\" class=\"com-link break-word\" data-mrf-recirculation=\"n_link_parrafo\"><strong>anteojos de sol de aviador<\/strong><\/a>, de <strong>cristales espejados azulados<\/strong>. Con ellos, el mandatario franc\u00e9s <a href=\"https:\/\/www.lanacion.com.ar\/el-mundo\/groenlandia-acapara-el-foro-de-davos-y-europa-denuncia-el-regreso-del-colonialismo-de-la-mano-de-nid20012026\/\" target=\"_self\" title=\"https:\/\/www.lanacion.com.ar\/el-mundo\/groenlandia-acapara-el-foro-de-davos-y-europa-denuncia-el-regreso-del-colonialismo-de-la-mano-de-nid20012026\/\" class=\"com-link break-word\" data-mrf-recirculation=\"n_link_parrafo\">elev\u00f3 el tono contra la administraci\u00f3n de Donald Trump<\/a> y defendi\u00f3 una Europa basada en principios: \u201cPreferimos el respeto al Estado de derecho a la brutalidad\u201d. <\/p>\n<p class=\"com-paragraph   --s\">La elecci\u00f3n de las gafas no fue est\u00e9tica, sino m\u00e9dica. D\u00edas antes, Macron ya hab\u00eda aparecido en p\u00fablico en Francia con los mismos anteojos, y explic\u00f3 que sufr\u00eda una<strong> hemorragia subconjuntival en uno de sus ojos: la rotura de un peque\u00f1o vaso sangu\u00edneo que le provoc\u00f3 una llamativa mancha roja en la parte blanca del globo ocular<\/strong>. <\/p>\n<p class=\"com-paragraph   --s\">El m\u00e9dico jefe de la presidencia confirm\u00f3 que el mandatario deb\u00eda protegerse de la luz mientras se resolv\u00eda la lesi\u00f3n. Sin embargo, la explicaci\u00f3n no impidi\u00f3 la sorpresa en Davos, incluido del propio presidente estadounidense, que lo chicane\u00f3 p\u00fablicamente: <strong>\u201cEmmanuel, te vi ayer con esas bonitas gafas de sol. <\/strong><a href=\"https:\/\/www.lanacion.com.ar\/estados-unidos\/perlitas-gaffes-y-chicanas-los-momentos-mas-llamativos-del-discurso-de-trump-en-davos-nid21012026\/\" target=\"_self\" title=\"https:\/\/www.lanacion.com.ar\/estados-unidos\/perlitas-gaffes-y-chicanas-los-momentos-mas-llamativos-del-discurso-de-trump-en-davos-nid21012026\/\" class=\"com-link break-word\" data-mrf-recirculation=\"n_link_parrafo\"><strong>\u00bfQu\u00e9 demonios pas\u00f3?<\/strong><\/a><strong> Lo vi ponerse duro\u201d.<\/strong><\/p>\n<div class=\"content-media\">\n<section role=\"button\" class=\"mod-media   \">\n<figure role=\"button\" class=\"mod-figure \"><figcaption class=\"mod-figcaption\"><span class=\"com-text --caption --twoxs\">Las gafas de aviador con las que Macron habl\u00f3 de poder en Davos<\/span><span class=\"com-text --credit --twoxs\">FABRICE COFFRINI  &#8211; AFP <\/span><\/figcaption><\/figure>\n<\/section>\n<\/div>\n<p class=\"com-paragraph   --s\">El propio Macron hab\u00eda anticipado el impacto simb\u00f3lico de la imagen. En su primera aparici\u00f3n con las gafas, aludi\u00f3 con humor a la cultura popular: \u201cPueden verlo como una referencia no intencionada a <em>Eye of the Tiger<\/em>\u201d, dijo, en referencia a la canci\u00f3n de Rocky III.<strong> \u201cEs una se\u00f1al de determinaci\u00f3n\u201d<\/strong>, a\u00f1adi\u00f3. <\/p>\n<p class=\"com-paragraph   --s\">Una lectura que se ver\u00eda reforzada en Davos, cuando el presidente franc\u00e9s <strong>defendi\u00f3 la soberan\u00eda europea <\/strong>y calific\u00f3 de \u201camenazas inaceptables\u201d las advertencias de Trump sobre la imposici\u00f3n de aranceles a los pa\u00edses que se opongan a sus planes sobre Groenlandia.<\/p>\n<p class=\"com-paragraph   --s\">Pese a la dureza del discurso, los anteojos terminaron robando el protagonismo. <strong>\u201c\u00bfPueden las gafas de sol de Macron salvar a Occidente?\u201d<\/strong>, se preguntaba el diario brit\u00e1nico <em>The Telegraph<\/em> en un an\u00e1lisis sobre la tensa cumbre. <\/p>\n<p class=\"com-paragraph   --s\">\u201c\u00bfTop Gun o Terminator?\u201d, ironizaba <em>Le Parisien<\/em>, recolectando una<strong> avalancha de memes<\/strong> que iban desde rayos saliendo de los ojos del presidente hasta montajes que lo situaban en Miami Vice o como el rebelde Maverick de la saga Top Gun, enfrentado a Trump. Otros recordaban el parche ocular que luci\u00f3 en 2023 el entonces canciller alem\u00e1n <strong>Olaf Scholz.<\/strong><\/p>\n<div class=\"content-media\">\n<section role=\"button\" class=\"mod-media   \">\n<figure role=\"button\" class=\"mod-figure \"><figcaption class=\"mod-figcaption\"><span class=\"com-text --caption --twoxs\">Un meme de Macron con los anteojos de sol<\/span><\/figcaption><\/figure>\n<\/section>\n<\/div>\n<p class=\"com-paragraph   --s\">Para Philippe Moreau-Chevrolet, profesor de Comunicaci\u00f3n Pol\u00edtica en Sciences Po, la imagen funcion\u00f3 como un potente mensaje visual: <strong>\u201cEsas gafas eran, involuntariamente, un vocabulario gr\u00e1fico muy adecuado al mensaje que quer\u00eda transmitir\u201d<\/strong>. A su juicio, otorgaron a Macron \u201cuna dimensi\u00f3n hollywoodiense, a la vez <strong>cool y viril<\/strong>, que respond\u00eda directamente a Trump\u201d. <\/p>\n<p class=\"com-paragraph   --s\">Parad\u00f3jicamente, fue el propio presidente estadounidense quien amplific\u00f3 el fen\u00f3meno al bromear sobre \u201cel tipo duro con sus lindas gafas de sol\u201d. \u201cTrump se vio superado en el registro de la cultura pop y del superh\u00e9roe. Fue una apuesta arriesgada en t\u00e9rminos de comunicaci\u00f3n, pero result\u00f3 exitosa\u201d, concluye el analista.<\/p>\n<div class=\"content-media\">\n<section role=\"button\" class=\"mod-media   \">\n<figure role=\"button\" class=\"mod-figure \"><figcaption class=\"mod-figcaption\"><span class=\"com-text --caption --twoxs\">La imagen de Macron fue convertida en meme como la pel\u00edcula Top Gun<\/span><\/figcaption><\/figure>\n<\/section>\n<\/div>\n<p class=\"com-paragraph   --s\">M\u00e1s all\u00e1 del fen\u00f3meno viral, la elecci\u00f3n del modelo no es inocente. <strong>Las gafas de aviador nacieron a finales de la d\u00e9cada de 1930, <\/strong>cuando el coronel estadounidense John A. Macready encarg\u00f3 a Bausch &amp; Lomb unas lentes que redujeran los destellos en los pilotos de aviaci\u00f3n. El resultado fue una montura met\u00e1lica ligera, compatible con el casco, y lentes amplios de color verde o negro para contrarrestar la luminosidad. Desde entonces, su vinculaci\u00f3n militar las ha convertido en s\u00edmbolo de autoridad y determinaci\u00f3n.<\/p>\n<p class=\"com-paragraph   --s\">Una <strong>iconograf\u00eda <\/strong>que no es ajena a la pol\u00edtica estadounidense. Antes de ser apodado despectivamente por Trump como \u00ab<em>Sleepy Joe\u00bb<\/em> (\u201cel dormil\u00f3n Joe\u201d), Joe Biden fue durante a\u00f1os \u201c<em>Aviator Joe<\/em>\u201d, como lo bautiz\u00f3 <em>The New York Times<\/em> en 2022 por su predilecci\u00f3n por ese modelo. \u201cSabes que tiene un buen d\u00eda cuando lleva sus <em>aviator<\/em>\u201d, explicaba entonces su asesora Lis Smith. En Davos, Emmanuel Macron pareci\u00f3 apropiarse de ese mismo c\u00f3digo visual para enviar un mensaje pol\u00edtico que, esta vez, se expres\u00f3 tanto con palabras como con una imagen.<\/p>\n<div class=\"content-media\">\n<section role=\"button\" class=\"mod-media   \">\n<figure role=\"button\" class=\"mod-figure \"><figcaption class=\"mod-figcaption\"><span class=\"com-text --caption --twoxs\">Joe Biden fue apodado durante a\u00f1os \u201cAviator Joe\u201d por la utilizaci\u00f3n de estos anteojos<\/span><span class=\"com-text --credit --twoxs\">ANNA ROSE LAYDEN  &#8211; GETTY IMAGES NORTH AMERICA <\/span><\/figcaption><\/figure>\n<\/section>\n<\/div>\n<p class=\"com-paragraph   --s\">El impacto trascendi\u00f3 la pol\u00edtica y alcanz\u00f3 al mercado. El <strong>fabricante <\/strong>de las gafas, la marca francesa de alta gama <strong>Henry Jullien<\/strong>, propiedad del grupo italiano iVision Tech, se vio desbordado por el inter\u00e9s. Su <strong>p\u00e1gina web lleg\u00f3 a colapsarse <\/strong>por el aumento de visitas, lo que oblig\u00f3 a habilitar una plataforma temporal espec\u00edfica para la compra del modelo. <\/p>\n<p class=\"com-paragraph   --s\">La compa\u00f1\u00eda confirm\u00f3 que se trataba del modelo Pacific S 01, con un precio de <strong>659 euros<\/strong> (unos 770 d\u00f3lares). <\/p>\n<p class=\"com-paragraph   --s\">En bolsa, las <strong>acciones de iVision Tech se dispararon cerca de un 28%<\/strong>, a\u00f1adiendo alrededor de 3,5 millones de euros (4,1 millones de d\u00f3lares) a su capitalizaci\u00f3n. <\/p>\n<p class=\"com-paragraph   --s\"><strong>\u201cEsto ciertamente cre\u00f3 un efecto sorpresa en las acciones\u201d, <\/strong>reconoci\u00f3 el CEO de la empresa, Stefano Fulchir, quien asegur\u00f3 haber enviado ese modelo a Macron en 2024.<\/p>\n<p class=\"com-paragraph   --s\"><strong>Agencias AFP y Reuters y diario <\/strong><em><strong>El Pa\u00eds<\/strong><\/em><\/p>\n<section class=\"container-center-100 mb-40 border border-bottom border-thin border-neutral-light-700\">\n<hr\/>\n<\/section>\n<\/div>\n\n","protected":false},"excerpt":{"rendered":"<p>PAR\u00cdS.\u2013 En una de las im\u00e1genes m\u00e1s llamativas de lo que va del a\u00f1o, el presidente de Francia, Emmanuel Macron, habl\u00f3 ante el auditorio del Foro Econ\u00f3mico Mundial de Davos con unos anteojos de sol de aviador, de cristales espejados azulados. Con ellos, el mandatario franc\u00e9s elev\u00f3 el tono contra la administraci\u00f3n de Donald Trump [&hellip;]<\/p>\n","protected":false},"author":2,"featured_media":223663,"comment_status":"closed","ping_status":"closed","sticky":false,"template":"","format":"standard","meta":{"footnotes":""},"categories":[1],"tags":[],"class_list":["post-223662","post","type-post","status-publish","format-standard","has-post-thumbnail","hentry","category-uncategorized"],"_links":{"self":[{"href":"https:\/\/radioacuariofm.com.ar\/index.php?rest_route=\/wp\/v2\/posts\/223662","targetHints":{"allow":["GET"]}}],"collection":[{"href":"https:\/\/radioacuariofm.com.ar\/index.php?rest_route=\/wp\/v2\/posts"}],"about":[{"href":"https:\/\/radioacuariofm.com.ar\/index.php?rest_route=\/wp\/v2\/types\/post"}],"author":[{"embeddable":true,"href":"https:\/\/radioacuariofm.com.ar\/index.php?rest_route=\/wp\/v2\/users\/2"}],"replies":[{"embeddable":true,"href":"https:\/\/radioacuariofm.com.ar\/index.php?rest_route=%2Fwp%2Fv2%2Fcomments&post=223662"}],"version-history":[{"count":1,"href":"https:\/\/radioacuariofm.com.ar\/index.php?rest_route=\/wp\/v2\/posts\/223662\/revisions"}],"predecessor-version":[{"id":223664,"href":"https:\/\/radioacuariofm.com.ar\/index.php?rest_route=\/wp\/v2\/posts\/223662\/revisions\/223664"}],"wp:featuredmedia":[{"embeddable":true,"href":"https:\/\/radioacuariofm.com.ar\/index.php?rest_route=\/wp\/v2\/media\/223663"}],"wp:attachment":[{"href":"https:\/\/radioacuariofm.com.ar\/index.php?rest_route=%2Fwp%2Fv2%2Fmedia&parent=223662"}],"wp:term":[{"taxonomy":"category","embeddable":true,"href":"https:\/\/radioacuariofm.com.ar\/index.php?rest_route=%2Fwp%2Fv2%2Fcategories&post=223662"},{"taxonomy":"post_tag","embeddable":true,"href":"https:\/\/radioacuariofm.com.ar\/index.php?rest_route=%2Fwp%2Fv2%2Ftags&post=223662"}],"curies":[{"name":"wp","href":"https:\/\/api.w.org\/{rel}","templated":true}]}}