{"id":223090,"date":"2026-01-17T01:56:18","date_gmt":"2026-01-17T04:56:18","guid":{"rendered":"https:\/\/radioacuariofm.com.ar\/?p=223090"},"modified":"2026-01-17T01:56:19","modified_gmt":"2026-01-17T04:56:19","slug":"meloni-en-japon-un-cumpleanos-sorpresa-anime-y-un-pacto-tacito-con-otra-poderosa-lider-mundial","status":"publish","type":"post","link":"https:\/\/radioacuariofm.com.ar\/?p=223090","title":{"rendered":"Meloni en Jap\u00f3n: un cumplea\u00f1os sorpresa, anim\u00e9 y un pacto t\u00e1cito con otra poderosa l\u00edder mundial"},"content":{"rendered":"<p> <br \/>\n<\/p>\n<div>\n<p class=\"com-paragraph  --capital --s\">ROMA.\u2013 <a href=\"https:\/\/www.lanacion.com.ar\/el-mundo\/la-broma-de-meloni-a-su-equipo-antes-de-tomarse-un-descanso-el-ano-pasado-ha-sido-duro-pero-el-nid24122025\/\" target=\"_self\" title=\"https:\/\/www.lanacion.com.ar\/el-mundo\/la-broma-de-meloni-a-su-equipo-antes-de-tomarse-un-descanso-el-ano-pasado-ha-sido-duro-pero-el-nid24122025\/\" class=\"com-link break-word\" data-mrf-recirculation=\"n_link_parrafo\"><strong>Giorgia Meloni<\/strong><\/a><strong> <\/strong>sopl\u00f3 este jueves 49 velitas en Tokio, donde su colega y anfitriona japonesa <a href=\"https:\/\/www.lanacion.com.ar\/el-mundo\/japon-elige-por-primera-vez-a-una-mujer-al-frente-del-gobierno-y-consolida-un-fuerte-giro-a-la-nid21102025\/\" target=\"_self\" title=\"https:\/\/www.lanacion.com.ar\/el-mundo\/japon-elige-por-primera-vez-a-una-mujer-al-frente-del-gobierno-y-consolida-un-fuerte-giro-a-la-nid21102025\/\" class=\"com-link break-word\" data-mrf-recirculation=\"n_link_parrafo\"><strong>Sanae Takaichi, <\/strong><\/a>la agasaj\u00f3 con una torta y la sorprendi\u00f3 cant\u00e1ndole en italiano el <em>\u201ctanti auguri\u201d <\/em>(\u201cfeliz cumplea\u00f1os\u201d).<em> <\/em><\/p>\n<p class=\"com-paragraph   --s\">En la bilateral que mantuvieron este viernes, las dos l\u00edderes sellaron no s\u00f3lo <strong>una nueva alianza estrat\u00e9gica, <\/strong>sino tambi\u00e9n lo que se vislumbr\u00f3 como <strong>un pacto t\u00e1cito entre dos mujeres empoderadas -ambas fueron las primeras mujeres en llegar al poder en sus respectivos pa\u00edses-, <\/strong>con la misma visi\u00f3n del mundo conservadora y gran determinaci\u00f3n.<\/p>\n<p class=\"com-paragraph   --s\">Fue un posteo de Meloni que confirm\u00f3 la consolidaci\u00f3n de <strong>un nuevo eje Italia-Jap\u00f3n. <\/strong>\u201cDos naciones lejanas, pero cada vez m\u00e1s cercanas. <strong>Amistad y sinton\u00eda<\/strong>\u201d, escribi\u00f3 la l\u00edder de Hermanos de Italia en su cuenta de X, donde subi\u00f3 una selfie junto a su par asi\u00e1tica, que convirti\u00f3, adem\u00e1s, en una imagen en versi\u00f3n anim\u00e9, tipo dibujito manga, todo un mensaje.<\/p>\n<p class=\"com-paragraph   --s\">Despu\u00e9s de que la sorprendiera con una torta, este viernes, ante las c\u00e1maras, la premier italiana recibi\u00f3 tras un almuerzo <strong>algunos obsequios<\/strong>: la mascota de la Expo Verde 2027, una canasta con dibujos infantiles y, por supuesto, nuevas felicitaciones de cumplea\u00f1os. Takaichi calific\u00f3 de \u201cgran honor que Giorgia celebrara su cumplea\u00f1os ayer en Jap\u00f3n\u201d.<\/p>\n<p class=\"com-paragraph   --s\"><strong>Meloni lleg\u00f3 a Tokio junto a su peque\u00f1a hija Ginevra <\/strong>para afianzar una relaci\u00f3n bilateral ya aceitada con la l\u00edder japonesa. <\/p>\n<p class=\"com-paragraph   --s\">Fue la segunda vez que Meloni y Takaichi se reunieron de persona, tras su primer encuentro en Sud\u00e1frica durante la cumbre del G20 el pasado noviembre. El contexto fue la celebraci\u00f3n de los 160 a\u00f1os de las relaciones entre los dos pa\u00edses y un entorno mundial m\u00e1s que convulsionado.<\/p>\n<p class=\"com-paragraph   --s\">\u201cEsta es una oportunidad para hacer <strong>un balance de las numerosas crisis mundiales en curso, <\/strong>los numerosos temas en la agenda y reafirmar nuestro compromiso compartido de lograr una paz justa y duradera en Ucrania, consolidar el proceso de paz en Medio Oriente y garantizar la seguridad y la estabilidad en la regi\u00f3n del Indo-Pac\u00edfico\u201d, dijeron, en una declaraci\u00f3n conjunta que al principio destac\u00f3 el hecho de que las dos firmatarias son dos mujeres que por primera vez llegan al poder en sus respectivos pa\u00edses, algo que marc\u00f3 la relaci\u00f3n personal.<\/p>\n<p class=\"com-paragraph   --s\">En su tercera misi\u00f3n en Jap\u00f3n desde que asumi\u00f3 como primera ministra, a fines de 2022, Meloni y Takaichi tambi\u00e9n lanzaron un mensaje transversal ante las crisis en curso sin soluci\u00f3n, que van <strong>desde Ir\u00e1n a Ucrania, pasando por Groenlandia.<\/strong><\/p>\n<p class=\"com-paragraph   --s\">De hecho, aseguraron estar listas para <strong>\u201cactuar juntas para defender un orden internacional libre, justo y abierto\u201d <\/strong>y, sobre todo, \u201cfundado en el Estado de derecho\u201d en un contexto marcado por la \u201cinestabilidad, la competencia estrat\u00e9gica y las presiones revisionistas que socavan las normas compartidas\u201d.<\/p>\n<p class=\"com-paragraph   --s\">Meloni y Takaichi tambi\u00e9n criticaron abiertamente algunas de las din\u00e1micas que se desarrollan en el escenario internacional, distanci\u00e1ndose aparentemente de todas las distorsiones del mercado, independientemente de los Estados que las implementen.<\/p>\n<p class=\"com-paragraph   --s\">Por ejemplo, en cuanto a los <strong>aranceles<\/strong>, un \u00e1mbito en el que ambas l\u00edderes se comprometieron a defender el libre comercio entre ambos pa\u00edses, al mismo tiempo expresaron su \u201c<strong>grave preocupaci\u00f3n por todas las formas de coerci\u00f3n en el comercio <\/strong>o el uso de pr\u00e1cticas y pol\u00edticas no libres, as\u00ed como por todas las formas de restricciones comerciales que pueden destruir las cadenas de valor y causar distorsiones del mercado\u201d. <\/p>\n<p class=\"com-paragraph   --s\">Fue <strong>una cr\u00edtica no tan velada tanto a Pek\u00edn como Washington <\/strong>por sus pol\u00edticas de aranceles y tarifas de los \u00faltimos meses, que han desatado una guerra comercial que ha envuelto a varias capitales mundiales, tal como destac\u00f3 el <em>Corriere della Sera.<\/em><\/p>\n<div class=\"content-media\">\n<section role=\"button\" class=\"mod-media   \">\n<figure role=\"button\" class=\"mod-figure \"><figcaption class=\"mod-figcaption\"><span class=\"com-text --caption --twoxs\">La primera ministra de Italia, Georgia Meloni, y la primera ministra de Jap\u00f3n, Sanae Takaichi, posan para una foto con los miembros del gabinete del Partido Liberal Democr\u00e1tico <\/span><span class=\"com-text --credit --twoxs\">TAKASHI AOYAMA  &#8211; POOL <\/span><\/figcaption><\/figure>\n<\/section>\n<\/div>\n<p class=\"com-paragraph   --s\">Ante la prensa, Meloni -que estuvo antes en Om\u00e1n y que viajar\u00e1 a Corea del Sur- subray\u00f3 que lo que tiene en com\u00fan con su anfitriona, con quien se tute\u00f3 en todo momento, es lo que significa el t\u00e9rmino japon\u00e9s \u201cgambaru\u201d: \u201cuna palabra fascinante que significa <strong>hacer m\u00e1s de lo que puedes, es decir, aspirar siempre a superar tus l\u00edmites, <\/strong>no estar nunca satisfecho con lo que has conseguido\u201d, explic\u00f3. <\/p>\n<p class=\"com-paragraph   --s\">Adem\u00e1s, destac\u00f3 la asociaci\u00f3n estrat\u00e9gica entre los dos pa\u00edses, incluida la <strong>construcci\u00f3n de un avi\u00f3n de combate de sexta generaci\u00f3n, <\/strong>junto con Londres y Roma, y \u200b\u200bla cooperaci\u00f3n en el sector de minerales y materiales cr\u00edticos.<\/p>\n<p class=\"com-paragraph   --s\">\u201cItalia y Jap\u00f3n son socios fiables, capaces de trabajar juntos por la estabilidad, el crecimiento y un orden internacional basado en normas, di\u00e1logo y responsabilidad\u201d, resalt\u00f3 Meloni, que puso hincapi\u00e9 en que \u201cen un mundo en r\u00e1pida evoluci\u00f3n, fortalecer lazos como este, significa generar seguridad y oportunidades concretas para nuestros ciudadanos y para las generaciones futuras\u201d.<\/p>\n<section class=\"container-center-100 mb-40 border border-bottom border-thin border-neutral-light-700\">\n<hr\/>\n<\/section>\n<\/div>\n\n","protected":false},"excerpt":{"rendered":"<p>ROMA.\u2013 Giorgia Meloni sopl\u00f3 este jueves 49 velitas en Tokio, donde su colega y anfitriona japonesa Sanae Takaichi, la agasaj\u00f3 con una torta y la sorprendi\u00f3 cant\u00e1ndole en italiano el \u201ctanti auguri\u201d (\u201cfeliz cumplea\u00f1os\u201d). En la bilateral que mantuvieron este viernes, las dos l\u00edderes sellaron no s\u00f3lo una nueva alianza estrat\u00e9gica, sino tambi\u00e9n lo que [&hellip;]<\/p>\n","protected":false},"author":2,"featured_media":223091,"comment_status":"closed","ping_status":"closed","sticky":false,"template":"","format":"standard","meta":{"footnotes":""},"categories":[1],"tags":[],"class_list":["post-223090","post","type-post","status-publish","format-standard","has-post-thumbnail","hentry","category-uncategorized"],"_links":{"self":[{"href":"https:\/\/radioacuariofm.com.ar\/index.php?rest_route=\/wp\/v2\/posts\/223090","targetHints":{"allow":["GET"]}}],"collection":[{"href":"https:\/\/radioacuariofm.com.ar\/index.php?rest_route=\/wp\/v2\/posts"}],"about":[{"href":"https:\/\/radioacuariofm.com.ar\/index.php?rest_route=\/wp\/v2\/types\/post"}],"author":[{"embeddable":true,"href":"https:\/\/radioacuariofm.com.ar\/index.php?rest_route=\/wp\/v2\/users\/2"}],"replies":[{"embeddable":true,"href":"https:\/\/radioacuariofm.com.ar\/index.php?rest_route=%2Fwp%2Fv2%2Fcomments&post=223090"}],"version-history":[{"count":1,"href":"https:\/\/radioacuariofm.com.ar\/index.php?rest_route=\/wp\/v2\/posts\/223090\/revisions"}],"predecessor-version":[{"id":223092,"href":"https:\/\/radioacuariofm.com.ar\/index.php?rest_route=\/wp\/v2\/posts\/223090\/revisions\/223092"}],"wp:featuredmedia":[{"embeddable":true,"href":"https:\/\/radioacuariofm.com.ar\/index.php?rest_route=\/wp\/v2\/media\/223091"}],"wp:attachment":[{"href":"https:\/\/radioacuariofm.com.ar\/index.php?rest_route=%2Fwp%2Fv2%2Fmedia&parent=223090"}],"wp:term":[{"taxonomy":"category","embeddable":true,"href":"https:\/\/radioacuariofm.com.ar\/index.php?rest_route=%2Fwp%2Fv2%2Fcategories&post=223090"},{"taxonomy":"post_tag","embeddable":true,"href":"https:\/\/radioacuariofm.com.ar\/index.php?rest_route=%2Fwp%2Fv2%2Ftags&post=223090"}],"curies":[{"name":"wp","href":"https:\/\/api.w.org\/{rel}","templated":true}]}}