{"id":223087,"date":"2026-01-17T00:55:07","date_gmt":"2026-01-17T03:55:07","guid":{"rendered":"https:\/\/radioacuariofm.com.ar\/?p=223087"},"modified":"2026-01-17T00:55:08","modified_gmt":"2026-01-17T03:55:08","slug":"revelan-el-primer-video-de-la-cinematografica-huida-de-machado-de-venezuela","status":"publish","type":"post","link":"https:\/\/radioacuariofm.com.ar\/?p=223087","title":{"rendered":"Revelan el primer video de la cinematogr\u00e1fica huida de Machado de Venezuela"},"content":{"rendered":"<p> <br \/>\n<\/p>\n<div>\n<p class=\"com-paragraph  --capital --s\">WASHINGTON.\u2013 Cuando pas\u00f3 m\u00e1s de un mes de aquella odisea, este viernes se conocieron <strong>los primeros videos de la huida que llev\u00f3 a la l\u00edder opositora venezolana, <\/strong><a href=\"https:\/\/www.lanacion.com.ar\/el-mundo\/maria-corina-machado-confeso-que-temio-por-su-vida-durante-su-salida-de-venezuela-y-revelan-nuevos-nid12122025\/\" target=\"_self\" title=\"Mar\u00eda Corina Machado\" class=\"com-link break-word\" data-mrf-recirculation=\"n_link_parrafo\"><strong>Mar\u00eda Corina Machado<\/strong><\/a>, de su exilio en Caracas a la capital noruega de Oslo en busca del <strong>Premio Nobel de la Paz<\/strong>, un d\u00eda despu\u00e9s de que la galardonada se reuniera en Washington con el presidente norteamericano, <a href=\"https:\/\/www.lanacion.com.ar\/estados-unidos\/maria-corina-machado-conto-detalles-de-su-encuentro-con-trump-y-dijo-que-cree-que-sera-presidenta-de-nid16012026\/\" target=\"_self\" title=\"https:\/\/www.lanacion.com.ar\/estados-unidos\/maria-corina-machado-conto-detalles-de-su-encuentro-con-trump-y-dijo-que-cree-que-sera-presidenta-de-nid16012026\/\" class=\"com-link break-word\" data-mrf-recirculation=\"n_link_parrafo\"><strong>Donald Trump<\/strong><\/a>.<\/p>\n<p class=\"com-paragraph   --s\">La empresa norteamericana <strong>Grey Bull Rescue Foundation<\/strong>, a cargo del traslado por agua de Machado,<strong> hizo circular un compilado de videos cortos del <\/strong><a href=\"https:\/\/www.lanacion.com.ar\/el-mundo\/la-fuga-de-machado-la-ultima-saga-de-las-odiseas-historicas-de-los-principales-lideres-opositores-nid11122025\/\" target=\"_self\" title=\"https:\/\/www.lanacion.com.ar\/el-mundo\/la-fuga-de-machado-la-ultima-saga-de-las-odiseas-historicas-de-los-principales-lideres-opositores-nid11122025\/\" class=\"com-link break-word\" data-mrf-recirculation=\"n_link_parrafo\"><strong>accidentado viaje<\/strong><\/a>, en el que la l\u00edder opositora se fractur\u00f3 una v\u00e9rtebra y estuvo flotando durante horas en una lancha a la deriva antes de encontrarse con quienes deb\u00edan transportarla.<\/p>\n<div class=\"content-media cursor-pointer container-center-100\">\n<section class=\"media-container relative ratio-16-9 mod-media pb-32\">\n<figure class=\"mod-video\">\n<div class=\"video-player bg-black ratio-16-9\" data-has-jwplayer=\"true\" data-video-id-jw=\"47uiNf00\" data-config=\"{&quot;title&quot;:&quot;Se revela primer video de la operaci\u00f3n para sacar a Mar\u00eda Corina Machado de Venezuela en diciembre pasado&quot;,&quot;mediaId&quot;:&quot;47uiNf00&quot;,&quot;playerId&quot;:&quot;ih0086X3&quot;,&quot;playlist&quot;:[{&quot;mediaid&quot;:&quot;47uiNf00&quot;,&quot;sources&quot;:[{&quot;file&quot;:&quot;https:\/\/cdn.jwplayer.com\/manifests\/47uiNf00.m3u8&quot;,&quot;type&quot;:&quot;application\/vnd.apple.mpegurl&quot;},{&quot;bitrate&quot;:245367,&quot;file&quot;:&quot;https:\/\/cdn.jwplayer.com\/videos\/47uiNf00-kTExGaWf.mp4&quot;,&quot;filesize&quot;:4017897,&quot;framerate&quot;:30,&quot;height&quot;:320,&quot;label&quot;:&quot;180p&quot;,&quot;type&quot;:&quot;video\/mp4&quot;,&quot;width&quot;:180},{&quot;bitrate&quot;:344073,&quot;file&quot;:&quot;https:\/\/cdn.jwplayer.com\/videos\/47uiNf00-K8B0kybS.mp4&quot;,&quot;filesize&quot;:5634208,&quot;framerate&quot;:30,&quot;height&quot;:480,&quot;label&quot;:&quot;270p&quot;,&quot;type&quot;:&quot;video\/mp4&quot;,&quot;width&quot;:270},{&quot;bitrate&quot;:829843,&quot;file&quot;:&quot;https:\/\/cdn.jwplayer.com\/videos\/47uiNf00-46NIuRKO.mp4&quot;,&quot;filesize&quot;:13588683,&quot;framerate&quot;:30,&quot;height&quot;:1280,&quot;label&quot;:&quot;720p&quot;,&quot;type&quot;:&quot;video\/mp4&quot;,&quot;width&quot;:720},{&quot;bitrate&quot;:114217,&quot;file&quot;:&quot;https:\/\/cdn.jwplayer.com\/videos\/47uiNf00-hz5z2Tv4.m4a&quot;,&quot;filesize&quot;:1870318,&quot;label&quot;:&quot;AAC Audio&quot;,&quot;type&quot;:&quot;audio\/mp4&quot;},{&quot;bitrate&quot;:1383087,&quot;file&quot;:&quot;https:\/\/cdn.jwplayer.com\/videos\/47uiNf00-SomplJdm.mp4&quot;,&quot;filesize&quot;:22648062,&quot;framerate&quot;:30,&quot;height&quot;:1920,&quot;label&quot;:&quot;1080p&quot;,&quot;type&quot;:&quot;video\/mp4&quot;,&quot;width&quot;:1080},{&quot;bitrate&quot;:363965,&quot;file&quot;:&quot;https:\/\/cdn.jwplayer.com\/videos\/47uiNf00-FnZGUVnC.mp4&quot;,&quot;filesize&quot;:5959927,&quot;framerate&quot;:30,&quot;height&quot;:640,&quot;label&quot;:&quot;360p&quot;,&quot;type&quot;:&quot;video\/mp4&quot;,&quot;width&quot;:360},{&quot;bitrate&quot;:570457,&quot;file&quot;:&quot;https:\/\/cdn.jwplayer.com\/videos\/47uiNf00-0G6Pwvlw.mp4&quot;,&quot;filesize&quot;:9341249,&quot;framerate&quot;:30,&quot;height&quot;:960,&quot;label&quot;:&quot;540p&quot;,&quot;type&quot;:&quot;video\/mp4&quot;,&quot;width&quot;:540}]}],&quot;hasAutoplay&quot;:false,&quot;autostart&quot;:true,&quot;tagsUrl&quot;:&quot;https:\/\/pubads.g.doubleclick.net\/gampad\/ads?slotname=\/133919216\/la_nacion_video\/nota\/preroll&amp;sz=640x480|400x300&amp;ciu_szs=300x250&amp;unviewed_position_start=1&amp;output=vast&amp;impl=s&amp;env=vp&amp;gdfp_req=1&amp;ad_rule=0&amp;vad_type=linear&amp;vpos=preroll&amp;cust_params=tags_nuevos%3Dte_venezuela%2Cte_maria_corina_machado%2Cte_premio_nobel%2Cca_el_mundo%2C%2CZ7PXVBOYJ5DNZOEIW2DUB57I2A&amp;pod=3&amp;ppos=1&amp;lip=true&amp;min_ad_duration=0&amp;max_ad_duration=30000&amp;vrid=6256&amp;url=https%3A%2F%2Fwww.lanacion.com.ar%2Fel-mundo%2Frevelan-el-primer-video-de-la-cinematografica-huida-de-machado-de-venezuela-nid16012026%2F%3Fvariant%3DA&amp;description_url=https%3A%2F%2Fwww.lanacion.com.ar%2Fel-mundo%2Frevelan-el-primer-video-de-la-cinematografica-huida-de-machado-de-venezuela-nid16012026%2F%3Fvariant%3DA&amp;video_doc_id=short_onecue&amp;cmsid=496&amp;kfa=0&amp;tfcd=0&amp;correlator=1768622023824&quot;,&quot;arcSite&quot;:&quot;la-nacion-ar&quot;}\">\n<div id=\"facade-47uiNf00\" class=\"content-facade-jw relative bg-black ratio-16-9\"><picture><source media=\"(max-width: 767px)\" srcset=\"https:\/\/resizer.glanacion.com\/resizer\/v2\/https%3A%2F%2Fcdn.jwplayer.com%2Fv2%2Fmedia%2F47uiNf00%2Fposter.jpg%3Fwidth%3D720?auth=51471a5089678bf0cd25500ebb239f64fec119df7eaf99d26d098d0c8495f0a3&amp;width=480&amp;quality=70&amp;smart=false\"\/><\/picture><\/div>\n<\/div><figcaption class=\"border border-1 border-bottom border-light-300 relative px-16 py-8 min-h-36 w-100_md px-0_l mb-8 bg-white\"><span class=\"text ln-text text-16 block\">Se revela primer video de la operaci\u00f3n para sacar a Mar\u00eda Corina Machado de Venezuela en diciembre pasado<\/span><\/figcaption><\/figure>\n<\/section>\n<\/div>\n<p class=\"com-paragraph   --s\"><strong>\u201c\u00a1Mar\u00eda! \u00a1Hola!\u201d<\/strong>, se escucha gritar a uno de los miembros de la tripulaci\u00f3n de los contratistas cuando encuentra la lancha de Machado. <strong>\u201c\u00a1S\u00ed! \u00a1Hola!\u201d<\/strong>, se escucha responder a la l\u00edder opositora cuando establecen contacto.<\/p>\n<p class=\"com-paragraph   --s\"><strong>\u201cYo soy Mar\u00eda Corina Machado. Estoy viva, a salvo y muy agradecida\u201d<\/strong>, dice en otro video Machado, en lo que se estima funcion\u00f3 como <strong>prueba de vida durante el operativo<\/strong> con el que la l\u00edder opositora logr\u00f3 burlar la prohibici\u00f3n de viaje de diez a\u00f1os que el r\u00e9gimen chavista le hab\u00eda impuesto.<\/p>\n<p class=\"com-paragraph   --s\">Los videos tambi\u00e9n confirman que los contratistas utilizaron la isla caribe\u00f1a de <strong>Curazao como eje central de sus operaciones \u201cpor m\u00e1s de un mes\u201d<\/strong>, uno de los secretos a voces del operativo que a\u00fan no hab\u00edan sido verificados. <\/p>\n<div class=\"content-media\">\n<section role=\"button\" class=\"mod-media   \">\n<figure role=\"button\" class=\"mod-figure \"><figcaption class=\"mod-figcaption\"><span class=\"com-text --caption --twoxs\">La l\u00edder opositora venezolana, Maria Corina Machado, mientras se retira del Capitolio de Estados Unidos, el 15 de enero de 2026 en Washington<\/span><span class=\"com-text --credit --twoxs\">SAUL LOEB &#8211; AFP<\/span><\/figcaption><\/figure>\n<\/section>\n<\/div>\n<p class=\"com-paragraph   --s\">Seg\u00fan la reconstrucci\u00f3n de <em>The Wall Street Journal<\/em> en base a los testimonios de funcionarios norteamericanos, <strong>Machado sali\u00f3 de su clandestinidad en las afueras de Caracas <\/strong>rumbo a un pueblo pesquero el lunes 8 de diciembre del a\u00f1o pasado, atravesando junto a dos acompa\u00f1antes una serie de retenes militares haciendo uso de un disfraz.<\/p>\n<p class=\"com-paragraph   --s\">Despu\u00e9s del primer tramo por tierra, <strong>la l\u00edder opositora debi\u00f3 subirse a una peque\u00f1a embarcaci\u00f3n <\/strong>que la deb\u00eda llevar hasta Curazao, para luego viajar a <a href=\"https:\/\/www.lanacion.com.ar\/el-mundo\/maria-corina-machado-ya-abandono-oslo-pero-no-revelaron-donde-esta-nid17122025\/\" target=\"_self\" title=\"https:\/\/www.lanacion.com.ar\/el-mundo\/maria-corina-machado-ya-abandono-oslo-pero-no-revelaron-donde-esta-nid17122025\/\" class=\"com-link break-word\" data-mrf-recirculation=\"n_link_parrafo\"><strong>Noruega<\/strong><\/a> en avi\u00f3n.<\/p>\n<p class=\"com-paragraph   --s\">Seg\u00fan el diario neoyorquino, durante la llamada <strong>\u201cOperaci\u00f3n Dinamita Dorada\u201d<\/strong> el primer equipo de rescate que intent\u00f3 trasladar a la Machado por el Caribe <strong>perdi\u00f3 el rumbo y estuvo al menos tres horas a la deriva <\/strong>en una noche de tormenta y con olas de hasta tres metros despu\u00e9s de que su GPS cay\u00f3 por la borda y el dispositivo de repuesto fall\u00f3.<\/p>\n<div class=\"content-media\">\n<section role=\"button\" class=\"mod-media   \">\n<figure role=\"button\" class=\"mod-figure \"><figcaption class=\"mod-figcaption\"><span class=\"com-text --caption --twoxs\">El itinerario de Mar\u00eda Corina Machado para llegar a Oslo<\/span><\/figcaption><\/figure>\n<\/section>\n<\/div>\n<p class=\"com-paragraph   --s\">La lancha de Machado no habr\u00eda llegado al punto de encuentro donde deb\u00eda coincidir con una embarcaci\u00f3n m\u00e1s grande de la empresa que deb\u00eda completar el traslado, <strong>lo cual deriv\u00f3 en un operativo de b\u00fasqueda<\/strong>.<\/p>\n<p class=\"com-paragraph   --s\"><strong>\u201cDel barco uno no hemos tenido noticias desde hace bastante tiempo\u201d<\/strong>, dice en uno de los videos <a href=\"https:\/\/www.lanacion.com.ar\/estados-unidos\/florida\/quien-es-el-veterano-de-florida-que-ayudo-a-sacar-a-maria-corina-machado-de-venezuela-nid12122025\/\" target=\"_self\" title=\"https:\/\/www.lanacion.com.ar\/estados-unidos\/florida\/quien-es-el-veterano-de-florida-que-ayudo-a-sacar-a-maria-corina-machado-de-venezuela-nid12122025\/\" class=\"com-link break-word\" data-mrf-recirculation=\"n_link_parrafo\"><strong>Bryan Stern<\/strong><\/a>, director de la empresa de \u201cextracciones\u201d y veterano de las fuerzas especiales norteamericanas, confirmando las teor\u00edas sobre las razones para la demora de Machado en su camino a Oslo -lo que le impidi\u00f3 recibir su galard\u00f3n en persona-.<\/p>\n<div class=\"content-media\">\n<section role=\"button\" class=\"mod-media   \">\n<figure role=\"button\" class=\"mod-figure \"><figcaption class=\"mod-figcaption\"><span class=\"com-text --caption --twoxs\">La premio Nobel de la Paz Maria Corina Machado ofrece una conferencia de prensa en el Grand Hotel de Oslo, Noruega, el 11 de diciembre de 2025<\/span><span class=\"com-text --credit --twoxs\">HEIKO JUNGE &#8211; NTB<\/span><\/figcaption><\/figure>\n<\/section>\n<\/div>\n<p class=\"com-paragraph   --s\">En base a informaci\u00f3n aportada por el propio Stern y otra persona familiarizada con la operaci\u00f3n, as\u00ed como mensajes de texto, videos y fotos de la misi\u00f3n revisados por el medio, <strong>la operaci\u00f3n estuvo a punto de fracasar hasta que la embarcaci\u00f3n m\u00e1s grande encontr\u00f3 la lancha <\/strong>pesquera perdida \u2013con sus tripulantes usando sus celulares a modo de bengalas en medio de la noche\u2013 y subi\u00f3 a Machado a bordo.<\/p>\n<p class=\"com-paragraph   --s\">\u201c<strong>Hubo momentos que sent\u00ed que hab\u00eda riesgo real para mi vida<\/strong>, y que fue un momento tambi\u00e9n muy espiritual porque, <strong>al final simplemente sent\u00ed que estaba en las manos de Dios<\/strong>\u201d, reconocer\u00eda m\u00e1s tarde la l\u00edder opositora, <a href=\"https:\/\/www.lanacion.com.ar\/el-mundo\/el-argentino-que-trabaja-con-maria-corina-machado-y-su-esperado-encuentro-en-oslo-fue-increible-nid11122025\/\" target=\"_self\" title=\"https:\/\/www.lanacion.com.ar\/el-mundo\/el-argentino-que-trabaja-con-maria-corina-machado-y-su-esperado-encuentro-en-oslo-fue-increible-nid11122025\/\" class=\"com-link break-word\" data-mrf-recirculation=\"n_link_parrafo\">una vez en Oslo<\/a>, en una rueda de prensa con un grupo de medios en espa\u00f1ol.<\/p>\n<p class=\"com-paragraph   --s\"><strong>Agencia AFP<\/strong><\/p>\n<section class=\"container-center-100 mb-40 border border-bottom border-thin border-neutral-light-700\">\n<hr\/>\n<\/section>\n<\/div>\n\n","protected":false},"excerpt":{"rendered":"<p>WASHINGTON.\u2013 Cuando pas\u00f3 m\u00e1s de un mes de aquella odisea, este viernes se conocieron los primeros videos de la huida que llev\u00f3 a la l\u00edder opositora venezolana, Mar\u00eda Corina Machado, de su exilio en Caracas a la capital noruega de Oslo en busca del Premio Nobel de la Paz, un d\u00eda despu\u00e9s de que la [&hellip;]<\/p>\n","protected":false},"author":2,"featured_media":223088,"comment_status":"closed","ping_status":"closed","sticky":false,"template":"","format":"standard","meta":{"footnotes":""},"categories":[1],"tags":[],"class_list":["post-223087","post","type-post","status-publish","format-standard","has-post-thumbnail","hentry","category-uncategorized"],"_links":{"self":[{"href":"https:\/\/radioacuariofm.com.ar\/index.php?rest_route=\/wp\/v2\/posts\/223087","targetHints":{"allow":["GET"]}}],"collection":[{"href":"https:\/\/radioacuariofm.com.ar\/index.php?rest_route=\/wp\/v2\/posts"}],"about":[{"href":"https:\/\/radioacuariofm.com.ar\/index.php?rest_route=\/wp\/v2\/types\/post"}],"author":[{"embeddable":true,"href":"https:\/\/radioacuariofm.com.ar\/index.php?rest_route=\/wp\/v2\/users\/2"}],"replies":[{"embeddable":true,"href":"https:\/\/radioacuariofm.com.ar\/index.php?rest_route=%2Fwp%2Fv2%2Fcomments&post=223087"}],"version-history":[{"count":1,"href":"https:\/\/radioacuariofm.com.ar\/index.php?rest_route=\/wp\/v2\/posts\/223087\/revisions"}],"predecessor-version":[{"id":223089,"href":"https:\/\/radioacuariofm.com.ar\/index.php?rest_route=\/wp\/v2\/posts\/223087\/revisions\/223089"}],"wp:featuredmedia":[{"embeddable":true,"href":"https:\/\/radioacuariofm.com.ar\/index.php?rest_route=\/wp\/v2\/media\/223088"}],"wp:attachment":[{"href":"https:\/\/radioacuariofm.com.ar\/index.php?rest_route=%2Fwp%2Fv2%2Fmedia&parent=223087"}],"wp:term":[{"taxonomy":"category","embeddable":true,"href":"https:\/\/radioacuariofm.com.ar\/index.php?rest_route=%2Fwp%2Fv2%2Fcategories&post=223087"},{"taxonomy":"post_tag","embeddable":true,"href":"https:\/\/radioacuariofm.com.ar\/index.php?rest_route=%2Fwp%2Fv2%2Ftags&post=223087"}],"curies":[{"name":"wp","href":"https:\/\/api.w.org\/{rel}","templated":true}]}}