{"id":223072,"date":"2026-01-16T19:48:03","date_gmt":"2026-01-16T22:48:03","guid":{"rendered":"https:\/\/radioacuariofm.com.ar\/?p=223072"},"modified":"2026-01-16T19:48:04","modified_gmt":"2026-01-16T22:48:04","slug":"la-inquietante-amenaza-de-trump-contra-los-paises-que-no-apoyen-su-plan-sobre-groenlandia","status":"publish","type":"post","link":"https:\/\/radioacuariofm.com.ar\/?p=223072","title":{"rendered":"La inquietante amenaza de Trump contra los pa\u00edses que no apoyen su plan sobre Groenlandia"},"content":{"rendered":"<p> <br \/>\n<\/p>\n<div>\n<p class=\"com-paragraph  --capital --s\">WASHINGTON. \u2013El presidente de Estados Unidos, <strong>Donald Trump<\/strong>, dijo el viernes que est\u00e1 dispuesto a imponer<strong> sanciones econ\u00f3micas a los pa\u00edses que no apoyen <\/strong><a href=\"https:\/\/www.lanacion.com.ar\/el-mundo\/por-que-estados-unidos-quiere-quedarse-con-groenlandia-nid15012026\/\" target=\"_self\" title=\"https:\/\/www.lanacion.com.ar\/el-mundo\/por-que-estados-unidos-quiere-quedarse-con-groenlandia-nid15012026\/\" class=\"com-link break-word\" data-mrf-recirculation=\"n_link_parrafo\"><strong>sus planes para ocupar Groenlandia<\/strong><\/a>, un territorio aut\u00f3nomo de Dinamarca, aliado de la OTAN.<\/p>\n<p class=\"com-paragraph   --s\">\u201cPodr\u00eda imponer un arancel a los pa\u00edses si no aceptan lo de Groenlandia, porque<strong> necesitamos Groenlandia por razones de seguridad nacional<\/strong>\u201d, dijo Trump en una mesa redonda sobre salud en la Casa Blanca.<strong> \u201cPodr\u00eda hacerlo\u201d<\/strong>, remarc\u00f3.<\/p>\n<p class=\"com-paragraph   --s\">El mandatario compar\u00f3 los aranceles por Groenlandia con <a href=\"https:\/\/www.lanacion.com.ar\/estados-unidos\/trump-amenaza-con-arancel-de-hasta-250-a-productos-farmaceuticos-y-presiona-a-india-nid05082025\/\" target=\"_self\" title=\"https:\/\/www.lanacion.com.ar\/estados-unidos\/trump-amenaza-con-arancel-de-hasta-250-a-productos-farmaceuticos-y-presiona-a-india-nid05082025\/\" class=\"com-link break-word\" data-mrf-recirculation=\"n_link_parrafo\">los que amenaz\u00f3 imponer a Francia y Alemania el a\u00f1o pasado por los productos farmac\u00e9uticos.<\/a><\/p>\n<div class=\"content-media\">\n<section role=\"button\" class=\"mod-media   \">\n<figure role=\"button\" class=\"mod-figure \"><figcaption class=\"mod-figcaption\"><span class=\"com-text --caption --twoxs\">Trump habla con la prensa en los jardines de la Casa Blanca.<\/span><span class=\"com-text --credit --twoxs\">Alex Brandon  &#8211; AP <\/span><\/figcaption><\/figure>\n<\/section>\n<\/div>\n<p class=\"com-paragraph   --s\">Esta amenaza es la \u00faltima t\u00e1ctica de presi\u00f3n del republicano para adquirir la isla \u00e1rtica aut\u00f3noma, un objetivo que ha amenazado con lograr por medios militares si fuera necesario.<\/p>\n<p class=\"com-paragraph   --s\">Trump afirma que Estados Unidos necesita Groenlandia, rica en minerales, y acus\u00f3 a las autoridades de la isla de <strong>no hacer lo suficiente para garantizar su seguridad frente a sus rivales, Rusia y China.<\/strong><\/p>\n<p class=\"com-paragraph   --s\">En los \u00faltimos d\u00edas, varias naciones europeas mostraron su apoyo a Dinamarca y Groenlandia ante las crecientes amenazas de Trump, incluso enviando tropas al estrat\u00e9gico territorio.<\/p>\n<p class=\"com-paragraph   --s\">Una delegaci\u00f3n bipartidista del Congreso estadounidense tambi\u00e9n inici\u00f3 una visita a Copenhague el viernes para expresarle su respaldo.<\/p>\n<div class=\"content-media\">\n<section role=\"button\" class=\"mod-media   \">\n<figure role=\"button\" class=\"mod-figure \"><figcaption class=\"mod-figcaption\"><span class=\"com-text --caption --twoxs\">Una mujer camina frente a la bandera nacional de Groenlandia en Nuuk<\/span><span class=\"com-text --credit --twoxs\">Evgeniy Maloletka &#8211; AP<\/span><\/figcaption><\/figure>\n<\/section>\n<\/div>\n<p class=\"com-paragraph   --s\">Los ministros de Asuntos Exteriores de Dinamarca y Groenlandia<a href=\"https:\/\/www.lanacion.com.ar\/estados-unidos\/antes-de-una-mision-a-washington-el-gobierno-de-groenlandia-dice-que-quiere-seguir-siendo-parte-de-nid13012026\/\" target=\"_self\" title=\"https:\/\/www.lanacion.com.ar\/estados-unidos\/antes-de-una-mision-a-washington-el-gobierno-de-groenlandia-dice-que-quiere-seguir-siendo-parte-de-nid13012026\/\" class=\"com-link break-word\" data-mrf-recirculation=\"n_link_parrafo\"><strong> visitaron la Casa Blanca el mi\u00e9rcoles para mantener conversaciones con el fin de distender la situaci\u00f3n<\/strong><\/a>, pero posteriormente declararon que manten\u00edan un <strong>\u201cdesacuerdo fundamental\u201d<\/strong> con Trump.<\/p>\n<p class=\"com-paragraph   --s\">Estados Unidos, Dinamarca y Groenlandia acordaron sin embargo crear un grupo de trabajo para continuar las conversaciones sobre el tema cada dos o tres semanas, seg\u00fan inform\u00f3 la Casa Blanca el jueves.<\/p>\n<p class=\"com-paragraph   --s\">En Copenhague, la delegaci\u00f3n bipartidista de senadores y miembros de la C\u00e1mara de Representantes norteamericana se reuni\u00f3 el viernes con legisladores daneses y groenlandeses, y con mandatarios, incluida la primera ministra danesa <strong>Mette Frederiksen<\/strong>.<\/p>\n<div class=\"content-media\">\n<section role=\"button\" class=\"mod-media   \">\n<figure role=\"button\" class=\"mod-figure \"><figcaption class=\"mod-figcaption\"><span class=\"com-text --caption --twoxs\">La primera ministrra danesa, Mette Frederiksen<\/span><span class=\"com-text --credit --twoxs\">LISELOTTE SABROE  &#8211; Ritzau Scanpix <\/span><\/figcaption><\/figure>\n<\/section>\n<\/div>\n<p class=\"com-paragraph   --s\">El l\u00edder de la delegaci\u00f3n, el senador<strong> Chris Coons<\/strong>, un dem\u00f3crata de Delaware, agradeci\u00f3 a los anfitriones del grupo por <strong>\u201c225 a\u00f1os de ser un buen y confiable aliado y socio\u201d<\/strong> y dijo que \u201ctuvimos un di\u00e1logo fuerte y robusto sobre c\u00f3mo extender eso hacia el futuro\u201d.<\/p>\n<p class=\"com-paragraph   --s\">La senadora<strong> Lisa Murkowski<\/strong>, una republicana de Alaska, dijo despu\u00e9s de reunirse con legisladores que la visita reflejaba una relaci\u00f3n s\u00f3lida durante d\u00e9cadas y \u201ces una que necesitamos nutrir\u201d. Indic\u00f3 a los periodistas que \u201c<strong>Groenlandia debe ser vista como nuestro aliado, no como un activo<\/strong>, y creo que eso es lo que est\u00e1n escuchando con esta delegaci\u00f3n\u201d.<\/p>\n<p class=\"com-paragraph   --s\">El tono contrastaba con el que emanaba de la Casa Blanca en los \u00faltimos meses.<\/p>\n<p class=\"com-paragraph   --s\"><strong>\u201cHemos escuchado tantas mentiras, para ser honestos, y tanta exageraci\u00f3n sobre las amenazas hacia Groenlandia\u201d<\/strong>, dijo Aaja Chemnitz, una pol\u00edtica groenlandesa y miembro del Parlamento dan\u00e9s que particip\u00f3 en las reuniones del viernes. \u201cY en su mayor\u00eda, dir\u00eda que las amenazas que estamos viendo ahora mismo son del lado de Estados Unidos\u201d.<\/p>\n<p class=\"com-paragraph   --s\">Murkowski enfatiz\u00f3 el papel del Congreso en el gasto y en transmitir mensajes de los constituyentes.<\/p>\n<p class=\"com-paragraph   --s\">\u201cCreo que es importante subrayar que cuando se le pregunta al pueblo estadounidense si creen o no que es una buena idea que Estados Unidos adquiera Groenlandia, <strong>la gran mayor\u00eda, alrededor del 75%, dir\u00e1 que no creemos que sea una buena idea<\/strong>\u201d, dijo.<\/p>\n<div class=\"content-media\">\n<section role=\"button\" class=\"mod-media   \">\n<figure role=\"button\" class=\"mod-figure \"><figcaption class=\"mod-figcaption\"><span class=\"com-text --caption --twoxs\">Personal militar, presuntamente perteneciente a las Fuerzas Armadas Alemanas (Bundeswehr), desembarca de un avi\u00f3n ch\u00e1rter a su llegada al aeropuerto internacional de Nuuk, Groenlandia, el 16 de enero de 2026.<\/span><span class=\"com-text --credit --twoxs\">ALESSANDRO RAMPAZZO  &#8211; AFP <\/span><\/figcaption><\/figure>\n<\/section>\n<\/div>\n<p class=\"com-paragraph   --s\">Junto con la senadora Jeanne Shaheen, una dem\u00f3crata de Nueva Hampshire, Murkowski ha presentado una propuesta de ley bipartidista que<strong> prohibir\u00e1 el uso de fondos del Departamento de Defensa o del Departamento de Estado de Estados Unidos para anexar o tomar el control de Groenlandia<\/strong> o el territorio soberano de cualquier Estado miembro de la OTAN sin el consentimiento de ese aliado o la autorizaci\u00f3n del Consejo del Atl\u00e1ntico Norte.<\/p>\n<p class=\"com-paragraph   --s\">La disputa est\u00e1 cobrando gran importancia en la vida de los groenlandeses. El primer ministro de Groenlandia, Jens-Frederik Nielsen, dijo el martes que<strong> \u201csi tenemos que elegir entre Estados Unidos y Dinamarca aqu\u00ed y ahora, elegimos Dinamarca. Elegimos la OTAN. Elegimos el Reino de Dinamarca. Elegimos la UE\u201d<\/strong>.<\/p>\n<p class=\"com-paragraph   --s\">La presidenta del <strong>Consejo Circumpolar Inuit<\/strong>, con sede en Nuuk, Groenlandia, que representa a alrededor de <strong>180.000 inuit de Alaska, Canad\u00e1, Groenlandia y la regi\u00f3n de Chukotka de Rusia en asuntos internacionales<\/strong>, dijo que las declaraciones persistentes de la Casa Blanca de que Estados Unidos debe poseer Groenlandia ofrecen<strong> \u201cuna imagen clara de c\u00f3mo el gobierno estadounidense ve a la gente de Groenlandia, c\u00f3mo el gobierno estadounidense ve a los pueblos ind\u00edgenas y a los pueblos que son pocos en n\u00famero\u201d<\/strong>.<\/p>\n<div class=\"content-media\">\n<section role=\"button\" class=\"mod-media   \">\n<figure role=\"button\" class=\"mod-figure \"><figcaption class=\"mod-figcaption\"><span class=\"com-text --caption --twoxs\">Sara Olsvig, presidenta del Consejo Circumpolar Inuit<\/span><span class=\"com-text --credit --twoxs\">Evgeniy Maloletka  &#8211; AP <\/span><\/figcaption><\/figure>\n<\/section>\n<\/div>\n<p class=\"com-paragraph   --s\"><strong>Sara Olsvig<\/strong> dijo a la agencia AP en Nuuk que el problema es \u201cc\u00f3mo una de las mayores potencias del mundo ve a otros pueblos que son menos poderosos que ellos. Y eso realmente es preocupante\u201d.<\/p>\n<p class=\"com-paragraph   --s\"><strong>Los inuit ind\u00edgenas en Groenlandia no quieren ser colonizados nuevamente<\/strong>, sostuvo.<\/p>\n<p class=\"com-paragraph   --s\"><strong>Agencias AFP y AP<\/strong><\/p>\n<section class=\"container-center-100 mb-40 border border-bottom border-thin border-neutral-light-700\">\n<hr\/>\n<\/section>\n<\/div>\n\n","protected":false},"excerpt":{"rendered":"<p>WASHINGTON. \u2013El presidente de Estados Unidos, Donald Trump, dijo el viernes que est\u00e1 dispuesto a imponer sanciones econ\u00f3micas a los pa\u00edses que no apoyen sus planes para ocupar Groenlandia, un territorio aut\u00f3nomo de Dinamarca, aliado de la OTAN. \u201cPodr\u00eda imponer un arancel a los pa\u00edses si no aceptan lo de Groenlandia, porque necesitamos Groenlandia por [&hellip;]<\/p>\n","protected":false},"author":2,"featured_media":223073,"comment_status":"closed","ping_status":"closed","sticky":false,"template":"","format":"standard","meta":{"footnotes":""},"categories":[1],"tags":[],"class_list":["post-223072","post","type-post","status-publish","format-standard","has-post-thumbnail","hentry","category-uncategorized"],"_links":{"self":[{"href":"https:\/\/radioacuariofm.com.ar\/index.php?rest_route=\/wp\/v2\/posts\/223072","targetHints":{"allow":["GET"]}}],"collection":[{"href":"https:\/\/radioacuariofm.com.ar\/index.php?rest_route=\/wp\/v2\/posts"}],"about":[{"href":"https:\/\/radioacuariofm.com.ar\/index.php?rest_route=\/wp\/v2\/types\/post"}],"author":[{"embeddable":true,"href":"https:\/\/radioacuariofm.com.ar\/index.php?rest_route=\/wp\/v2\/users\/2"}],"replies":[{"embeddable":true,"href":"https:\/\/radioacuariofm.com.ar\/index.php?rest_route=%2Fwp%2Fv2%2Fcomments&post=223072"}],"version-history":[{"count":1,"href":"https:\/\/radioacuariofm.com.ar\/index.php?rest_route=\/wp\/v2\/posts\/223072\/revisions"}],"predecessor-version":[{"id":223074,"href":"https:\/\/radioacuariofm.com.ar\/index.php?rest_route=\/wp\/v2\/posts\/223072\/revisions\/223074"}],"wp:featuredmedia":[{"embeddable":true,"href":"https:\/\/radioacuariofm.com.ar\/index.php?rest_route=\/wp\/v2\/media\/223073"}],"wp:attachment":[{"href":"https:\/\/radioacuariofm.com.ar\/index.php?rest_route=%2Fwp%2Fv2%2Fmedia&parent=223072"}],"wp:term":[{"taxonomy":"category","embeddable":true,"href":"https:\/\/radioacuariofm.com.ar\/index.php?rest_route=%2Fwp%2Fv2%2Fcategories&post=223072"},{"taxonomy":"post_tag","embeddable":true,"href":"https:\/\/radioacuariofm.com.ar\/index.php?rest_route=%2Fwp%2Fv2%2Ftags&post=223072"}],"curies":[{"name":"wp","href":"https:\/\/api.w.org\/{rel}","templated":true}]}}