{"id":223069,"date":"2026-01-16T18:46:56","date_gmt":"2026-01-16T21:46:56","guid":{"rendered":"https:\/\/radioacuariofm.com.ar\/?p=223069"},"modified":"2026-01-16T18:46:57","modified_gmt":"2026-01-16T21:46:57","slug":"entre-elogios-y-guinos-lula-recibe-a-von-der-leyen-en-rio-en-la-antesala-del-acuerdo-ue-mercosur","status":"publish","type":"post","link":"https:\/\/radioacuariofm.com.ar\/?p=223069","title":{"rendered":"Entre elogios y gui\u00f1os, Lula recibe a Von der Leyen en R\u00edo en la antesala del acuerdo UE-Mercosur"},"content":{"rendered":"<p> <br \/>\n<\/p>\n<div>\n<p class=\"com-paragraph  --capital --s\">BRASILIA.- <a href=\"https:\/\/www.lanacion.com.ar\/politica\/una-jugada-de-lula-da-silva-provoco-sorpresa-y-enojo-en-la-argentina-antes-del-acuerdo-con-la-ue-nid15012026\/\" target=\"_self\" title=\"https:\/\/www.lanacion.com.ar\/politica\/una-jugada-de-lula-da-silva-provoco-sorpresa-y-enojo-en-la-argentina-antes-del-acuerdo-con-la-ue-nid15012026\/\" class=\"com-link break-word\" data-mrf-recirculation=\"n_link_parrafo\">Pese al enojo que dej\u00f3 trascender el gobierno argentino por el gesto unilateral,<\/a><strong> <\/strong>el presidente <strong>Luiz In\u00e1cio Lula da Silva recibi\u00f3 este viernes en R\u00edo de Janeiro a la presidenta de la Comisi\u00f3n Europea, Ursula von der Leyen<\/strong>, un d\u00eda antes de la firma en Asunci\u00f3n del acuerdo de libre comercio entre el Mercosur y la Uni\u00f3n Europea (UE), una ceremonia a la que el l\u00edder brasile\u00f1o no concurrir\u00e1.<\/p>\n<p class=\"com-paragraph   --s\">Seg\u00fan el gobierno brasile\u00f1o, la firma fue inicialmente planificada como un evento a nivel ministerial y fue a \u00faltima hora que Asunci\u00f3n invit\u00f3 a los presidentes.<\/p>\n<p class=\"com-paragraph   --s\">Luego de m\u00e1s de veinte a\u00f1os de negociaciones, el tratado se firmar\u00e1 el s\u00e1bado en Asunci\u00f3n, Paraguay.<\/p>\n<p class=\"com-paragraph   --s\">Tras sostener una reuni\u00f3n en Rio de Janeiro, <strong>Lula, uno de los m\u00e1s f\u00e9rreos impulsores del tratado<\/strong>, dijo en una declaraci\u00f3n conjunta a la prensa que el entendimiento entre ambos bloques es \u201cmuy bueno para el mundo democr\u00e1tico y para el multilateralismo\u201d.<\/p>\n<div class=\"content-media\">\n<section role=\"button\" class=\"mod-media   \">\n<figure role=\"button\" class=\"mod-figure \"><figcaption class=\"mod-figcaption\"><span class=\"com-text --caption --twoxs\">Von der Leyen y Lula da Silva estrechan sus manos en el Palacio Itamaraty de Rio de Janeiro<\/span><span class=\"com-text --credit --twoxs\">MAURO PIMENTEL  &#8211; AFP <\/span><\/figcaption><\/figure>\n<\/section>\n<\/div>\n<p class=\"com-paragraph   --s\">Von der Leyen elogi\u00f3 este viernes el papel del mandatario izquierdista en las negociaciones y afirm\u00f3 que el acuerdo <strong>\u201cenv\u00eda un mensaje contundente: este es el poder de la cooperaci\u00f3n y la apertura. (&#8230;) Y as\u00ed es como creamos verdadera prosperidad\u201d<\/strong>.<\/p>\n<p class=\"com-paragraph   --s\">Ambos bloques representan juntos el 30% del PBI mundial y comprenden un mercado de m\u00e1s de 700 millones de personas.<\/p>\n<p class=\"com-paragraph   --s\">La firma en Asunci\u00f3n contar\u00e1 con la presencia del presidente anfitri\u00f3n,<strong> Santiago Pe\u00f1a<\/strong>, y el uruguayo, <strong>Yamand\u00fa Orsi<\/strong>. Tambi\u00e9n se espera que acuda el argentino <strong>Javier Milei<\/strong>. Pero Lula no asistir\u00e1 al encuentro. <\/p>\n<p class=\"com-paragraph   --s\">Desde que volvi\u00f3 al poder en 2023, Lula ha sido un gran promotor de este acuerdo que abrir\u00e1 mercados para el gigantesco agronegocio brasile\u00f1o.<\/p>\n<p class=\"com-paragraph   --s\">Von der Leyen defendi\u00f3 que \u201cmultiplicar\u00e1 las oportunidades como nunca antes, con acceso mutuo a mercados estrat\u00e9gicos, reglas claras y predecibles, est\u00e1ndares comunes y cadenas de suministro que se convertir\u00e1n en autopistas para la inversi\u00f3n\u201d.<\/p>\n<p class=\"com-paragraph   --s\">Para Brasil representa una oportunidad de <strong>expandir sus exportaciones de carne, soja, arroz, caf\u00e9 y dem\u00e1s productos a Europa<\/strong>, a cambio de <strong>abrir su mercado a veh\u00edculos, maquinaria, quesos y vinos europeos<\/strong>, entre otros.<\/p>\n<p class=\"com-paragraph   --s\">Von der Leyen no ahorr\u00f3 elogios para Lula, de quien dijo que es \u201c<strong>el liderazgo que necesitamos en el mundo actual<\/strong>\u201d.<\/p>\n<p class=\"com-paragraph   --s\">\u201cUsted es un l\u00edder profundamente comprometido con los valores que apreciamos: <strong>la democracia, el orden internacional basado en normas y el respeto<\/strong>. Respeto por nuestro planeta, respeto por las comunidades y respeto por las naciones hermanas\u201d, declar\u00f3.<\/p>\n<p class=\"com-paragraph   --s\">M\u00e1s all\u00e1 del acuerdo UE-Mercosur, Von der Leyen dijo que Europa y Brasil est\u00e1n avanzando hacia un acuerdo \u201cmuy importante\u201d sobre minerales cr\u00edticos, con proyectos de inversi\u00f3n conjunta en litio, n\u00edquel y tierras raras. \u201cEsto es clave para nuestra transici\u00f3n digital y limpia, as\u00ed como para nuestra independencia estrat\u00e9gica en un mundo donde los minerales tienden a convertirse en un instrumento de coerci\u00f3n\u201d, sostuvo.<\/p>\n<p class=\"com-paragraph   --s\">Este jueves la Casa Rosada dej\u00f3 trascender su disconformidad con la visita previa a Lula por parte de Von der Leyen, <a href=\"https:\/\/www.lanacion.com.ar\/politica\/una-jugada-de-lula-da-silva-provoco-sorpresa-y-enojo-en-la-argentina-antes-del-acuerdo-con-la-ue-nid15012026\/\" target=\"_self\" title=\"https:\/\/www.lanacion.com.ar\/politica\/una-jugada-de-lula-da-silva-provoco-sorpresa-y-enojo-en-la-argentina-antes-del-acuerdo-con-la-ue-nid15012026\/\" class=\"com-link break-word\" data-mrf-recirculation=\"n_link_parrafo\">inform\u00f3 LA NACION<\/a>.<\/p>\n<div class=\"content-media\">\n<section role=\"button\" class=\"mod-media   \">\n<figure role=\"button\" class=\"mod-figure \"><figcaption class=\"mod-figcaption\"><span class=\"com-text --caption --twoxs\">Reuni\u00f3n de los l\u00edderes del Mercosur en Foz do Iguazu<\/span><span class=\"com-text --credit --twoxs\">EVARISTO SA  &#8211; AFP <\/span><\/figcaption><\/figure>\n<\/section>\n<\/div>\n<p class=\"com-paragraph   --s\"><strong>\u201cArma una cumbre paralela un d\u00eda antes. Es una falta de respeto a sus socios\u201d<\/strong>, afirm\u00f3 una alta fuente del Gobierno. El v\u00ednculo personal de Lula da Silva con Milei fue \u00e1spero desde el inicio y se agriet\u00f3 al l\u00edmite en los \u00faltimos d\u00edas por sus posturas contrapuestas sobre la intervenci\u00f3n del gobierno de <strong>Donald Trump <\/strong>en Venezuela. Ese malestar se extiende por estas horas al presidente anfitri\u00f3n, <strong>Santiago Pe\u00f1a<\/strong>, quien a pesar de recientes chispazos con Lula da Silva confiaba en convencer a su par de Brasil de concurrir a la cita en Asunci\u00f3n para la postal de unidad del bloque regional, en un momento trascendente. Una postal que est\u00e1 lejos de producirse.<\/p>\n<p class=\"com-paragraph   --s\">En Buenos Aires, leyeron la ausencia en Asunci\u00f3n como un \u201cdesquite\u201d de Lula luego de la frustrada firma del acuerdo en Foz do Iguaz\u00fa, territorio brasile\u00f1o, el pasado 20 de diciembre, cuando Lula era todav\u00eda el presidente temporal del bloque regional. <\/p>\n<p class=\"com-paragraph   --s\">Desde que volvi\u00f3 al poder en 2023, <strong>Lula ha sido un gran promotor de este acuerdo que crear\u00e1 una de las mayores zonas de libre comercio del mundo y abrir\u00e1 apetitosos mercados para el gigantesco agronegocio brasile\u00f1o<\/strong>.<\/p>\n<p class=\"com-paragraph   --s\">Pero el pacto enfrenta la resistencia de agricultores y ganaderos de algunos pa\u00edses europeos, que se han movilizado en fuertes protestas contra la firma.<\/p>\n<div class=\"content-media\">\n<section role=\"button\" class=\"mod-media   \">\n<figure role=\"button\" class=\"mod-figure \"><figcaption class=\"mod-figcaption\"><span class=\"com-text --caption --twoxs\">Tractorazo de agricultores franceses en el Arco del Triunfo, en Par\u00eds, contra la firma del acuerdo UE-Mercosur<\/span><span class=\"com-text --credit --twoxs\">Emma Da Silva &#8211; AP<\/span><\/figcaption><\/figure>\n<\/section>\n<\/div>\n<p class=\"com-paragraph   --s\">Estos sectores perciben con temor la llegada de productos de los pa\u00edses del Mercosur, m\u00e1s competitivos debido a normas de producci\u00f3n consideradas menos estrictas.<\/p>\n<p class=\"com-paragraph   --s\">Pese a estos obst\u00e1culos, la UE aprob\u00f3 el acuerdo el 9 de enero. El Consejo Europeo, que re\u00fane a los gobiernos de los miembros, autoriz\u00f3 por medio de una votaci\u00f3n a que la Comisi\u00f3n Europea avance con el tratado. Cinco pa\u00edses votaron en contra:<strong> Francia, Polonia, Austria, Irlanda y Hungr\u00eda.<\/strong><\/p>\n<p class=\"com-paragraph   --s\">La aprobaci\u00f3n en el Consejo era el \u00faltimo paso previo a la firma conjunta entre ambos bloques que tendr\u00e1 lugar en Paraguay.<\/p>\n<p class=\"com-paragraph   --s\"><strong>Agencias AFP y AP<\/strong><\/p>\n<section class=\"container-center-100 mb-40 border border-bottom border-thin border-neutral-light-700\">\n<hr\/>\n<\/section>\n<\/div>\n\n","protected":false},"excerpt":{"rendered":"<p>BRASILIA.- Pese al enojo que dej\u00f3 trascender el gobierno argentino por el gesto unilateral, el presidente Luiz In\u00e1cio Lula da Silva recibi\u00f3 este viernes en R\u00edo de Janeiro a la presidenta de la Comisi\u00f3n Europea, Ursula von der Leyen, un d\u00eda antes de la firma en Asunci\u00f3n del acuerdo de libre comercio entre el Mercosur [&hellip;]<\/p>\n","protected":false},"author":2,"featured_media":223070,"comment_status":"closed","ping_status":"closed","sticky":false,"template":"","format":"standard","meta":{"footnotes":""},"categories":[1],"tags":[],"class_list":["post-223069","post","type-post","status-publish","format-standard","has-post-thumbnail","hentry","category-uncategorized"],"_links":{"self":[{"href":"https:\/\/radioacuariofm.com.ar\/index.php?rest_route=\/wp\/v2\/posts\/223069","targetHints":{"allow":["GET"]}}],"collection":[{"href":"https:\/\/radioacuariofm.com.ar\/index.php?rest_route=\/wp\/v2\/posts"}],"about":[{"href":"https:\/\/radioacuariofm.com.ar\/index.php?rest_route=\/wp\/v2\/types\/post"}],"author":[{"embeddable":true,"href":"https:\/\/radioacuariofm.com.ar\/index.php?rest_route=\/wp\/v2\/users\/2"}],"replies":[{"embeddable":true,"href":"https:\/\/radioacuariofm.com.ar\/index.php?rest_route=%2Fwp%2Fv2%2Fcomments&post=223069"}],"version-history":[{"count":1,"href":"https:\/\/radioacuariofm.com.ar\/index.php?rest_route=\/wp\/v2\/posts\/223069\/revisions"}],"predecessor-version":[{"id":223071,"href":"https:\/\/radioacuariofm.com.ar\/index.php?rest_route=\/wp\/v2\/posts\/223069\/revisions\/223071"}],"wp:featuredmedia":[{"embeddable":true,"href":"https:\/\/radioacuariofm.com.ar\/index.php?rest_route=\/wp\/v2\/media\/223070"}],"wp:attachment":[{"href":"https:\/\/radioacuariofm.com.ar\/index.php?rest_route=%2Fwp%2Fv2%2Fmedia&parent=223069"}],"wp:term":[{"taxonomy":"category","embeddable":true,"href":"https:\/\/radioacuariofm.com.ar\/index.php?rest_route=%2Fwp%2Fv2%2Fcategories&post=223069"},{"taxonomy":"post_tag","embeddable":true,"href":"https:\/\/radioacuariofm.com.ar\/index.php?rest_route=%2Fwp%2Fv2%2Ftags&post=223069"}],"curies":[{"name":"wp","href":"https:\/\/api.w.org\/{rel}","templated":true}]}}