{"id":223066,"date":"2026-01-16T17:45:58","date_gmt":"2026-01-16T20:45:58","guid":{"rendered":"https:\/\/radioacuariofm.com.ar\/?p=223066"},"modified":"2026-01-16T17:45:59","modified_gmt":"2026-01-16T20:45:59","slug":"las-protestas-en-iran-amainan-tras-la-brutal-represion-pero-el-principe-heredero-reclama-una-intervencion-de-ee-uu","status":"publish","type":"post","link":"https:\/\/radioacuariofm.com.ar\/?p=223066","title":{"rendered":"Las protestas en Ir\u00e1n amainan tras la \u201cbrutal\u201d represi\u00f3n, pero el pr\u00edncipe heredero reclama una intervenci\u00f3n de EE.UU."},"content":{"rendered":"<p> <br \/>\n<\/p>\n<div>\n<p class=\"com-paragraph  --capital --s\">DUB\u00c1I.- La intensidad de las <a href=\"https:\/\/www.lanacion.com.ar\/el-mundo\/las-protestas-en-iran-parecen-sofocadas-y-revelan-una-gestion-diplomatica-que-disuadio-un-ataque-de-nid15012026\/\" target=\"_self\" title=\"https:\/\/www.lanacion.com.ar\/el-mundo\/las-protestas-en-iran-parecen-sofocadas-y-revelan-una-gestion-diplomatica-que-disuadio-un-ataque-de-nid15012026\/\" class=\"com-link break-word\" data-mrf-recirculation=\"n_link_parrafo\"><strong>protestas en Ir\u00e1n<\/strong><\/a> contra el sistema teocr\u00e1tico parece haber disminuido tras una brutal represi\u00f3n estatal, con miles de muertos y en medio de un apag\u00f3n de internet, afirman este viernes organismos de monitoreo. En ese contexto,<strong> <\/strong>el hijo del \u00faltimo shah,<strong> <\/strong><a href=\"https:\/\/www.lanacion.com.ar\/el-mundo\/tragedias-exilio-y-resistencia-quien-es-reza-pahlavi-el-principe-heredero-irani-que-llama-a-la-nid13012026\/\" target=\"_self\" title=\"https:\/\/www.lanacion.com.ar\/el-mundo\/tragedias-exilio-y-resistencia-quien-es-reza-pahlavi-el-principe-heredero-irani-que-llama-a-la-nid13012026\/\" class=\"com-link break-word\" data-mrf-recirculation=\"n_link_parrafo\"><strong>Reza Pahlavi<\/strong><\/a>, reapareci\u00f3 p\u00fablicamente para <strong>reclamar una intervenci\u00f3n extranjera, mientras Washington moderaba su ret\u00f3rica <\/strong>sobre una eventual acci\u00f3n militar.<\/p>\n<p class=\"com-paragraph   --s\">La movilizaci\u00f3n comenz\u00f3 el 28 de diciembre en Teher\u00e1n, inicialmente como una <a href=\"https:\/\/www.lanacion.com.ar\/el-mundo\/protestas-en-iran-como-la-caida-de-la-moneda-fue-la-chispa-que-hizo-estallar-el-enojo-generalizado-nid10012026\/\" target=\"_self\" title=\"https:\/\/www.lanacion.com.ar\/el-mundo\/protestas-en-iran-como-la-caida-de-la-moneda-fue-la-chispa-que-hizo-estallar-el-enojo-generalizado-nid10012026\/\" class=\"com-link break-word\" data-mrf-recirculation=\"n_link_parrafo\">protesta contra el aumento del costo de la vida<\/a>, pero pronto se extendi\u00f3 a otras ciudades y deriv\u00f3 en un reclamo abierto por la ca\u00edda del sistema teocr\u00e1tico que gobierna Ir\u00e1n desde la revoluci\u00f3n de 1979. Seg\u00fan el grupo de derechos humanos Iran Human Rights (IHR), al menos <strong>3428 manifestantes<\/strong> murieron a manos de las fuerzas de seguridad en las \u00faltimas semanas.<\/p>\n<p class=\"com-paragraph   --s\">Seg\u00fan su director, Mahmood Amiry-Moghaddam, las autoridades dirigidas por el l\u00edder supremo, el ayatollah <strong>Ali Khamenei<\/strong>, han \u201c<strong>cometido uno de los cr\u00edmenes m\u00e1s graves de nuestra \u00e9poca<\/strong>\u201d. Cit\u00f3 \u201c<a href=\"https:\/\/www.lanacion.com.ar\/el-mundo\/disparen-a-matar-empiezan-a-filtrarse-historias-de-masacres-y-panico-durante-de-la-brutal-represion-nid13012026\/\" target=\"_self\" title=\"https:\/\/www.lanacion.com.ar\/el-mundo\/disparen-a-matar-empiezan-a-filtrarse-historias-de-masacres-y-panico-durante-de-la-brutal-represion-nid13012026\/\" class=\"com-link break-word\" data-mrf-recirculation=\"n_link_parrafo\">relatos horripilantes<\/a> de testigos\u201d sobre \u201cmanifestantes muertos a tiros mientras intentaban huir, el uso de armas de guerra y la ejecuci\u00f3n en plena calle de manifestantes heridos\u201d.<\/p>\n<p class=\"com-paragraph   --s\">La organizaci\u00f3n iran\u00ed-kurda de derechos humanos Hengaw, con sede en Noruega, afirm\u00f3 que no se registraron <a href=\"https:\/\/www.lanacion.com.ar\/el-mundo\/como-es-la-fragmentada-oposicion-irani-que-desafia-al-regimen-de-iran-nid11012026\/\" target=\"_self\" title=\"https:\/\/www.lanacion.com.ar\/el-mundo\/como-es-la-fragmentada-oposicion-irani-que-desafia-al-regimen-de-iran-nid11012026\/\" class=\"com-link break-word\" data-mrf-recirculation=\"n_link_parrafo\">concentraciones de protesta<\/a> desde el domingo, aunque advirti\u00f3 que \u201c<strong>el entorno de seguridad sigue siendo altamente restrictivo<\/strong>\u201d. \u201cNuestras fuentes independientes confirman una fuerte presencia militar y de seguridad en ciudades y localidades donde anteriormente hubo protestas, as\u00ed como en varios puntos que no experimentaron grandes manifestaciones\u201d, indic\u00f3 Hengaw en declaraciones a Reuters.<\/p>\n<div class=\"content-media\">\n<section role=\"button\" class=\"mod-media   \">\n<figure role=\"button\" class=\"mod-figure \"><figcaption class=\"mod-figcaption\"><span class=\"com-text --caption --twoxs\">Iran\u00edes participan de una protesta contra el gobierno en Teher\u00e1n, Ir\u00e1n, el viernes 9 de enero de 2026<\/span><span class=\"com-text --credit --twoxs\">UGC <\/span><\/figcaption><\/figure>\n<\/section>\n<\/div>\n<p class=\"com-paragraph   --s\">El jefe de la polic\u00eda iran\u00ed, Ahmad-Reza Radan afirm\u00f3 que \u201c<strong>el orden se ha restablecido<\/strong>\u201d en declaraciones a Press TV. \u201cLa cooperaci\u00f3n entre la poblaci\u00f3n y las fuerzas de seguridad fue crucial para sofocar los disturbios\u201d, dijo y agreg\u00f3: \u201cPor la gracia de Dios y con la presencia consciente del pueblo, se ha clavado el \u00faltimo clavo en el ata\u00fad del terrorismo\u201d. <\/p>\n<p class=\"com-paragraph   --s\">Al menos <strong>3000 personas fueron <\/strong><a href=\"https:\/\/www.lanacion.com.ar\/el-mundo\/iran-anuncia-juicios-rapidos-para-los-manifestantes-y-crece-la-preocupacion-por-el-primer-condenado-nid14012026\/\" target=\"_self\" title=\"https:\/\/www.lanacion.com.ar\/el-mundo\/iran-anuncia-juicios-rapidos-para-los-manifestantes-y-crece-la-preocupacion-por-el-primer-condenado-nid14012026\/\" class=\"com-link break-word\" data-mrf-recirculation=\"n_link_parrafo\"><strong>detenidas<\/strong><\/a> durante las recientes protestas, seg\u00fan funcionarios de seguridad locales citados este viernes por la agencia de noticias Tasnim, considerada cercana a las fuerzas de seguridad en Ir\u00e1n. Esta cifra incluye a \u201cindividuos armados y alborotadores\u201d y \u201cmiembros de organizaciones terroristas\u201d, report\u00f3 el medio. Los grupos defensores de los derechos humanos <strong>contabilizan unos 20.000 arrestos<\/strong>.<\/p>\n<p class=\"com-paragraph   --s\">La fuerte represi\u00f3n ha \u201cprobablemente sofocado el movimiento de protesta por ahora\u201d, estima el Instituto para el Estudio de la Guerra, con sede en Estados Unidos, que estuvo monitoreando las manifestaciones. \u201cSin embargo, la movilizaci\u00f3n generalizada de las fuerzas de seguridad (&#8230;) es insostenible, lo que hace posible que <strong>las protestas puedan reanudarse<\/strong>\u201d, advirti\u00f3.<\/p>\n<div class=\"content-media\">\n<section role=\"button\" class=\"mod-media   \">\n<figure role=\"button\" class=\"mod-figure \"><figcaption class=\"mod-figcaption\"><span class=\"com-text --caption --twoxs\">El l\u00edder opositor iran\u00ed Reza Pahlavi habla durante una conferencia de prensa el viernes 16 de enero de 2026, en Washington<\/span><span class=\"com-text --credit --twoxs\">Mark Schiefelbein  &#8211; AP <\/span><\/figcaption><\/figure>\n<\/section>\n<\/div>\n<p class=\"com-paragraph   --s\">El hijo del difunto shah de Ir\u00e1n Reza Pahlavi declar\u00f3 este viernes que confiaba en que la Rep\u00fablica Isl\u00e1mica caer\u00eda ante las protestas masivas. \u201c<strong>No es cuesti\u00f3n de si, sino de cu\u00e1ndo<\/strong>\u201d, dijo en una conferencia de prensa en Washington. <\/p>\n<p class=\"com-paragraph   --s\">Pahlavi vive exiliado en Estados Unidos desde que la revoluci\u00f3n isl\u00e1mica de 1979 derroc\u00f3 a su padre. Numerosos manifestantes estuvieron <a href=\"https:\/\/www.lanacion.com.ar\/el-mundo\/las-protestas-en-iran-se-extienden-a-mas-de-100-ciudades-el-regimen-redobla-la-represion-y-trump-nid10012026\/\" target=\"_self\" title=\"https:\/\/www.lanacion.com.ar\/el-mundo\/las-protestas-en-iran-se-extienden-a-mas-de-100-ciudades-el-regimen-redobla-la-represion-y-trump-nid10012026\/\" class=\"com-link break-word\" data-mrf-recirculation=\"n_link_parrafo\">coreando su nombre<\/a> en las protestas que fueron reprimidas con brutalidad por las autoridades.<\/p>\n<p class=\"com-paragraph   --s\">El hijo del shah<strong> <\/strong>expres\u00f3 su intenci\u00f3n de<strong> liderar una transici\u00f3n hacia una democracia laica y pidi\u00f3 una intervenci\u00f3n extranjera<\/strong>: \u201cEl pueblo iran\u00ed est\u00e1 tomando medidas decisivas sobre el terreno. Es momento de que la comunidad internacional lo apoye plenamente (&#8230;), debilitando la capacidad represiva del r\u00e9gimen, lo que incluye atacar a los l\u00edderes de la Guardia Revolucionaria Isl\u00e1mica y su infraestructura de mando y control\u201d, declar\u00f3 y anunci\u00f3: \u201cRegresar\u00e9 a Ir\u00e1n\u201d.<\/p>\n<p class=\"com-paragraph   --s\">Aliados de Estados Unidos, entre ellos <strong>Arabia Saudita, Om\u00e1n y Qatar<\/strong>, desplegaron esta semana una intensa diplomacia con Washington para <a href=\"https:\/\/www.lanacion.com.ar\/el-mundo\/represion-sin-freno-en-iran-un-alto-funcionario-dice-que-las-protestas-ya-dejaron-2000-muertos-nid13012026\/\" target=\"_self\" title=\"https:\/\/www.lanacion.com.ar\/el-mundo\/represion-sin-freno-en-iran-un-alto-funcionario-dice-que-las-protestas-ya-dejaron-2000-muertos-nid13012026\/\" class=\"com-link break-word\" data-mrf-recirculation=\"n_link_parrafo\">evitar un ataque<\/a>, advirtiendo sobre repercusiones para toda la regi\u00f3n. Los tres pa\u00edses \u201chicieron intensos esfuerzos diplom\u00e1ticos de \u00faltima hora para convencer al presidente Trump que <strong>d\u00e9 a Ir\u00e1n la oportunidad de demostrar sus buenas intenciones<\/strong>\u201d, declar\u00f3 un alto cargo saud\u00ed el jueves a la AFP. <\/p>\n<p class=\"com-paragraph   --s\">La Casa Blanca confirm\u00f3 que el mandatario mantuvo tambi\u00e9n dos llamadas con el primer ministro israel\u00ed, <strong>Benjam\u00edn Netanyahu<\/strong>, quien -seg\u00fan el <em>New York Times-<\/em><strong>le pidi\u00f3 que no interviniera militarm ente<\/strong>.<\/p>\n<p class=\"com-paragraph   --s\">El temor a un ataque estadounidense comenz\u00f3 a disiparse cuando Trump afirm\u00f3 haber sido informado de que los asesinatos en Ir\u00e1n estaban disminuyendo. En ese contexto, la Casa Blanca asegur\u00f3 que Teher\u00e1n habr\u00eda desistido de ejecutar a unos <strong>800 manifestantes<\/strong>, una cifra que no fue confirmada ni por las autoridades iran\u00edes ni por organizaciones de derechos humanos.<\/p>\n<div class=\"content-media\">\n<section role=\"button\" class=\"mod-media   \">\n<figure role=\"button\" class=\"mod-figure \"><figcaption class=\"mod-figcaption\"><span class=\"com-text --caption --twoxs\">Donald Trump revel\u00f3 que habl\u00f3 con funcionarios de Ir\u00e1n que le aseguraron que la represi\u00f3n a manifestantes ces\u00f3<\/span><\/figcaption><\/figure>\n<\/section>\n<\/div>\n<p class=\"com-paragraph   --s\">De todas formas, Trump y su equipo advirtieron el jueves que habr\u00eda <a href=\"https:\/\/www.lanacion.com.ar\/el-mundo\/cuales-son-las-opciones-militares-de-trump-frente-al-regimen-de-iran-nid14012026\/\" target=\"_self\" title=\"https:\/\/www.lanacion.com.ar\/el-mundo\/cuales-son-las-opciones-militares-de-trump-frente-al-regimen-de-iran-nid14012026\/\" class=\"com-link break-word\" data-mrf-recirculation=\"n_link_parrafo\">\u201cgraves consecuencias\u201d<\/a> si se produc\u00eda un nuevo derramamiento de sangre en Teher\u00e1n. Su vocera Karoline Leavitt sostuvo que el mandatario mantiene \u201ctodas las opciones sobre la mesa\u201d.<\/p>\n<p class=\"com-paragraph   --s\">Adem\u00e1s, <strong>se espera que Washington env\u00ede capacidades militares adicionales<\/strong> a la regi\u00f3n, aunque la composici\u00f3n exacta de esas fuerzas y el momento de su despliegue a\u00fan no est\u00e1n claros, seg\u00fan inform\u00f3 a la <em>AFP <\/em>un funcionario estadounidense bajo condici\u00f3n de anonimato.<\/p>\n<p class=\"com-paragraph   --s\">Por su parte, el presidente ruso, <strong>Vladimir Putin<\/strong>, abord\u00f3 la situaci\u00f3n en llamadas separadas el viernes con Netanyahu y con el presidente iran\u00ed, <strong>Masoud Pezeshkian<\/strong>, y <strong>se\u00f1al\u00f3 que Mosc\u00fa estaba dispuesto a mediar en la regi\u00f3n<\/strong>, inform\u00f3 el Kremlin.<\/p>\n<p class=\"com-paragraph   --s\">Pezeshkian dijo a Putin que <a href=\"https:\/\/www.lanacion.com.ar\/el-mundo\/el-jefe-del-ejercito-de-iran-amenazo-con-un-ataque-preventivo-a-sus-enemigos-por-la-retorica-de-nid07012026\/\" target=\"_self\" title=\"https:\/\/www.lanacion.com.ar\/el-mundo\/el-jefe-del-ejercito-de-iran-amenazo-con-un-ataque-preventivo-a-sus-enemigos-por-la-retorica-de-nid07012026\/\" class=\"com-link break-word\" data-mrf-recirculation=\"n_link_parrafo\">Estados Unidos e Israel<\/a> hab\u00edan tenido un rol directo en los disturbios, seg\u00fan medios estatales iran\u00edes. Las autoridades locales acusan a enemigos extranjeros de fomentar las protestas y de armar a personas que identifican como terroristas para atacar a las fuerzas de seguridad.<\/p>\n<div class=\"content-media\">\n<section role=\"button\" class=\"mod-media   \">\n<figure role=\"button\" class=\"mod-figure \"><figcaption class=\"mod-figcaption\"><span class=\"com-text --caption --twoxs\">El presidente ruso Vladimir Putin escucha al gobernador de la regi\u00f3n de Yaroslavl, Mikhail Yevrayev, en el Kremlin, en Mosc\u00fa, Rusia, el martes 13 de enero de 2026<\/span><span class=\"com-text --credit --twoxs\">Mikhail Metzel &#8211; Pool Sputnik Kremlin<\/span><\/figcaption><\/figure>\n<\/section>\n<\/div>\n<p class=\"com-paragraph   --s\">En algunas zonas contin\u00faa habiendo indicios de tensi\u00f3n. Una mujer en Teher\u00e1n dijo a Reuters por tel\u00e9fono que <strong>su hija fue asesinada el viernes tras sumarse a una manifestaci\u00f3n cerca de su casa<\/strong>. \u201cTen\u00eda 15 a\u00f1os. No era terrorista ni alborotadora. Fuerzas del Basij la siguieron cuando intentaba volver a su casa\u201d, relat\u00f3, en referencia a una rama de las fuerzas de seguridad utilizada habitualmente para sofocar disturbios.<\/p>\n<div class=\"content-media\">\n<section role=\"button\" class=\"mod-media   \">\n<figure role=\"button\" class=\"mod-figure \"><figcaption class=\"mod-figcaption\"><span class=\"com-text --caption --twoxs\">Una manifestante en Par\u00eds quema un p\u00f3ster del ayatollah Khameini, el l\u00edder supremo de Ir\u00e1n, en apoyo a las protestas en ese pa\u00eds el 11 de enero de 2026<\/span><span class=\"com-text --credit --twoxs\">Michel Euler  &#8211; AP <\/span><\/figcaption><\/figure>\n<\/section>\n<\/div>\n<p class=\"com-paragraph   --s\">Hengaw inform\u00f3 que una enfermera muri\u00f3 por disparos directos de fuerzas gubernamentales durante protestas en Karaj, al oeste de Teher\u00e1n.<\/p>\n<p class=\"com-paragraph   --s\">El medio af\u00edn al Estado <em>Tasnim <\/em>inform\u00f3 que alborotadores incendiaron una oficina local de educaci\u00f3n en el distrito de Falavarjan, en el centro de la provincia de Isfah\u00e1n, el jueves.<\/p>\n<p class=\"com-paragraph   --s\">Una residente de edad avanzada de una localidad del noroeste de Ir\u00e1n \u2014regi\u00f3n donde vive una importante poblaci\u00f3n kurda y que fue escenario de algunos de los estallidos m\u00e1s intensos\u2014 dijo que <strong>continuaban protestas espor\u00e1dicas, aunque con menor intensidad<\/strong>. <\/p>\n<p class=\"com-paragraph   --s\"><strong>Agencias AFP, ANSA y Reuters<\/strong><\/p>\n<section class=\"container-center-100 mb-40 border border-bottom border-thin border-neutral-light-700\">\n<hr\/>\n<\/section>\n<\/div>\n\n","protected":false},"excerpt":{"rendered":"<p>DUB\u00c1I.- La intensidad de las protestas en Ir\u00e1n contra el sistema teocr\u00e1tico parece haber disminuido tras una brutal represi\u00f3n estatal, con miles de muertos y en medio de un apag\u00f3n de internet, afirman este viernes organismos de monitoreo. En ese contexto, el hijo del \u00faltimo shah, Reza Pahlavi, reapareci\u00f3 p\u00fablicamente para reclamar una intervenci\u00f3n extranjera, [&hellip;]<\/p>\n","protected":false},"author":2,"featured_media":223067,"comment_status":"closed","ping_status":"closed","sticky":false,"template":"","format":"standard","meta":{"footnotes":""},"categories":[1],"tags":[],"class_list":["post-223066","post","type-post","status-publish","format-standard","has-post-thumbnail","hentry","category-uncategorized"],"_links":{"self":[{"href":"https:\/\/radioacuariofm.com.ar\/index.php?rest_route=\/wp\/v2\/posts\/223066","targetHints":{"allow":["GET"]}}],"collection":[{"href":"https:\/\/radioacuariofm.com.ar\/index.php?rest_route=\/wp\/v2\/posts"}],"about":[{"href":"https:\/\/radioacuariofm.com.ar\/index.php?rest_route=\/wp\/v2\/types\/post"}],"author":[{"embeddable":true,"href":"https:\/\/radioacuariofm.com.ar\/index.php?rest_route=\/wp\/v2\/users\/2"}],"replies":[{"embeddable":true,"href":"https:\/\/radioacuariofm.com.ar\/index.php?rest_route=%2Fwp%2Fv2%2Fcomments&post=223066"}],"version-history":[{"count":1,"href":"https:\/\/radioacuariofm.com.ar\/index.php?rest_route=\/wp\/v2\/posts\/223066\/revisions"}],"predecessor-version":[{"id":223068,"href":"https:\/\/radioacuariofm.com.ar\/index.php?rest_route=\/wp\/v2\/posts\/223066\/revisions\/223068"}],"wp:featuredmedia":[{"embeddable":true,"href":"https:\/\/radioacuariofm.com.ar\/index.php?rest_route=\/wp\/v2\/media\/223067"}],"wp:attachment":[{"href":"https:\/\/radioacuariofm.com.ar\/index.php?rest_route=%2Fwp%2Fv2%2Fmedia&parent=223066"}],"wp:term":[{"taxonomy":"category","embeddable":true,"href":"https:\/\/radioacuariofm.com.ar\/index.php?rest_route=%2Fwp%2Fv2%2Fcategories&post=223066"},{"taxonomy":"post_tag","embeddable":true,"href":"https:\/\/radioacuariofm.com.ar\/index.php?rest_route=%2Fwp%2Fv2%2Ftags&post=223066"}],"curies":[{"name":"wp","href":"https:\/\/api.w.org\/{rel}","templated":true}]}}