{"id":223060,"date":"2026-01-16T16:45:21","date_gmt":"2026-01-16T19:45:21","guid":{"rendered":"https:\/\/radioacuariofm.com.ar\/?p=223060"},"modified":"2026-01-16T16:45:23","modified_gmt":"2026-01-16T19:45:23","slug":"indignacion-y-sorpresa-en-el-pais-donde-se-entrega-el-nobel-de-la-paz-por-el-regalo-de-machado-a-trump","status":"publish","type":"post","link":"https:\/\/radioacuariofm.com.ar\/?p=223060","title":{"rendered":"Indignaci\u00f3n y sorpresa en el pa\u00eds donde se entrega el Nobel de la Paz por el regalo de Machado a Trump"},"content":{"rendered":"<p> <br \/>\n<\/p>\n<div>\n<p class=\"com-paragraph  --capital --s\">OSLO.\u2013 <strong>Noruega <\/strong>reaccion\u00f3 con incredulidad ante la noticia de que la laureada con el Premio Nobel de la Paz <strong>Mar\u00eda Corina Machado<\/strong> entreg\u00f3 la medalla de su galard\u00f3n al presidente <strong>Donald Trump<\/strong>, quien desde hace tiempo ambiciona ese premio.<\/p>\n<p class=\"com-paragraph   --s\">\u201cEso es completamente inaudito\u201d, dijo a la emisora \u200b\u200bp\u00fablica NRK <strong>Janne Haaland Matlary<\/strong>, expol\u00edtica y profesora de la Universidad de Oslo. <strong>\u201cEs una falta total de respeto al premio, de su parte\u201d,<\/strong> afirm\u00f3, y calific\u00f3 el acto de <strong>\u201ccarente de sentido\u201d y \u201cpat\u00e9tico\u201d.<\/strong><\/p>\n<p class=\"com-paragraph   --s\">Trump, quien sostiene que merece el Premio Nobel de la Paz por haber resuelto numerosas guerras durante su segundo mandato, <a href=\"https:\/\/www.lanacion.com.ar\/estados-unidos\/maria-corina-machado-conto-detalles-de-su-encuentro-con-trump-y-dijo-que-cree-que-sera-presidenta-de-nid16012026\/\" target=\"_self\" title=\"https:\/\/www.lanacion.com.ar\/estados-unidos\/maria-corina-machado-conto-detalles-de-su-encuentro-con-trump-y-dijo-que-cree-que-sera-presidenta-de-nid16012026\/\" class=\"com-link break-word\" data-mrf-recirculation=\"n_link_parrafo\">recibi\u00f3 la medalla de la l\u00edder opositora venezolana <\/a>en una reuni\u00f3n en el Sal\u00f3n Oval de la Casa Blanca el jueves. Anteriormente hab\u00eda expresado su descontento con las decisiones del Comit\u00e9 Nobel Noruego.<\/p>\n<div class=\"content-media\">\n<section role=\"button\" class=\"mod-media   \">\n<figure role=\"button\" class=\"mod-figure \"><figcaption class=\"mod-figcaption\"><span class=\"com-text --caption --twoxs\">Mar\u00eda Corina Machado es recibida por senadores en su visita el Capitolio <\/span><span class=\"com-text --credit --twoxs\">J. Scott Applewhite &#8211; AP<\/span><\/figcaption><\/figure>\n<\/section>\n<\/div>\n<p class=\"com-paragraph   --s\">El premio<a href=\"https:\/\/www.lanacion.com.ar\/el-mundo\/puede-un-ganador-del-nobel-entregar-su-premio-nid15012026\/\" target=\"_self\" title=\"https:\/\/www.lanacion.com.ar\/el-mundo\/puede-un-ganador-del-nobel-entregar-su-premio-nid15012026\/\" class=\"com-link break-word\" data-mrf-recirculation=\"n_link_parrafo\"> <strong>no puede compartirse ni transferirse<\/strong>,<\/a> dijo el Comit\u00e9 Nobel Noruego en un comunicado la semana pasada. <\/p>\n<p class=\"com-paragraph   --s\">La controversia es una mancha m\u00e1s en la reputaci\u00f3n del <strong>Premio Nobel de la Paz<\/strong> y subraya cu\u00e1n politizado se ha vuelto. La decisi\u00f3n de otorgarle el Nobel a Machado fue interpretada por algunos <strong>como un intento de evitar la ira de Trump<\/strong> tras su agresiva campa\u00f1a para conseguir el premio.<\/p>\n<p class=\"com-paragraph   --s\">Tambi\u00e9n contrasta marcadamente con los acontecimientos de 2022, cuando el periodista ruso <strong>Dmitry Muratov<\/strong> subast\u00f3 su medalla del Premio Nobel de la Paz de 2021 para recaudar fondos para los ucranianos que se han convertido en refugiados por la guerra del presidente <strong>Vladimir Putin<\/strong>. Esta iniciativa ben\u00e9fica no gener\u00f3 objeciones significativas en Noruega.<\/p>\n<div class=\"content-media\">\n<section role=\"button\" class=\"mod-media   \">\n<figure role=\"button\" class=\"mod-figure \"><figcaption class=\"mod-figcaption\"><span class=\"com-text --caption --twoxs\">Mar\u00eda Corina Machado en rueda de prensa durante su visita a Washington  <\/span><span class=\"com-text --credit --twoxs\">DREW ANGERER &#8211; AFP<\/span><\/figcaption><\/figure>\n<\/section>\n<\/div>\n<p class=\"com-paragraph   --s\">Para Machado, recibir el Nobel ha sido una bendici\u00f3n a medias. Durante meses, <strong>ha intentado congraciarse con Trump<\/strong>, absteni\u00e9ndose de condenar p\u00fablicamente <strong>la deportaci\u00f3n de cientos de migrantes venezolanos, <\/strong>muchos de ellos sin antecedentes penales, a una prisi\u00f3n de El Salvador, o de hacer comentarios sobre <strong>los ataques a presuntos barcos narcotraficantes<\/strong> frente a las costas de Venezuela que han matado a m\u00e1s de 100 personas. <\/p>\n<p class=\"com-paragraph   --s\">Machado ha quedado al margen de la transici\u00f3n del liderazgo en Venezuela desde que fuerzas de Estados Unidos <a href=\"https:\/\/www.lanacion.com.ar\/estados-unidos\/se-llevaron-a-maduro-y-a-cilia-bbc-mundo-reconstruye-la-noche-en-la-que-eeuu-bombardeo-caracas-nid11012026\/\" target=\"_self\" title=\"https:\/\/www.lanacion.com.ar\/estados-unidos\/se-llevaron-a-maduro-y-a-cilia-bbc-mundo-reconstruye-la-noche-en-la-que-eeuu-bombardeo-caracas-nid11012026\/\" class=\"com-link break-word\" data-mrf-recirculation=\"n_link_parrafo\">expulsaron al presidente Nicol\u00e1s Maduro el 3 de enero<\/a>, aunque mantuvieron a su r\u00e9gimen en el poder. Machado entreg\u00f3 la medalla a Trump como <strong>\u201cun reconocimiento a su compromiso \u00fanico con nuestra libertad\u201d,<\/strong> dijo el jueves.<\/p>\n<p class=\"com-paragraph   --s\">El Premio Nobel de la Paz es, sin duda, uno de los galardones m\u00e1s prestigiosos del mundo para los esfuerzos diplom\u00e1ticos. Es uno de los cinco premios Nobel establecidos en el testamento de <strong>Alfred Nobel<\/strong>, el inventor sueco de la dinamita, fallecido en 1896.<\/p>\n<div class=\"content-media\">\n<section role=\"button\" class=\"mod-media   \">\n<figure role=\"button\" class=\"mod-figure \"><figcaption class=\"mod-figcaption\"><span class=\"com-text --caption --twoxs\">Mar\u00eda Corina Machado saluda a seguidores en las afueras de la Casa Blanca, donde la recibi\u00f3 Donald Trump<\/span><span class=\"com-text --credit --twoxs\">BRENDAN SMIALOWSKI  &#8211; AFP <\/span><\/figcaption><\/figure>\n<\/section>\n<\/div>\n<p class=\"com-paragraph   --s\">Las decisiones del Nobel a menudo han causado enojo o desconcierto. El premio de <strong>Barack Obama<\/strong> en 2009 se produjo pocos meses despu\u00e9s de asumir su primer mandato en Estados Unidos y precedi\u00f3 a un aumento en el n\u00famero de tropas estadounidenses en Afganist\u00e1n. La birmana <strong>Aung San Suu Kyi<\/strong>, galardonada en 1991 y que encabez\u00f3 la oposici\u00f3n a la junta militar que gobernaba el pa\u00eds, fue posteriormente criticada internacionalmente por hacer muy poco para impedir la masacre militar de la minor\u00eda rohingya.<\/p>\n<p class=\"com-paragraph   --s\">M\u00e1s recientemente, el primer ministro de Etiop\u00eda, <strong>Abiy Ahmed,<\/strong> gan\u00f3 el premio en 2019 y doce meses despu\u00e9s se vio envuelto en una <strong>guerra civil<\/strong> en la regi\u00f3n de Tigray, que dej\u00f3 cientos de miles de muertos, seg\u00fan el Proyecto de la Guerra de Tigray de la Universidad de Gante.<\/p>\n<p class=\"com-paragraph   --s\">En Noruega, los pol\u00edticos no se anduvieron con rodeos al evaluar la concesi\u00f3n de la medalla. \u201cEl hecho de que Trump acepte la medalla dice mucho de \u00e9l: un <strong>cl\u00e1sico fanfarr\u00f3n <\/strong>que busca engalanarse con los premios y el trabajo de otros\u00bb, dijo <strong>Trygve Slagsvold Vedum,<\/strong> exministro de finanzas y l\u00edder del Partido del Centro.<\/p>\n<p class=\"com-paragraph   --s\"><strong>Kirsti Bergsto,<\/strong> l\u00edder de la Izquierda Socialista, calific\u00f3 la medida de <strong>\u201cabsurda y sin sentido\u201d.<\/strong><\/p>\n<div class=\"content-media\">\n<section role=\"button\" class=\"mod-media   \">\n<figure role=\"button\" class=\"mod-figure \"><figcaption class=\"mod-figcaption\"><span class=\"com-text --caption --twoxs\">Mar\u00eda Corina Machado saluda en el Grand Hotel de Oslo, en diciembre de 2025 <\/span><span class=\"com-text --credit --twoxs\">ODD ANDERSEN &#8211; AFP<\/span><\/figcaption><\/figure>\n<\/section>\n<\/div>\n<p class=\"com-paragraph   --s\">M\u00e1s all\u00e1 de la independencia del <strong>Comit\u00e9 Noruego del Nobel <\/strong>y de la ausencia de injerencia del gobierno en la decisi\u00f3n sobre el premio, existe un componente pol\u00edtico: <strong>sus cinco miembros son elegidos por el Parlamento.<\/strong> Los legisladores cambiaron los criterios para los candidatos calificados varias veces en el pasado en su intento de distanciar el premio de la pol\u00edtica.<\/p>\n<p class=\"com-paragraph   --s\">Noruega tambi\u00e9n ha tenido otro enfrentamiento con Estados Unidos este a\u00f1o. La decisi\u00f3n de vender acciones de <strong>Caterpillar Inc<\/strong> del fondo soberano de 2,1 billones de d\u00f3lares del pa\u00eds n\u00f3rdico enfureci\u00f3 a los partidarios de Trump y llev\u00f3 al gobierno a suspender el consejo de \u00e9tica que recomienda exclusiones al fondo.<\/p>\n<p class=\"com-paragraph   --s\">Las dos naciones siguen involucradas en conversaciones comerciales mientras Noruega espera reducir <strong>un arancel del 15%<\/strong> que le aplic\u00f3 la administraci\u00f3n estadounidense como parte de su programa arancelario global.<\/p>\n<p class=\"com-paragraph   --s\"><strong>\u201cEsto es incre\u00edblemente vergonzoso y perjudicial para uno de los premios m\u00e1s reconocidos e importantes del mundo\u201d, <\/strong>escribi\u00f3 en una publicaci\u00f3n en Facebook <strong>Raymond Johansen<\/strong>, exalcalde de Oslo por el gobernante Partido Laborista. \u201cLa concesi\u00f3n del premio est\u00e1 ahora tan politizada y es <strong>potencialmente tan peligrosa<\/strong> que podr\u00eda legitimar f\u00e1cilmente una evoluci\u00f3n contraria a la paz\u201d.<\/p>\n<p class=\"com-paragraph   --s\"><strong>Por Ott Ummelas y Heidi Taksdal Skjeseth<\/strong><\/p>\n<section class=\"container-center-100 mb-40 border border-bottom border-thin border-neutral-light-700\">\n<hr\/>\n<\/section>\n<\/div>\n\n","protected":false},"excerpt":{"rendered":"<p>OSLO.\u2013 Noruega reaccion\u00f3 con incredulidad ante la noticia de que la laureada con el Premio Nobel de la Paz Mar\u00eda Corina Machado entreg\u00f3 la medalla de su galard\u00f3n al presidente Donald Trump, quien desde hace tiempo ambiciona ese premio. \u201cEso es completamente inaudito\u201d, dijo a la emisora \u200b\u200bp\u00fablica NRK Janne Haaland Matlary, expol\u00edtica y profesora [&hellip;]<\/p>\n","protected":false},"author":2,"featured_media":223061,"comment_status":"closed","ping_status":"closed","sticky":false,"template":"","format":"standard","meta":{"footnotes":""},"categories":[1],"tags":[],"class_list":["post-223060","post","type-post","status-publish","format-standard","has-post-thumbnail","hentry","category-uncategorized"],"_links":{"self":[{"href":"https:\/\/radioacuariofm.com.ar\/index.php?rest_route=\/wp\/v2\/posts\/223060","targetHints":{"allow":["GET"]}}],"collection":[{"href":"https:\/\/radioacuariofm.com.ar\/index.php?rest_route=\/wp\/v2\/posts"}],"about":[{"href":"https:\/\/radioacuariofm.com.ar\/index.php?rest_route=\/wp\/v2\/types\/post"}],"author":[{"embeddable":true,"href":"https:\/\/radioacuariofm.com.ar\/index.php?rest_route=\/wp\/v2\/users\/2"}],"replies":[{"embeddable":true,"href":"https:\/\/radioacuariofm.com.ar\/index.php?rest_route=%2Fwp%2Fv2%2Fcomments&post=223060"}],"version-history":[{"count":1,"href":"https:\/\/radioacuariofm.com.ar\/index.php?rest_route=\/wp\/v2\/posts\/223060\/revisions"}],"predecessor-version":[{"id":223062,"href":"https:\/\/radioacuariofm.com.ar\/index.php?rest_route=\/wp\/v2\/posts\/223060\/revisions\/223062"}],"wp:featuredmedia":[{"embeddable":true,"href":"https:\/\/radioacuariofm.com.ar\/index.php?rest_route=\/wp\/v2\/media\/223061"}],"wp:attachment":[{"href":"https:\/\/radioacuariofm.com.ar\/index.php?rest_route=%2Fwp%2Fv2%2Fmedia&parent=223060"}],"wp:term":[{"taxonomy":"category","embeddable":true,"href":"https:\/\/radioacuariofm.com.ar\/index.php?rest_route=%2Fwp%2Fv2%2Fcategories&post=223060"},{"taxonomy":"post_tag","embeddable":true,"href":"https:\/\/radioacuariofm.com.ar\/index.php?rest_route=%2Fwp%2Fv2%2Ftags&post=223060"}],"curies":[{"name":"wp","href":"https:\/\/api.w.org\/{rel}","templated":true}]}}