{"id":223057,"date":"2026-01-16T15:29:52","date_gmt":"2026-01-16T18:29:52","guid":{"rendered":"https:\/\/radioacuariofm.com.ar\/?p=223057"},"modified":"2026-01-16T15:29:53","modified_gmt":"2026-01-16T18:29:53","slug":"el-gobierno-logro-el-superavit-financiero-por-segundo-ano-consecutivo","status":"publish","type":"post","link":"https:\/\/radioacuariofm.com.ar\/?p=223057","title":{"rendered":"El Gobierno logr\u00f3 el super\u00e1vit financiero por segundo a\u00f1o consecutivo"},"content":{"rendered":"<p><\/p>\n<div>\n<p class=\"com-paragraph  --capital --s\">El Ministerio de Econom\u00eda inform\u00f3 hoy que <strong>alcanz\u00f3 por segundo a\u00f1o consecutivo un super\u00e1vit financiero<\/strong>, una situaci\u00f3n que no se registraba desde hace m\u00e1s de una d\u00e9cada. <strong>El resultado positivo, sin embargo, fue inferior al de 2024<\/strong>, a pesar del rebote de la actividad econ\u00f3mica, <a href=\"https:\/\/www.lanacion.com.ar\/economia\/la-carga-impositiva-en-2025-fue-la-mas-baja-de-los-ultimos-19-anos-nid06012026\/\" target=\"_self\" title=\"https:\/\/www.lanacion.com.ar\/economia\/la-carga-impositiva-en-2025-fue-la-mas-baja-de-los-ultimos-19-anos-nid06012026\/\" class=\"com-link break-word\" data-mrf-recirculation=\"n_link_parrafo\">debido a una menor presi\u00f3n impositiva<\/a> tras la finalizaci\u00f3n del impuesto PAIS y la quita transitoria de las retenciones al agro.<\/p>\n<p class=\"com-paragraph   --s\">Las cuentas p\u00fablicas cerraron 2025 <strong>con un super\u00e1vit financiero de 0,2% del PBI ($1,45 billones)<\/strong>, mientras que el resultado fiscal \u2014sin contabilizar el pago de intereses de la deuda\u2014 <strong>alcanz\u00f3 el 1,4% del producto ($11,77 billones)<\/strong>. <a href=\"https:\/\/www.lanacion.com.ar\/economia\/el-gobierno-cerro-2024-con-superavit-financiero-por-primera-vez-en-16-anos-nid17012025\/\" target=\"_self\" title=\"https:\/\/www.lanacion.com.ar\/economia\/el-gobierno-cerro-2024-con-superavit-financiero-por-primera-vez-en-16-anos-nid17012025\/\" class=\"com-link break-word\" data-mrf-recirculation=\"n_link_parrafo\">En 2024, el Gobierno hab\u00eda reportado un super\u00e1vit financiero de 0,3% y un resultado fiscal positivo de 1,8%<\/a>.<\/p>\n<p class=\"com-paragraph   --s\">De esta manera, el Ejecutivo cumpli\u00f3 con la meta acordada con el <strong>Fondo Monetario Internacional (FMI)<\/strong>, que exig\u00eda un super\u00e1vit primario de 1,3% del PBI, aunque qued\u00f3 <strong>por debajo del objetivo que el propio Gobierno se hab\u00eda fijado, de 1,6%<\/strong>.<\/p>\n<p class=\"com-paragraph   --s\">\u201cPor segundo a\u00f1o consecutivo, luego de m\u00e1s de una d\u00e9cada de d\u00e9ficit financiero, en 2025 el Sector P\u00fablico Nacional acumul\u00f3 super\u00e1vit financiero. De este modo, <strong>se consolida el ancla fiscal del programa de Gobierno, incluso con la eliminaci\u00f3n de reg\u00edmenes de percepciones <\/strong>y la reducci\u00f3n de impuestos a lo largo del a\u00f1o\u201d, se\u00f1al\u00f3 el Ministerio de Econom\u00eda en un comunicado.<\/p>\n<div class=\"content-media\">\n<section role=\"button\" class=\"mod-media   \">\n<figure role=\"button\" class=\"mod-figure \"><figcaption class=\"mod-figcaption\"><span class=\"com-text --caption --twoxs\">El Presidente celebr\u00f3 el resultado fiscal y reafirm\u00f3 que el \u201cd\u00e9ficit cero\u201d se consolidar\u00e1 como una pol\u00edtica de Estado<\/span><span class=\"com-text --credit --twoxs\">Tomas Cuesta &#8211; Getty Images South America<\/span><\/figcaption><\/figure>\n<\/section>\n<\/div>\n<p class=\"com-paragraph   --s\">El a\u00f1o pasado, <a href=\"https:\/\/www.lanacion.com.ar\/economia\/la-carga-impositiva-en-2025-fue-la-mas-baja-de-los-ultimos-19-anos-nid06012026\/\" target=\"_self\" title=\"https:\/\/www.lanacion.com.ar\/economia\/la-carga-impositiva-en-2025-fue-la-mas-baja-de-los-ultimos-19-anos-nid06012026\/\" class=\"com-link break-word\" data-mrf-recirculation=\"n_link_parrafo\"><strong>el pa\u00eds tuvo la menor presi\u00f3n tributaria nacional <\/strong><\/a><strong>de los \u00faltimos 19 a\u00f1os<\/strong>, seg\u00fan estimaciones privadas. Por lo tanto, el equipo econ\u00f3mico <strong>hizo un esfuerzo mayor sobre los gastos<\/strong>, que algunos casos incluy\u00f3 demora en los pagos y menores transferencias a las provincias.<\/p>\n<p class=\"com-paragraph   --s\">\u201cEl resultado de 2025 marca la primera vez que se alcanzan<strong> dos a\u00f1os consecutivos de super\u00e1vit financiero base caja desde 2008<\/strong>, y la primera en toda la serie hist\u00f3rica que comienza en 1993 en la que <strong>se logra cumpliendo con la totalidad de los servicios de la deuda p\u00fablica <\/strong>del Sector P\u00fablico Nacional\u201d, destac\u00f3 el ministro de Econom\u00eda, Luis Caputo, en la red social X.<\/p>\n<p class=\"com-paragraph   --s\"><strong>\u201cEl ancla fiscal (d\u00e9ficit cero) es y ser\u00e1 una pol\u00edtica de Estado\u201d<\/strong>, celebr\u00f3, por su parte, el presidente Javier Milei.<\/p>\n<p class=\"com-paragraph   --s\">En la misma l\u00ednea, Mart\u00edn Vauthier, director del BICE e integrante del equipo econ\u00f3mico, dijo que \u201cel orden fiscal permiti\u00f3 bajar la inflaci\u00f3n y los impuestos, lo que <strong>fue clave para el crecimiento econ\u00f3mico y el desplome de la pobreza en los \u00faltimos dos a\u00f1os<\/strong>\u201d. Y agreg\u00f3: \u201cEs la primera vez que este resultado se alcanza no por un default o una licuaci\u00f3n, sino por una decisi\u00f3n del Presidente\u201d.<\/p>\n<p class=\"com-paragraph   --s\"><strong>La excepci\u00f3n a esta din\u00e1mica fue diciembre<\/strong>, un mes que estacionalmente registra mayores erogaciones por el pago del aguinaldo, pero que <strong>en 2025 mostr\u00f3 un incremento del gasto incluso en la comparaci\u00f3n interanual.<\/strong><\/p>\n<div class=\"content-media\">\n<section role=\"button\" class=\"mod-media   \">\n<figure role=\"button\" class=\"mod-figure \"><figcaption class=\"mod-figcaption\"><span class=\"com-text --caption --twoxs\">La menor presi\u00f3n tributaria, tras la eliminaci\u00f3n del impuesto PAIS y la reducci\u00f3n de retenciones, oblig\u00f3 al Gobierno a profundizar el ajuste sobre el gasto p\u00fablico<\/span><span class=\"com-text --credit --twoxs\">Rodrigo N\u00e9spolo<\/span><\/figcaption><\/figure>\n<\/section>\n<\/div>\n<p class=\"com-paragraph   --s\">En ese mes, los ingresos totales sumaron $12 billones, con <strong>un crecimiento nominal interanual de 22,3%, por debajo de la inflaci\u00f3n del per\u00edodo, que fue de 31,5%<\/strong>. Los recursos tributarios aumentaron 24,8%, ya que los tres impuestos de mayor peso en la recaudaci\u00f3n tambi\u00e9n crecieron menos que la variaci\u00f3n de precios. Ellos son los aportes y contribuciones a la <strong>Seguridad Social (31,1%), el impuesto a las Ganancias (28,4%) y el IVA neto de reintegros (26%)<\/strong>.<\/p>\n<p class=\"com-paragraph   --s\">Por el contrario, se destacaron por encima de la inflaci\u00f3n los ingresos provenientes del impuesto a los d\u00e9bitos y cr\u00e9ditos bancarios \u2014conocido como<strong> impuesto al cheque\u2014, que crecieron 43,3%, al igual que los derechos de importaci\u00f3n<\/strong>, con el mismo porcentaje de aumento.<\/p>\n<p class=\"com-paragraph   --s\">Desde el Gobierno explicaron que \u201cla comparaci\u00f3n interanual del total de los recursos tributarios <strong>se ve afectada por la vigencia de impuestos que fueron reducidos a lo largo de 2025<\/strong>\u201d.<\/p>\n<p class=\"com-paragraph   --s\">Del lado del gasto, <strong>los gastos primarios alcanzaron en diciembre los $14,95 billones y registraron un aumento interanual de 33,8%<\/strong>, superior tanto al crecimiento de los ingresos como a la inflaci\u00f3n. Las prestaciones sociales concentraron la mayor parte de las erogaciones, con transferencias por $10,06 billones, lo que implic\u00f3 un incremento de 39,4%. En tanto, las remuneraciones totalizaron $1,87 billones, con una suba de 14,2%.<\/p>\n<p class=\"com-paragraph   --s\">Las transferencias corrientes sumaron $4,22 billones y crecieron 29,7% interanual. Dentro de ese rubro, l<strong>as destinadas al sector privado aumentaron $870.190 millones (35,3%)<\/strong>, mientras que las transferencias al sector p\u00fablico alcanzaron los $843.172 millones, con una suba de apenas 7%.<\/p>\n<p class=\"com-paragraph   --s\">Por \u00faltimo, <strong>los subsidios econ\u00f3micos totalizaron $957.213 millones, con un crecimiento de 13,4%<\/strong>. En su interior, los subsidios energ\u00e9ticos aumentaron 12,1%, mientras que los destinados al transporte se incrementaron 19,7%.<\/p>\n<p class=\"com-paragraph   --s\">\u201cEl resultado de diciembre mostr\u00f3 ingresos creciendo por debajo de la inflaci\u00f3n y gastos por encima. El d\u00e9ficit fiscal primario m\u00e1s que se duplic\u00f3, al igual que el financiero. <strong>Bien 2025, mal diciembre<\/strong>\u201d, resumi\u00f3 el analista financiero Christian Buteler.<\/p>\n<section class=\"container-center-100 mb-40 border border-bottom border-thin border-neutral-light-700\">\n<hr\/>\n<\/section>\n<\/div>\n","protected":false},"excerpt":{"rendered":"<p>El Ministerio de Econom\u00eda inform\u00f3 hoy que alcanz\u00f3 por segundo a\u00f1o consecutivo un super\u00e1vit financiero, una situaci\u00f3n que no se registraba desde hace m\u00e1s de una d\u00e9cada. El resultado positivo, sin embargo, fue inferior al de 2024, a pesar del rebote de la actividad econ\u00f3mica, debido a una menor presi\u00f3n impositiva tras la finalizaci\u00f3n del [&hellip;]<\/p>\n","protected":false},"author":2,"featured_media":223058,"comment_status":"closed","ping_status":"closed","sticky":false,"template":"","format":"standard","meta":{"footnotes":""},"categories":[28],"tags":[],"class_list":["post-223057","post","type-post","status-publish","format-standard","has-post-thumbnail","hentry","category-economia"],"_links":{"self":[{"href":"https:\/\/radioacuariofm.com.ar\/index.php?rest_route=\/wp\/v2\/posts\/223057","targetHints":{"allow":["GET"]}}],"collection":[{"href":"https:\/\/radioacuariofm.com.ar\/index.php?rest_route=\/wp\/v2\/posts"}],"about":[{"href":"https:\/\/radioacuariofm.com.ar\/index.php?rest_route=\/wp\/v2\/types\/post"}],"author":[{"embeddable":true,"href":"https:\/\/radioacuariofm.com.ar\/index.php?rest_route=\/wp\/v2\/users\/2"}],"replies":[{"embeddable":true,"href":"https:\/\/radioacuariofm.com.ar\/index.php?rest_route=%2Fwp%2Fv2%2Fcomments&post=223057"}],"version-history":[{"count":1,"href":"https:\/\/radioacuariofm.com.ar\/index.php?rest_route=\/wp\/v2\/posts\/223057\/revisions"}],"predecessor-version":[{"id":223059,"href":"https:\/\/radioacuariofm.com.ar\/index.php?rest_route=\/wp\/v2\/posts\/223057\/revisions\/223059"}],"wp:featuredmedia":[{"embeddable":true,"href":"https:\/\/radioacuariofm.com.ar\/index.php?rest_route=\/wp\/v2\/media\/223058"}],"wp:attachment":[{"href":"https:\/\/radioacuariofm.com.ar\/index.php?rest_route=%2Fwp%2Fv2%2Fmedia&parent=223057"}],"wp:term":[{"taxonomy":"category","embeddable":true,"href":"https:\/\/radioacuariofm.com.ar\/index.php?rest_route=%2Fwp%2Fv2%2Fcategories&post=223057"},{"taxonomy":"post_tag","embeddable":true,"href":"https:\/\/radioacuariofm.com.ar\/index.php?rest_route=%2Fwp%2Fv2%2Ftags&post=223057"}],"curies":[{"name":"wp","href":"https:\/\/api.w.org\/{rel}","templated":true}]}}