{"id":222847,"date":"2026-01-14T16:50:01","date_gmt":"2026-01-14T19:50:01","guid":{"rendered":"https:\/\/radioacuariofm.com.ar\/?p=222847"},"modified":"2026-01-14T16:50:03","modified_gmt":"2026-01-14T19:50:03","slug":"delcy-rodriguez-hablo-de-un-nuevo-momento-politico-que-permitira-la-divergencia-politica-ideologica","status":"publish","type":"post","link":"https:\/\/radioacuariofm.com.ar\/?p=222847","title":{"rendered":"Delcy Rodr\u00edguez habl\u00f3 de \u201cun nuevo momento pol\u00edtico\u201d que permitir\u00e1 \u201cla divergencia pol\u00edtica ideol\u00f3gica\u201d"},"content":{"rendered":"<p> <br \/>\n<\/p>\n<div>\n<p class=\"com-paragraph  --capital --s\">CARACAS.\u2013 La presidenta interina de Venezuela,<strong> Delcy Rodr\u00edguez,<\/strong> dijo este mi\u00e9rcoles que su pa\u00eds <strong>\u201cse abre a un nuevo momento pol\u00edtico\u201d,<\/strong> en pleno proceso de excarcelaciones tras el derrocamiento de <strong>Nicol\u00e1s Maduro<\/strong> en un operativo comando estadounidense.<\/p>\n<p class=\"com-paragraph   --s\"><strong>\u201cEl mensaje es una Venezuela que se abre a un nuevo momento pol\u00edtico, que permita el entendimiento desde la divergencia y desde la diversidad pol\u00edtica ideol\u00f3gica\u201d, <\/strong>dijo Rodr\u00edguez a periodistas en el palacio presidencial de Miraflores.<\/p>\n<p class=\"com-paragraph   --s\">Este mi\u00e9rcoles se registr\u00f3 una nueva tanda de liberaciones, todos periodistas. Los excarcelados incluyen al reconocido activista opositor <strong>Roland Carre\u00f1o<\/strong>, periodista de profesi\u00f3n, y se suman a la liberaci\u00f3n de <a href=\"https:\/\/www.lanacion.com.ar\/estados-unidos\/venezuela-empezo-a-liberar-a-ciudadanos-estadounidenses-confirma-departamento-de-estado-nid13012026\/\" target=\"_self\" title=\"https:\/\/www.lanacion.com.ar\/estados-unidos\/venezuela-empezo-a-liberar-a-ciudadanos-estadounidenses-confirma-departamento-de-estado-nid13012026\/\" class=\"com-link break-word\" data-mrf-recirculation=\"n_link_parrafo\">ciudadanos estadounidenses<\/a> anunciada el martes por el Departamento de Estado.<\/p>\n<p class=\"com-paragraph   --s\">El sindicato de la prensa report\u00f3 <strong>18 liberaciones<\/strong> <strong>sobre un total de 24 periodistas detenidos, <\/strong>entre reporteros, camar\u00f3grafos, asistentes y miembros de equipos de prensa dentro de la oposici\u00f3n. <\/p>\n<div class=\"content-media\">\n<section role=\"button\" class=\"mod-media   \">\n<figure role=\"button\" class=\"mod-figure \"><figcaption class=\"mod-figcaption\"><span class=\"com-text --caption --twoxs\">Una mujer pone un cartel en la pared durante una vigilia en demanda de la liberaci\u00f3n de los presos pol\u00edticos en la c\u00e1rcel de El Helicoide<\/span><span class=\"com-text --credit --twoxs\">PEDRO MATTEY  &#8211; AFP <\/span><\/figcaption><\/figure>\n<\/section>\n<\/div>\n<p class=\"com-paragraph   --s\">El gobierno de <strong>Rodr\u00edguez<\/strong>, que asumi\u00f3 tras la ca\u00edda de <strong>Maduro<\/strong> en el operativo de extracci\u00f3n ordenado por Donald Trump, anunci\u00f3 hace casi una semana el comienzo de este proceso de excarcelaciones de presos pol\u00edticos. <\/p>\n<p class=\"com-paragraph   --s\">Las ONG de derechos humanos estiman que<a href=\"https:\/\/www.lanacion.com.ar\/el-mundo\/que-se-sabe-de-nahuel-gallo-y-la-liberacion-de-presos-politicos-en-venezuela-nid12012026\/\" target=\"_self\" title=\"https:\/\/www.lanacion.com.ar\/el-mundo\/que-se-sabe-de-nahuel-gallo-y-la-liberacion-de-presos-politicos-en-venezuela-nid12012026\/\" class=\"com-link break-word\" data-mrf-recirculation=\"n_link_parrafo\"> Venezuela tiene entre 800 y 1000 presos pol\u00edticos<\/a>. Seg\u00fan el Foro Penal y el Comit\u00e9 por la Liberaci\u00f3n de Presos Pol\u00edticos (CLIPPVE), <strong>las verificaciones independientes rondan las 70-80 liberaciones.<\/strong> La oposici\u00f3n venezolana dio cuenta de unos 100 presos pol\u00edticos liberados.<\/p>\n<p class=\"com-paragraph   --s\"><strong>\u201cAl d\u00eda de hoy podemos decir que ya van, ya suman, 406 liberaciones previstas en estos d\u00edas\u201d, <\/strong>dijo Delcy Rodr\u00edguez. Ese n\u00famero, que ya hab\u00eda sido adelantado el martes, incluye liberados desde diciembre, y ni siquiera as\u00ed se aportaron pruebas sobre la veracidad de la cifra. <\/p>\n<p class=\"com-paragraph   --s\">\u201cQueremos informar que no ha culminado a\u00fan, <strong>ese proceso se mantiene abierto<\/strong>\u201d, afirm\u00f3 la mandataria interina. Rodr\u00edguez detall\u00f3 que el proceso de excarcelaciones incluye cr\u00edmenes relacionados con \u201cel orden constitucional\u201d, as\u00ed como \u201cel odio, la violencia y la intolerancia\u201d, y no \u201cdelitos graves\u201d como homicidio y narcotr\u00e1fico.<\/p>\n<p class=\"com-paragraph   --s\">Las autoridades evitan liberaciones directamente en los penales, donde <strong>decenas de familiares se agolparon desde el 8 de enero <\/strong>con la esperanza de ver a sus seres queridos fuera de los calabozos. Los detenidos <strong>son trasladados desde los centros de reclusi\u00f3n a otros lugares para su liberaci\u00f3n,<\/strong> lejos de los lentes de la prensa.<\/p>\n<p class=\"com-paragraph   --s\">Carre\u00f1o fue liberado por ejemplo en un centro comercial. Otros dirigentes, como el excandidato presidencial <strong>Enrique M\u00e1rquez,<\/strong> fueron llevados en un patrullero de los servicios de inteligencia a su casa.<\/p>\n<p class=\"com-paragraph   --s\">\u201cCon las emociones encontradas, pero bueno, <strong>finalmente en libertad y en espera de los acontecimientos futuros,<\/strong> que no tienen que ser otros sino del encuentro, de la paz, de la reconciliaci\u00f3n\u00bb, dijo Carre\u00f1o en un video de Luis L\u00f3pez, otro periodista liberado.<\/p>\n<p class=\"com-paragraph   --s\">\u201cA\u00fan queda mucha gente todav\u00eda metida en las c\u00e1rceles y esperemos que se vayan liberando paulatinamente hasta que no quede ning\u00fan preso\u201d, a\u00f1adi\u00f3. <strong>\u201cNo es bueno ni es sano para un pa\u00eds tener presos pol\u00edticos\u201d.<\/strong><\/p>\n<p class=\"com-paragraph   --s\">Carre\u00f1o estuvo entre las m\u00e1s de 2000 personas que terminaron presas tras las protestas contra la cuestionada reelecci\u00f3n de Maduro en 2024. Integraba el partido <strong>Voluntad Popular (VP) <\/strong>y fue un cercano colaborador del exdirigente opositor <strong>Juan Guaid\u00f3,<\/strong> considerado en su momento como presidente encargado por m\u00e1s de 50 pa\u00edses que consideraron ileg\u00edtima la presidencia de Maduro. <\/p>\n<p class=\"com-paragraph   --s\">Carre\u00f1o se hab\u00eda desempe\u00f1ado antes como comentarista en un programa de opini\u00f3n del canal Globovisi\u00f3n. Estaba recluido en la c\u00e1rcel del Rodeo I, afuera de Caracas, y precis\u00f3 que fue informado de su excarcelaci\u00f3n de madrugada. Ya estuvo en prisi\u00f3n entre 2020 y 2023 <strong>acusado de \u201cterrorismo\u201d,<\/strong> y fue excarcelado en medio de negociaciones entre Venezuela y Estados Unidos camino a las elecciones presidenciales.<\/p>\n<p class=\"com-paragraph   --s\">El caso de Carre\u00f1o, en su momento, fue cuestionado por una misi\u00f3n de expertos de Naciones Unidas. El organismo internacional denunci\u00f3 <strong>cr\u00edmenes de lesa humanidad<\/strong> en Venezuela en la represi\u00f3n de las protestas.<\/p>\n<p class=\"com-paragraph   --s\">Entre los liberados est\u00e1 tambi\u00e9n <strong>Nicmer Evans<\/strong>, analista pol\u00edtico y director del medio <em>Punto de Corte<\/em>, quien ya estuvo preso en 2020 por 51 d\u00edas.<\/p>\n<div class=\"content-media\">\n<section role=\"button\" class=\"mod-media   \">\n<figure role=\"button\" class=\"mod-figure \"><figcaption class=\"mod-figcaption\"><span class=\"com-text --caption --twoxs\">El expresidente interino Juan Guaid\u00f3 (Archivo)  <\/span><span class=\"com-text --credit --twoxs\">afp  &#8211; AFP <\/span><\/figcaption><\/figure>\n<\/section>\n<\/div>\n<p class=\"com-paragraph   --s\">Los gremios period\u00edsticos celebraron estos avances como un paso importante, pero reiteraron que <strong>\u201cinformar no es delito\u201d <\/strong>y exigieron la libertad plena e inmediata de todos los periodistas y presos pol\u00edticos restantes.<\/p>\n<p class=\"com-paragraph   --s\">En lo que puede entenderse como una se\u00f1al de los nuevos tiempos en Venezuela, tambi\u00e9n fue excarcelado el joven comunicador <strong>Gabriel Gonz\u00e1lez,<\/strong> quien formaba parte del equipo de redes sociales de <strong>Mar\u00eda Corina Machado,<\/strong> durante la campa\u00f1a presidencial de 2024. <\/p>\n<p class=\"com-paragraph   --s\">Por otra parte, Washington inform\u00f3 la noche del martes que <strong>Venezuela empez\u00f3 a liberar prisioneros estadounidenses<\/strong>, sin precisar un n\u00famero: solo dijo que fue m\u00e1s de uno. <\/p>\n<p class=\"com-paragraph   --s\">\u201cSaludamos <strong>la liberaci\u00f3n de estadounidenses<\/strong> detenidos en Venezuela. Este es un paso importante en la direcci\u00f3n correcta por parte de las autoridades interinas\u00bb, declar\u00f3 un funcionario del Departamento de Estado bajo condici\u00f3n de anonimato.<\/p>\n<p class=\"com-paragraph   --s\">La administraci\u00f3n Trump ya antes consigui\u00f3 la liberaci\u00f3n de estadounidenses, <strong>en un canje que involucr\u00f3 a migrantes venezolanos detenidos en la c\u00e1rcel de m\u00e1xima seguridad Cecot<\/strong> en El Salvador.<\/p>\n<p class=\"com-paragraph   --s\">Un grupo de familiares de los <strong>200 muertos<\/strong> en las protestas de 2017 en Venezuela criticaron este mi\u00e9rcoles en Madrid la <strong>\u201clentitud\u201d<\/strong> de la Corte Penal Internacional (CPI) y pidieron agilizar la investigaci\u00f3n por cr\u00edmenes de lesa humanidad contra el gobierno de Maduro.<\/p>\n<p class=\"com-paragraph   --s\"><strong>\u201cHoy, despu\u00e9s de ocho a\u00f1os, voy a seguir gritando y exigiendo justicia por mi hijo (&#8230;) Pedimos celeridad\u201d,<\/strong> dijo Zugeimar Armas, madre de Neomar Lander, un joven de 17 a\u00f1os que result\u00f3 muerto en los disturbios en Caracas en junio de 2017.<\/p>\n<p class=\"com-paragraph   --s\"><strong>Agencias AFP, AP y ANSA<\/strong><\/p>\n<section class=\"container-center-100 mb-40 border border-bottom border-thin border-neutral-light-700\">\n<hr\/>\n<\/section>\n<\/div>\n\n","protected":false},"excerpt":{"rendered":"<p>CARACAS.\u2013 La presidenta interina de Venezuela, Delcy Rodr\u00edguez, dijo este mi\u00e9rcoles que su pa\u00eds \u201cse abre a un nuevo momento pol\u00edtico\u201d, en pleno proceso de excarcelaciones tras el derrocamiento de Nicol\u00e1s Maduro en un operativo comando estadounidense. \u201cEl mensaje es una Venezuela que se abre a un nuevo momento pol\u00edtico, que permita el entendimiento desde [&hellip;]<\/p>\n","protected":false},"author":2,"featured_media":222848,"comment_status":"closed","ping_status":"closed","sticky":false,"template":"","format":"standard","meta":{"footnotes":""},"categories":[1],"tags":[],"class_list":["post-222847","post","type-post","status-publish","format-standard","has-post-thumbnail","hentry","category-uncategorized"],"_links":{"self":[{"href":"https:\/\/radioacuariofm.com.ar\/index.php?rest_route=\/wp\/v2\/posts\/222847","targetHints":{"allow":["GET"]}}],"collection":[{"href":"https:\/\/radioacuariofm.com.ar\/index.php?rest_route=\/wp\/v2\/posts"}],"about":[{"href":"https:\/\/radioacuariofm.com.ar\/index.php?rest_route=\/wp\/v2\/types\/post"}],"author":[{"embeddable":true,"href":"https:\/\/radioacuariofm.com.ar\/index.php?rest_route=\/wp\/v2\/users\/2"}],"replies":[{"embeddable":true,"href":"https:\/\/radioacuariofm.com.ar\/index.php?rest_route=%2Fwp%2Fv2%2Fcomments&post=222847"}],"version-history":[{"count":1,"href":"https:\/\/radioacuariofm.com.ar\/index.php?rest_route=\/wp\/v2\/posts\/222847\/revisions"}],"predecessor-version":[{"id":222849,"href":"https:\/\/radioacuariofm.com.ar\/index.php?rest_route=\/wp\/v2\/posts\/222847\/revisions\/222849"}],"wp:featuredmedia":[{"embeddable":true,"href":"https:\/\/radioacuariofm.com.ar\/index.php?rest_route=\/wp\/v2\/media\/222848"}],"wp:attachment":[{"href":"https:\/\/radioacuariofm.com.ar\/index.php?rest_route=%2Fwp%2Fv2%2Fmedia&parent=222847"}],"wp:term":[{"taxonomy":"category","embeddable":true,"href":"https:\/\/radioacuariofm.com.ar\/index.php?rest_route=%2Fwp%2Fv2%2Fcategories&post=222847"},{"taxonomy":"post_tag","embeddable":true,"href":"https:\/\/radioacuariofm.com.ar\/index.php?rest_route=%2Fwp%2Fv2%2Ftags&post=222847"}],"curies":[{"name":"wp","href":"https:\/\/api.w.org\/{rel}","templated":true}]}}