{"id":222670,"date":"2026-01-13T11:06:08","date_gmt":"2026-01-13T14:06:08","guid":{"rendered":"https:\/\/radioacuariofm.com.ar\/?p=222670"},"modified":"2026-01-13T11:06:08","modified_gmt":"2026-01-13T14:06:08","slug":"cuatro-riesgos-que-enfrentara-javier-milei-este-ano","status":"publish","type":"post","link":"https:\/\/radioacuariofm.com.ar\/?p=222670","title":{"rendered":"Cuatro riesgos que enfrentar\u00e1 Javier Milei este a\u00f1o"},"content":{"rendered":"<p><\/p>\n<div>\n<p class=\"com-paragraph  --capital --s\">Javier Milei comienza 2026 con el desaf\u00edo de evitar que la econom\u00eda experimente un escenario negativo en el tercer a\u00f1o de gesti\u00f3n, un proceso que s\u00ed vivieron los \u00faltimos dos presidentes. El libertario vivi\u00f3 el suyo en 2025, en la previa de las elecciones legislativas, pero un salvataje del Tesoro estadounidense le permiti\u00f3 superar la crisis y estabilizar las variables tras su triunfo en las urnas.<\/p>\n<p class=\"com-paragraph   --s\">Sin comicios hasta 2027, lo que viene incluye retos como<strong> la recomposici\u00f3n de las reservas del Banco Central<\/strong>, la <strong>recuperaci\u00f3n de los ingresos y el empleo <\/strong>y el <strong>crecimiento de la econom\u00eda<\/strong>, en un escenario que enfrenta amenazas locales y externas. <\/p>\n<p class=\"com-paragraph   --s\">En los \u00faltimos a\u00f1os, el petr\u00f3leo se sum\u00f3 a la soja como otra de las commodities exportables claves del pa\u00eds. Hoy, ambas constituyen dos de los principales complejos generadores de divisas y comparten un escenario de bajos precios en el mercado internacional.<\/p>\n<p class=\"com-paragraph   --s\">Por el lado de la <a href=\"https:\/\/www.lanacion.com.ar\/economia\/campo\/momento-clave-lo-que-viene-para-los-precios-internacionales-de-los-granos-nid14122025\/\" target=\"_self\" title=\"https:\/\/www.lanacion.com.ar\/economia\/campo\/momento-clave-lo-que-viene-para-los-precios-internacionales-de-los-granos-nid14122025\/\" class=\"com-link break-word\" data-mrf-recirculation=\"n_link_parrafo\"><strong>soja \u2013y otros productos como el ma\u00edz y el trigo-, analistas dan cuenta de cosechas altas<\/strong><\/a> que incrementaron la oferta mundial. De todas maneras, la perspectiva para el pa\u00eds es que la cosecha local sea fuerte (alrededor de 50 millones de toneladas), con un ingreso de alrededor de US$200.000 millones.<\/p>\n<div class=\"content-media\">\n<section role=\"button\" class=\"mod-media   \">\n<figure role=\"button\" class=\"mod-figure \"><figcaption class=\"mod-figcaption\"><span class=\"com-text --caption --twoxs\">Cocecha de soja de segunda zona de Monte Buey, Cordoba<\/span><\/figcaption><\/figure>\n<\/section>\n<\/div>\n<p class=\"com-paragraph   --s\">El precio del petr\u00f3leo atraviesa un escenario similar, con proyecciones bajistas que se potenciaron tras <strong>la intervenci\u00f3n militar de Donald Trump en Venezuela<\/strong>. Sus planes de ampliar la producci\u00f3n y oferta de crudo, manejado por su gobierno, suman una presi\u00f3n bajista al mercado. Por caso, el petr\u00f3leo Brent \u2013referencia local- est\u00e1 un 7% menos que hace un a\u00f1o.<\/p>\n<p class=\"com-paragraph   --s\">\u201cHabiendo desaparecido varios riesgos geopol\u00edticos de 2025, los precios de las materias primas est\u00e1n yendo para abajo. En promedio, la soja y el petr\u00f3leo perdieron entre 6% y 8%. Entonces las exportaciones no van a crecer. Si bien van a ser m\u00e1s en cantidad, va a caer el precio medio, entonces no van a ser m\u00e1s d\u00f3lares\u201d, explic\u00f3 el economista Sebasti\u00e1n Menescaldi, director asociado en EcoGo, sobre el flujo de divisas disponible y su impacto sobre las reservas del BCRA.<\/p>\n<p class=\"com-paragraph   --s\">Sobre fin de a\u00f1o, la pol\u00edtica estadounidense podr\u00eda generar consecuencias sobre la econom\u00eda local. El 3 de noviembre, en ese pa\u00eds se har\u00e1n las elecciones de medio t\u00e9rmino, en las que adem\u00e1s de senadores y representantes, se votar\u00e1n gobernadores en 36 estados. M\u00e1s all\u00e1 de los nombres propios, ese resultado ser\u00e1 una referencia de<strong> la fortaleza de Donald Trump<\/strong> y del <strong>respaldo ciudadano a sus pol\u00edticas.<\/strong><\/p>\n<p class=\"com-paragraph   --s\">Cruzado por internas dentro de su partido, que se pusieron en evidencia en el shutdown del gobierno en 2025, Trump tambi\u00e9n se vio debilitado por derrotas en elecciones de fuerte impacto simb\u00f3lico,<strong> como las de la alcald\u00eda en Nueva York.<\/strong> Y si bien a\u00fan falta casi un a\u00f1o para las elecciones, hay encuestas que ya muestran una ca\u00edda en su imagen y una posible p\u00e9rdida del control de la C\u00e1mara de Representantes para los republicanos.<\/p>\n<div class=\"content-media\">\n<section role=\"button\" class=\"mod-media   \">\n<figure role=\"button\" class=\"mod-figure \"><figcaption class=\"mod-figcaption\"><span class=\"com-text --caption --twoxs\">Javier Milei y Donald Trump<\/span><span class=\"com-text --credit --twoxs\">Evan Vucci &#8211; AP<\/span><\/figcaption><\/figure>\n<\/section>\n<\/div>\n<p class=\"com-paragraph   --s\">\u201cLos datos de crecimiento econ\u00f3mico parecen avalar a Trump, pero hay p\u00e9rdida de empleos industriales a partir de la implementaci\u00f3n de sus aranceles, adem\u00e1s de un empeoramiento de la confianza del consumidor. Son datos que muestran que la sociedad no est\u00e1 todav\u00eda satisfecha con la econom\u00eda y se a\u00f1aden a sus intervenciones en el exterior\u201d, afirm\u00f3 el economista Mart\u00edn Kalos.<\/p>\n<p class=\"com-paragraph   --s\">En esa din\u00e1mica tambi\u00e9n se incluye la intervenci\u00f3n de Trump y su salvataje financiero hacia el gobierno de Milei: la compra de pesos y la activaci\u00f3n del swap sostuvieron al gobierno libertario antes de las elecciones, pero tuvieron rechazo y costo pol\u00edtico para el republicano entre la oposici\u00f3n dem\u00f3crata y parte de su base electoral.<\/p>\n<p class=\"com-paragraph   --s\">El avance en las negociaciones por el acuerdo de libre comercio es otro factor pendiente en el v\u00ednculo bilateral, que incluy\u00f3 m\u00e1s anuncios que concreciones. Y si bien <strong>el mercado no contempla el fin de ese apoyo, <\/strong>un resultado adverso para <strong>Trump podr\u00eda limitar el margen de sus iniciativas y la profundidad de su chequera.<\/strong><\/p>\n<p class=\"com-paragraph   --s\">En octubre, el mayor pa\u00eds de Am\u00e9rica Latina elegir\u00e1 presidente, con Lula que buscar\u00e1 su reelecci\u00f3n y Fl\u00e1vio Bolsonaro (hijo del expresidente Jair) como principal rival. M\u00e1s all\u00e1 de la cuesti\u00f3n pol\u00edtica, esta elecci\u00f3n tambi\u00e9n tendr\u00e1 impacto econ\u00f3mico en el pa\u00eds y en la regi\u00f3n.<\/p>\n<p class=\"com-paragraph   --s\">Brasil es el principal socio comercial argentino. Seg\u00fan datos del Indec, hasta noviembre (\u00faltimo dato disponible), el pa\u00eds export\u00f3 en 2025 unos US$11.757 millones, e import\u00f3 US$17.286 millones, con peso relevante de bienes industriales como veh\u00edculos (pick-ups), alimentos y commodities agr\u00edcolas. Tambi\u00e9n es relevante el sector de servicios, especialmente vinculado al turismo, con m\u00e1s de tres millones de argentinos que viajaron a Brasil y alimentan la salida de d\u00f3lares del BCRA.<\/p>\n<div class=\"content-media\">\n<section role=\"button\" class=\"mod-media   \">\n<figure role=\"button\" class=\"mod-figure \"><figcaption class=\"mod-figcaption\"><span class=\"com-text --caption --twoxs\">Luiz Inacio Lula da Silva<\/span><span class=\"com-text --credit --twoxs\">EVARISTO SA  &#8211; AFP <\/span><\/figcaption><\/figure>\n<\/section>\n<\/div>\n<p class=\"com-paragraph   --s\">Un escenario de incertidumbre pol\u00edtica podr\u00eda implicar volatilidad en el tipo de cambio entre el peso y el real brasile\u00f1o y afectar la competitividad de la econom\u00eda argentina.<\/p>\n<p class=\"com-paragraph   --s\">\u201cCon Brasil siempre nos complica m\u00e1s su nivel de actividad. El tipo de cambio es para el flujo tur\u00edstico, no tanto para el comercio de bienes. Y si Brasil no crece, con una econom\u00eda local que no pasa un buen momento, nos afecta bastante m\u00e1s\u201d, completa Caama\u00f1o.<\/p>\n<p class=\"com-paragraph   --s\">En ese contexto internacional, la presi\u00f3n estar\u00e1 sobre la continuidad del esquema cambiario del Gobierno y la disponibilidad de d\u00f3lares. Incumplida la meta de reservas con el FMI para 2025, el desaf\u00edo para la gesti\u00f3n econ\u00f3mica estar\u00e1 en los sucesivos pagos de deuda en 2026, que suman m\u00e1s de US$18.000 millones entre organismos y el sector privado, mientras sostiene el esquema de flotaci\u00f3n con l\u00edmites que se indexan con la inflaci\u00f3n.<\/p>\n<p class=\"com-paragraph   --s\">\u201cHoy el riesgo es que el flujo financiero depende del humor externo. El principal es que el Gobierno haga todos los esfuerzos, pero no le alcance para recuperar el acceso al mercado externo\u201d, dijo Menescaldi.<\/p>\n<div class=\"content-media\">\n<section role=\"button\" class=\"mod-media   \">\n<figure role=\"button\" class=\"mod-figure \"><figcaption class=\"mod-figcaption\"><span class=\"com-text --caption --twoxs\">La sede del Banco Central.<\/span><span class=\"com-text --credit --twoxs\">TWITTER \/ MARIANAKBOOM &#8211; TWITTER \/ MARIANAKBOOM<\/span><\/figcaption><\/figure>\n<\/section>\n<\/div>\n<p class=\"com-paragraph   --s\">El escenario muestra dos realidades, con el sector privado y las provincias consiguiendo financiamiento, mientras el Gobierno debi\u00f3 apelar a un REPO para afrontar vencimientos. La apuesta oficial es la reactivaci\u00f3n del RIGI.<\/p>\n<p class=\"com-paragraph   --s\">\u201cEl financiamiento es un riesgo. El programa lo necesita para avanzar en el saneamiento del balance del BCRA y recomponer reservas. Sin una compresi\u00f3n adicional del riesgo, el margen financiero sigue siendo limitado\u201d, afirm\u00f3 Milagros Gismondi, economista de Invecq, y complet\u00f3: \u201cEl segundo riesgo es el pol\u00edtico. Tras las elecciones, la posici\u00f3n del Gobierno es m\u00e1s s\u00f3lida, pero el desaf\u00edo es sostener esa percepci\u00f3n y evitar que el mercado anticipe una din\u00e1mica electoral rumbo a 2027. El timing es clave\u201d.<\/p>\n<section class=\"container-center-100 mb-40 border border-bottom border-thin border-neutral-light-700\">\n<hr\/>\n<\/section>\n<\/div>\n","protected":false},"excerpt":{"rendered":"<p>Javier Milei comienza 2026 con el desaf\u00edo de evitar que la econom\u00eda experimente un escenario negativo en el tercer a\u00f1o de gesti\u00f3n, un proceso que s\u00ed vivieron los \u00faltimos dos presidentes. El libertario vivi\u00f3 el suyo en 2025, en la previa de las elecciones legislativas, pero un salvataje del Tesoro estadounidense le permiti\u00f3 superar la [&hellip;]<\/p>\n","protected":false},"author":2,"featured_media":145086,"comment_status":"closed","ping_status":"closed","sticky":false,"template":"","format":"standard","meta":{"footnotes":""},"categories":[28],"tags":[],"class_list":["post-222670","post","type-post","status-publish","format-standard","has-post-thumbnail","hentry","category-economia"],"_links":{"self":[{"href":"https:\/\/radioacuariofm.com.ar\/index.php?rest_route=\/wp\/v2\/posts\/222670","targetHints":{"allow":["GET"]}}],"collection":[{"href":"https:\/\/radioacuariofm.com.ar\/index.php?rest_route=\/wp\/v2\/posts"}],"about":[{"href":"https:\/\/radioacuariofm.com.ar\/index.php?rest_route=\/wp\/v2\/types\/post"}],"author":[{"embeddable":true,"href":"https:\/\/radioacuariofm.com.ar\/index.php?rest_route=\/wp\/v2\/users\/2"}],"replies":[{"embeddable":true,"href":"https:\/\/radioacuariofm.com.ar\/index.php?rest_route=%2Fwp%2Fv2%2Fcomments&post=222670"}],"version-history":[{"count":1,"href":"https:\/\/radioacuariofm.com.ar\/index.php?rest_route=\/wp\/v2\/posts\/222670\/revisions"}],"predecessor-version":[{"id":222671,"href":"https:\/\/radioacuariofm.com.ar\/index.php?rest_route=\/wp\/v2\/posts\/222670\/revisions\/222671"}],"wp:featuredmedia":[{"embeddable":true,"href":"https:\/\/radioacuariofm.com.ar\/index.php?rest_route=\/wp\/v2\/media\/145086"}],"wp:attachment":[{"href":"https:\/\/radioacuariofm.com.ar\/index.php?rest_route=%2Fwp%2Fv2%2Fmedia&parent=222670"}],"wp:term":[{"taxonomy":"category","embeddable":true,"href":"https:\/\/radioacuariofm.com.ar\/index.php?rest_route=%2Fwp%2Fv2%2Fcategories&post=222670"},{"taxonomy":"post_tag","embeddable":true,"href":"https:\/\/radioacuariofm.com.ar\/index.php?rest_route=%2Fwp%2Fv2%2Ftags&post=222670"}],"curies":[{"name":"wp","href":"https:\/\/api.w.org\/{rel}","templated":true}]}}