{"id":222661,"date":"2026-01-13T10:12:36","date_gmt":"2026-01-13T13:12:36","guid":{"rendered":"https:\/\/radioacuariofm.com.ar\/?p=222661"},"modified":"2026-01-13T10:12:37","modified_gmt":"2026-01-13T13:12:37","slug":"salud-concientiza-y-promueve-la-atencion-profesional-en-el-dia-mundial-contra-la-depresion","status":"publish","type":"post","link":"https:\/\/radioacuariofm.com.ar\/?p=222661","title":{"rendered":"Salud concientiza y promueve la atenci\u00f3n profesional en el d\u00eda mundial contra la depresi\u00f3n"},"content":{"rendered":"<p><\/p>\n<div>\n<p>En el marco del D\u00eda Mundial de la Lucha contra la Depresi\u00f3n, el Ministerio de Salud refuerza la importancia de concientizar sobre esta enfermedad y promover la b\u00fasqueda de ayuda profesional como un paso fundamental para mejorar la calidad de vida.<\/p>\n<p>La Organizaci\u00f3n Mundial de la Salud advierte que la depresi\u00f3n es una de las enfermedades mentales m\u00e1s comunes y puede impactar de forma profunda en la vida cotidiana, el bienestar emocional y la salud integral de quienes la padecen.<\/p>\n<p>La depresi\u00f3n es una enfermedad frecuente pero grave que puede afectar de manera significativa la vida diaria de las personas. Interfiere en la capacidad de trabajar, estudiar, dormir, alimentarse y disfrutar de las actividades cotidianas, impactando tanto en quien la padece como en su entorno familiar y social.<\/p>\n<p>Entre las principales manifestaciones se encuentran la tristeza persistente o sensaci\u00f3n de vac\u00edo, la p\u00e9rdida de inter\u00e9s o placer por actividades habituales, el cansancio constante, las dificultades para dormir o el exceso de sue\u00f1o, los cambios en el apetito, as\u00ed como el aislamiento, la irritabilidad y los sentimientos de culpa. Reconocer estas se\u00f1ales a tiempo resulta clave para iniciar un abordaje adecuado.<\/p>\n<p>Desde el Ministerio de Salud se destaca el rol fundamental de la familia y las personas cercanas, quienes pueden brindar un apoyo significativo estando presentes, ofreciendo ayuda concreta como acompa\u00f1ar a una consulta o compartir tiempo, mostrando comprensi\u00f3n y paciencia.<\/p>\n<p>La depresi\u00f3n se puede tratar, con acompa\u00f1amiento profesional, apoyo y tiempo, es posible mejorar la calidad de vida. En este sentido, la cartera recuerda que pedir ayuda es un acto de cuidado y responsabilidad hacia la propia salud. E invita a la comunidad a hablar de salud mental, derribar estigmas y fortalecer una red de contenci\u00f3n que promueva el bienestar integral de toda la poblaci\u00f3n.<\/p>\n<\/p><\/div>\n<p><script async defer crossorigin=\"anonymous\" src=\"https:\/\/connect.facebook.net\/es_ES\/sdk.js#xfbml=1&#038;version=v3.3\"><\/script><\/p>\n","protected":false},"excerpt":{"rendered":"<p>En el marco del D\u00eda Mundial de la Lucha contra la Depresi\u00f3n, el Ministerio de Salud refuerza la importancia de concientizar sobre esta enfermedad y promover la b\u00fasqueda de ayuda profesional como un paso fundamental para mejorar la calidad de vida. La Organizaci\u00f3n Mundial de la Salud advierte que la depresi\u00f3n es una de las [&hellip;]<\/p>\n","protected":false},"author":2,"featured_media":222662,"comment_status":"closed","ping_status":"closed","sticky":false,"template":"","format":"standard","meta":{"footnotes":""},"categories":[27],"tags":[],"class_list":["post-222661","post","type-post","status-publish","format-standard","has-post-thumbnail","hentry","category-san-juan"],"_links":{"self":[{"href":"https:\/\/radioacuariofm.com.ar\/index.php?rest_route=\/wp\/v2\/posts\/222661","targetHints":{"allow":["GET"]}}],"collection":[{"href":"https:\/\/radioacuariofm.com.ar\/index.php?rest_route=\/wp\/v2\/posts"}],"about":[{"href":"https:\/\/radioacuariofm.com.ar\/index.php?rest_route=\/wp\/v2\/types\/post"}],"author":[{"embeddable":true,"href":"https:\/\/radioacuariofm.com.ar\/index.php?rest_route=\/wp\/v2\/users\/2"}],"replies":[{"embeddable":true,"href":"https:\/\/radioacuariofm.com.ar\/index.php?rest_route=%2Fwp%2Fv2%2Fcomments&post=222661"}],"version-history":[{"count":1,"href":"https:\/\/radioacuariofm.com.ar\/index.php?rest_route=\/wp\/v2\/posts\/222661\/revisions"}],"predecessor-version":[{"id":222663,"href":"https:\/\/radioacuariofm.com.ar\/index.php?rest_route=\/wp\/v2\/posts\/222661\/revisions\/222663"}],"wp:featuredmedia":[{"embeddable":true,"href":"https:\/\/radioacuariofm.com.ar\/index.php?rest_route=\/wp\/v2\/media\/222662"}],"wp:attachment":[{"href":"https:\/\/radioacuariofm.com.ar\/index.php?rest_route=%2Fwp%2Fv2%2Fmedia&parent=222661"}],"wp:term":[{"taxonomy":"category","embeddable":true,"href":"https:\/\/radioacuariofm.com.ar\/index.php?rest_route=%2Fwp%2Fv2%2Fcategories&post=222661"},{"taxonomy":"post_tag","embeddable":true,"href":"https:\/\/radioacuariofm.com.ar\/index.php?rest_route=%2Fwp%2Fv2%2Ftags&post=222661"}],"curies":[{"name":"wp","href":"https:\/\/api.w.org\/{rel}","templated":true}]}}