{"id":221737,"date":"2026-01-04T21:53:23","date_gmt":"2026-01-05T00:53:23","guid":{"rendered":"https:\/\/radioacuariofm.com.ar\/?p=221737"},"modified":"2026-01-04T21:53:24","modified_gmt":"2026-01-05T00:53:24","slug":"advertencias-rechazos-y-cumbres-de-urgencia-tras-la-intervencion-en-venezuela","status":"publish","type":"post","link":"https:\/\/radioacuariofm.com.ar\/?p=221737","title":{"rendered":"Advertencias, rechazos y cumbres de urgencia tras la intervenci\u00f3n en Venezuela"},"content":{"rendered":"<p> <br \/>\n<\/p>\n<div>\n<p class=\"com-paragraph  --capital --s\">CARACAS.\u2013 A medida que la comunidad internacional contin\u00faa pronunci\u00e1ndose sobre el <a href=\"https:\/\/www.lanacion.com.ar\/estados-unidos\/eeuu-avala-que-la-vicepresidenta-de-maduro-asuma-el-poder-pero-bajo-su-tutela-nid04012026\/\" target=\"_self\" title=\"https:\/\/www.lanacion.com.ar\/estados-unidos\/eeuu-avala-que-la-vicepresidenta-de-maduro-asuma-el-poder-pero-bajo-su-tutela-nid04012026\/\" class=\"com-link break-word\" data-mrf-recirculation=\"n_link_parrafo\">operativo militar con el que Estados Unidos<\/a> captur\u00f3 al presidente venezolano <strong>Nicol\u00e1s Maduro <\/strong>y a su esposa, Cilia Flores, <strong>Brasil, Chile, Colombia, M\u00e9xico, Uruguay y Espa\u00f1a<\/strong> rechazaron ayer \u201c<strong>cualquier intento de control gubernamental, de administraci\u00f3n o de apropiaci\u00f3n externa de los recursos naturales o estrat\u00e9gicos<\/strong>\u201d de Venezuela. La posici\u00f3n fue expresada en un comunicado conjunto difundido por la Canciller\u00eda de Colombia, que busc\u00f3 fijar un l\u00edmite expl\u00edcito frente a la posibilidad de una tutela extranjera sobre el pa\u00eds sudamericano.<\/p>\n<p class=\"com-paragraph   --s\">El pronunciamiento se conoci\u00f3 mientras Maduro y su esposa <a href=\"https:\/\/www.lanacion.com.ar\/el-mundo\/celdas-heladas-presos-celebres-y-gusanos-en-la-comida-como-es-el-centro-de-detencion-metropolitano-nid04012026\/\" target=\"_self\" title=\"https:\/\/www.lanacion.com.ar\/el-mundo\/celdas-heladas-presos-celebres-y-gusanos-en-la-comida-como-es-el-centro-de-detencion-metropolitano-nid04012026\/\" class=\"com-link break-word\" data-mrf-recirculation=\"n_link_parrafo\">permanecen detenidos en Nueva York<\/a>, a la espera de ser presentados ante la Justicia estadounidense, y en un contexto de creciente inquietud regional por el precedente que podr\u00eda sentar la acci\u00f3n militar norteamericana. Los seis gobiernos advirtieron que <strong>l<\/strong>a incursi\u00f3n y las declaraciones posteriores del presidente Donald Trump podr\u00edan<strong> abrir un escenario de inestabilidad pol\u00edtica, jur\u00eddica y de seguridad en Am\u00e9rica Latina<\/strong>, en especial si Washington avanza en su idea de \u201cgobernar\u201d Venezuela durante un per\u00edodo de transici\u00f3n.<\/p>\n<p class=\"com-paragraph   --s\">En el comunicado, los pa\u00edses expresaron su \u201cprofunda preocupaci\u00f3n y rechazo frente a las acciones militares ejecutadas unilateralmente\u201d en territorio venezolano, las cuales \u201c<strong>contravienen principios fundamentales del derecho internaciona<\/strong>l\u201d. Adem\u00e1s, denunciaron que dicho actuar constituye un <strong>\u201cprecedente sumamente peligroso<\/strong>\u201d para la paz y la seguridad regional, y pone en riesgo a la poblaci\u00f3n civil.<\/p>\n<p class=\"com-paragraph   --s\">Esa preocupaci\u00f3n se vio reforzada por las afirmaciones de Trump sobre el petr\u00f3leo venezolano, al que defini\u00f3 como un objetivo estrat\u00e9gico central de su pol\u00edtica hacia Caracas. Venezuela posee las mayores reservas probadas de crudo del mundo, y el \u00e9nfasis puesto por la Casa Blanca en ese recurso encendi\u00f3 alarmas en varias capitales de la regi\u00f3n, donde se teme que la intervenci\u00f3n siente un precedente de apropiaci\u00f3n de activos estrat\u00e9gicos bajo el argumento de restaurar el orden democr\u00e1tico o combatir el narcotr\u00e1fico.<\/p>\n<p class=\"com-paragraph   --s\">Mientras tanto, el chavismo respondi\u00f3 con la <a href=\"https:\/\/www.lanacion.com.ar\/estados-unidos\/por-que-trump-acepto-a-una-leal-a-maduro-como-nuevo-lider-de-venezuela-y-desecho-a-machado-nid04012026\/\" target=\"_self\" title=\"https:\/\/www.lanacion.com.ar\/estados-unidos\/por-que-trump-acepto-a-una-leal-a-maduro-como-nuevo-lider-de-venezuela-y-desecho-a-machado-nid04012026\/\" class=\"com-link break-word\" data-mrf-recirculation=\"n_link_parrafo\"><strong>designaci\u00f3n de la exvicepresidenta Delcy Rodr\u00edguez<\/strong><\/a><strong> <\/strong>como presidenta interina, en un intento por exhibir continuidad institucional y preservar el control interno del aparato del Estado. Sin embargo, la falta de reconocimiento internacional, sumada a la ambig\u00fcedad de las se\u00f1ales enviadas desde Washington sobre el alcance real de su control, profundiz\u00f3 el clima de incertidumbre pol\u00edtica.<\/p>\n<p class=\"com-paragraph   --s\">La Uni\u00f3n Europea (UE) tambi\u00e9n fij\u00f3 posici\u00f3n. <strong>En una declaraci\u00f3n respaldada por 26 Estados miembros \u2013todos excepto Hungr\u00eda\u2013, el bloque pidi\u00f3 que se respete la voluntad del pueblo venezolano<\/strong> y sostuvo que ese es \u201cel \u00fanico medio para resolver la crisis\u201d. El texto busc\u00f3 marcar un delicado equilibrio: desconocer la legitimidad democr\u00e1tica de Maduro, pero rechazar cualquier soluci\u00f3n unilateral que vulnere la soberan\u00eda venezolana o el derecho internacional.<\/p>\n<p class=\"com-paragraph   --s\">La jefa de la diplomacia europea, <strong>Kaja Kallas<\/strong>, llam\u00f3 \u201c<strong>a todos los actores a mostrar calma y moderaci\u00f3n<\/strong>\u201d para evitar una escalada del conflicto. \u201cRespetar la voluntad del pueblo venezolano sigue siendo el \u00fanico camino para restablecer la democracia y superar la crisis actual\u201d, afirm\u00f3. El mensaje tambi\u00e9n apunt\u00f3 a evitar fisuras dentro del propio bloque europeo, donde algunos gobiernos temen que la acci\u00f3n estadounidense reactive l\u00f3gicas de confrontaci\u00f3n propias de la Guerra Fr\u00eda.<\/p>\n<p class=\"com-paragraph   --s\">El comunicado europeo record\u00f3 que \u201c<strong>en toda circunstancia deben respetarse los principios del derecho internacional y la Carta de las Naciones Unidas<\/strong>\u201d y subray\u00f3 que los miembros del Consejo de Seguridad tienen una \u201cresponsabilidad particular\u201d en la defensa de esos principios, considerados pilares de la arquitectura de seguridad global. Adem\u00e1s, reiter\u00f3 el <strong>apoyo a una transici\u00f3n democr\u00e1tica \u201cliderada por los venezolanos y respetuosa de la soberan\u00eda del pa\u00eds<\/strong>\u201d, y reclam\u00f3 la liberaci\u00f3n inmediata e incondicional de todos los presos pol\u00edticos.<\/p>\n<p class=\"com-paragraph   --s\">Desde el Vaticano, el papa <strong>Le\u00f3n XIV<\/strong> sum\u00f3 una voz de fuerte peso simb\u00f3lico. Tras la oraci\u00f3n del \u00c1ngelus en la Plaza de San Pedro, afirm\u00f3 que \u201cel bienestar del querido pueblo venezolano debe prevalecer sobre cualquier otra consideraci\u00f3n\u201d y llam\u00f3 a garantizar la soberan\u00eda del pa\u00eds. \u201c<strong>Ese bienestar debe conducir a la superaci\u00f3n de la violencia y a la apertura de caminos de justicia y paz<\/strong>\u201d, sostuvo el pont\u00edfice, en un mensaje destinado a bajar la intensidad de la confrontaci\u00f3n internacional.<\/p>\n<div class=\"content-media\">\n<section role=\"button\" class=\"mod-media   \">\n<figure role=\"button\" class=\"mod-figure \"><figcaption class=\"mod-figcaption\"><span class=\"com-text --caption --twoxs\">El papa Le\u00f3n XIV saluda durante la oraci\u00f3n del \u00c1ngelus del mediod\u00eda desde la ventana de su estudio, con vista a la Plaza de San Pedro, en el Vaticano, el domingo 4 de enero de 2026<\/span><span class=\"com-text --credit --twoxs\">Alessandra Tarantino  &#8211; AP <\/span><\/figcaption><\/figure>\n<\/section>\n<\/div>\n<p class=\"com-paragraph   --s\">En el plano multilateral, la <strong>Organizaci\u00f3n de Estados Americanos (OEA)<\/strong> anunci\u00f3 la convocatoria a un Consejo Permanente extraordinario para el martes, a pedido de Colombia, actual presidente del organismo. Aunque Venezuela abandon\u00f3 formalmente la OEA en 2017, la oposici\u00f3n desconoci\u00f3 esa decisi\u00f3n y el organismo con sede en Washington sigue considerando al pa\u00eds como miembro pleno. El Consejo Permanente ya hab\u00eda rechazado las elecciones presidenciales de 2024, que Maduro asegura haber ganado y que la oposici\u00f3n venezolana y amplios sectores de la comunidad internacional califican como fraudulentas.<\/p>\n<p class=\"com-paragraph   --s\">El secretario general de la OEA, <strong>Albert Ramdin<\/strong>, volvi\u00f3 a pedir una \u201csalida pac\u00edfica y negociada\u201d a la crisis, mientras el <strong>Consejo de Seguridad de las Naciones Unidas<\/strong> debatir\u00e1 el caso de urgencia este lunes. Se anticipa una sesi\u00f3n tensa, marcada por el choque entre Estados Unidos y sus aliados europeos, y las posiciones cr\u00edticas de Rusia y China, que ya exigieron la liberaci\u00f3n inmediata de Maduro y denunciaron una violaci\u00f3n flagrante de la soberan\u00eda venezolana.<\/p>\n<div class=\"content-media\">\n<section role=\"button\" class=\"mod-media   \">\n<figure role=\"button\" class=\"mod-figure \"><figcaption class=\"mod-figcaption\"><span class=\"com-text --caption --twoxs\">Venezolanos celebran en Madrid la ca\u00edda de Maduro<\/span><span class=\"com-text --credit --twoxs\">Bernat Armangue  &#8211; AP <\/span><\/figcaption><\/figure>\n<\/section>\n<\/div>\n<p class=\"com-paragraph   --s\">En paralelo, una reuni\u00f3n de urgencia de la <strong>Comunidad de Estados Latinoamericanos y Caribe\u00f1os <\/strong>(Celac), convocada por el presidente colombiano Gustavo Petro, concluy\u00f3 sin una declaraci\u00f3n conjunta de condena al arresto de Maduro. El intento fracas\u00f3 tras el rechazo de la Argentina y otros nueve pa\u00edses, lo que dej\u00f3 al descubierto la profunda fragmentaci\u00f3n regional frente a la crisis venezolana.<\/p>\n<p class=\"com-paragraph   --s\">Ese desenlace expuso las dificultades de Am\u00e9rica Latina para articular una posici\u00f3n com\u00fan ante un evento de esta magnitud. Para varios analistas, la captura de Maduro marca no solo un punto de quiebre en la pol\u00edtica venezolana, sino tambi\u00e9n un momento cr\u00edtico para el equilibrio regional, con efectos que podr\u00edan extenderse m\u00e1s all\u00e1 de Caracas y reconfigurar la relaci\u00f3n de Washington con sus aliados y vecinos en el hemisferio.<\/p>\n<p class=\"com-paragraph   --s\"><strong>Agencias AP, AFP y ANSA<\/strong><\/p>\n<section class=\"container-center-100 mb-40 border border-bottom border-thin border-neutral-light-700\">\n<hr\/>\n<\/section>\n<\/div>\n\n","protected":false},"excerpt":{"rendered":"<p>CARACAS.\u2013 A medida que la comunidad internacional contin\u00faa pronunci\u00e1ndose sobre el operativo militar con el que Estados Unidos captur\u00f3 al presidente venezolano Nicol\u00e1s Maduro y a su esposa, Cilia Flores, Brasil, Chile, Colombia, M\u00e9xico, Uruguay y Espa\u00f1a rechazaron ayer \u201ccualquier intento de control gubernamental, de administraci\u00f3n o de apropiaci\u00f3n externa de los recursos naturales o [&hellip;]<\/p>\n","protected":false},"author":2,"featured_media":221738,"comment_status":"closed","ping_status":"closed","sticky":false,"template":"","format":"standard","meta":{"footnotes":""},"categories":[1],"tags":[],"class_list":["post-221737","post","type-post","status-publish","format-standard","has-post-thumbnail","hentry","category-uncategorized"],"_links":{"self":[{"href":"https:\/\/radioacuariofm.com.ar\/index.php?rest_route=\/wp\/v2\/posts\/221737","targetHints":{"allow":["GET"]}}],"collection":[{"href":"https:\/\/radioacuariofm.com.ar\/index.php?rest_route=\/wp\/v2\/posts"}],"about":[{"href":"https:\/\/radioacuariofm.com.ar\/index.php?rest_route=\/wp\/v2\/types\/post"}],"author":[{"embeddable":true,"href":"https:\/\/radioacuariofm.com.ar\/index.php?rest_route=\/wp\/v2\/users\/2"}],"replies":[{"embeddable":true,"href":"https:\/\/radioacuariofm.com.ar\/index.php?rest_route=%2Fwp%2Fv2%2Fcomments&post=221737"}],"version-history":[{"count":1,"href":"https:\/\/radioacuariofm.com.ar\/index.php?rest_route=\/wp\/v2\/posts\/221737\/revisions"}],"predecessor-version":[{"id":221739,"href":"https:\/\/radioacuariofm.com.ar\/index.php?rest_route=\/wp\/v2\/posts\/221737\/revisions\/221739"}],"wp:featuredmedia":[{"embeddable":true,"href":"https:\/\/radioacuariofm.com.ar\/index.php?rest_route=\/wp\/v2\/media\/221738"}],"wp:attachment":[{"href":"https:\/\/radioacuariofm.com.ar\/index.php?rest_route=%2Fwp%2Fv2%2Fmedia&parent=221737"}],"wp:term":[{"taxonomy":"category","embeddable":true,"href":"https:\/\/radioacuariofm.com.ar\/index.php?rest_route=%2Fwp%2Fv2%2Fcategories&post=221737"},{"taxonomy":"post_tag","embeddable":true,"href":"https:\/\/radioacuariofm.com.ar\/index.php?rest_route=%2Fwp%2Fv2%2Ftags&post=221737"}],"curies":[{"name":"wp","href":"https:\/\/api.w.org\/{rel}","templated":true}]}}