{"id":221716,"date":"2026-01-04T14:46:22","date_gmt":"2026-01-04T17:46:22","guid":{"rendered":"https:\/\/radioacuariofm.com.ar\/?p=221716"},"modified":"2026-01-04T14:46:23","modified_gmt":"2026-01-04T17:46:23","slug":"celdas-heladas-presos-celebres-y-gusanos-en-la-comida-como-es-la-carcel-de-maduro-en-brooklyn","status":"publish","type":"post","link":"https:\/\/radioacuariofm.com.ar\/?p=221716","title":{"rendered":"Celdas heladas, presos c\u00e9lebres y gusanos en la comida: c\u00f3mo es la c\u00e1rcel de Maduro en Brooklyn"},"content":{"rendered":"<p> <br \/>\n<\/p>\n<div>\n<p class=\"com-paragraph  --capital --s\">NUEVA YORK.\u2013 Brooklyn, un distrito de Nueva York lleno de barrios con car\u00e1cter, es un lugar al que muchos estar\u00edan encantados de mudarse. Pero seguro que no, como en el caso de<strong> Nicol\u00e1s Maduro<\/strong>, si el destino es el <strong>Centro de Detenci\u00f3n Metropolitano<\/strong>. La <a href=\"https:\/\/www.lanacion.com.ar\/el-mundo\/asi-fue-el-momento-en-que-nicolas-maduro-bajo-del-avion-y-arribo-a-la-base-militar-de-nueva-york-nid03012026\/\" target=\"_self\" title=\"https:\/\/www.lanacion.com.ar\/el-mundo\/asi-fue-el-momento-en-que-nicolas-maduro-bajo-del-avion-y-arribo-a-la-base-militar-de-nueva-york-nid03012026\/\" class=\"com-link break-word\" data-mrf-recirculation=\"n_link_parrafo\">nueva residencia hogar del dictador venezolano<\/a> ha sido definida como un lugar<strong> \u201cinhumano\u201d <\/strong>o como el <strong>\u201cinfierno en la tierra\u201d<\/strong>.<\/p>\n<p class=\"com-paragraph   --s\">Hasta all\u00ed llegaron este <a href=\"https:\/\/www.lanacion.com.ar\/estados-unidos\/quien-gobierna-venezuela-tras-la-captura-de-maduro-la-promesa-de-trump-el-guino-a-delcy-rodriguez-y-nid04012026\/\" target=\"_self\" title=\"https:\/\/www.lanacion.com.ar\/estados-unidos\/quien-gobierna-venezuela-tras-la-captura-de-maduro-la-promesa-de-trump-el-guino-a-delcy-rodriguez-y-nid04012026\/\" class=\"com-link break-word\" data-mrf-recirculation=\"n_link_parrafo\">s\u00e1bado Maduro y su mujer, Cilia Flores<\/a>, <strong>horas despu\u00e9s de su captura en Caracas <\/strong>por parte de un equipo de operaciones especiales del ej\u00e9rcito de Estados Unidos. Durante su llegada a la c\u00e1rcel se pudo observar al l\u00edder chavista esposado y rodeado de militares, <strong>en el video se escucha c\u00f3mo dice en ingl\u00e9s \u201cbuenas noches, feliz A\u00f1o Nuevo\u201d<\/strong>.<\/p>\n<div class=\"content-media cursor-pointer container-center-100\">\n<section class=\"media-container relative ratio-16-9 mod-media pb-32\">\n<figure class=\"mod-video\">\n<div class=\"video-player bg-black ratio-16-9\" data-has-jwplayer=\"true\" data-video-id-jw=\"SnDRiyep\" data-config=\"{&quot;title&quot;:&quot;As\u00ed llegaba Maduro a la DEA en Nueva York&quot;,&quot;mediaId&quot;:&quot;SnDRiyep&quot;,&quot;playerId&quot;:&quot;ih0086X3&quot;,&quot;playlist&quot;:[{&quot;mediaid&quot;:&quot;SnDRiyep&quot;,&quot;sources&quot;:[{&quot;file&quot;:&quot;https:\/\/cdn.jwplayer.com\/manifests\/SnDRiyep.m3u8&quot;,&quot;type&quot;:&quot;application\/vnd.apple.mpegurl&quot;},{&quot;bitrate&quot;:339894,&quot;file&quot;:&quot;https:\/\/cdn.jwplayer.com\/videos\/SnDRiyep-kTExGaWf.mp4&quot;,&quot;filesize&quot;:467355,&quot;framerate&quot;:24,&quot;height&quot;:320,&quot;label&quot;:&quot;180p&quot;,&quot;type&quot;:&quot;video\/mp4&quot;,&quot;width&quot;:180},{&quot;bitrate&quot;:486544,&quot;file&quot;:&quot;https:\/\/cdn.jwplayer.com\/videos\/SnDRiyep-K8B0kybS.mp4&quot;,&quot;filesize&quot;:668999,&quot;framerate&quot;:24,&quot;height&quot;:480,&quot;label&quot;:&quot;270p&quot;,&quot;type&quot;:&quot;video\/mp4&quot;,&quot;width&quot;:270},{&quot;bitrate&quot;:1325129,&quot;file&quot;:&quot;https:\/\/cdn.jwplayer.com\/videos\/SnDRiyep-46NIuRKO.mp4&quot;,&quot;filesize&quot;:1822053,&quot;framerate&quot;:24,&quot;height&quot;:1280,&quot;label&quot;:&quot;720p&quot;,&quot;type&quot;:&quot;video\/mp4&quot;,&quot;width&quot;:720},{&quot;bitrate&quot;:118031,&quot;file&quot;:&quot;https:\/\/cdn.jwplayer.com\/videos\/SnDRiyep-hz5z2Tv4.m4a&quot;,&quot;filesize&quot;:162293,&quot;label&quot;:&quot;AAC Audio&quot;,&quot;type&quot;:&quot;audio\/mp4&quot;},{&quot;bitrate&quot;:2495652,&quot;file&quot;:&quot;https:\/\/cdn.jwplayer.com\/videos\/SnDRiyep-SomplJdm.mp4&quot;,&quot;filesize&quot;:3431522,&quot;framerate&quot;:24,&quot;height&quot;:1920,&quot;label&quot;:&quot;1080p&quot;,&quot;type&quot;:&quot;video\/mp4&quot;,&quot;width&quot;:1080},{&quot;bitrate&quot;:552617,&quot;file&quot;:&quot;https:\/\/cdn.jwplayer.com\/videos\/SnDRiyep-FnZGUVnC.mp4&quot;,&quot;filesize&quot;:759849,&quot;framerate&quot;:24,&quot;height&quot;:640,&quot;label&quot;:&quot;360p&quot;,&quot;type&quot;:&quot;video\/mp4&quot;,&quot;width&quot;:360},{&quot;bitrate&quot;:902627,&quot;file&quot;:&quot;https:\/\/cdn.jwplayer.com\/videos\/SnDRiyep-0G6Pwvlw.mp4&quot;,&quot;filesize&quot;:1241113,&quot;framerate&quot;:24,&quot;height&quot;:960,&quot;label&quot;:&quot;540p&quot;,&quot;type&quot;:&quot;video\/mp4&quot;,&quot;width&quot;:540}]}],&quot;hasAutoplay&quot;:false,&quot;autostart&quot;:true,&quot;tagsUrl&quot;:&quot;https:\/\/pubads.g.doubleclick.net\/gampad\/ads?slotname=\/133919216\/la_nacion_video\/nota\/preroll&amp;sz=640x480|400x300&amp;ciu_szs=300x250&amp;unviewed_position_start=1&amp;output=vast&amp;impl=s&amp;env=vp&amp;gdfp_req=1&amp;ad_rule=0&amp;vad_type=linear&amp;vpos=preroll&amp;cust_params=tags_nuevos%3Dte_venezuela%2Cte_estados_unidos%2Cte_nicolas_maduro%2Cte_donald_trump%2Cca_el_mundo%2Cau_javier_ansorena__diario_abc__espana_%2CMHKWSFABXBHLDC5CL4AOCS24XE&amp;pod=3&amp;ppos=1&amp;lip=true&amp;min_ad_duration=0&amp;max_ad_duration=30000&amp;vrid=6256&amp;url=https%3A%2F%2Fwww.lanacion.com.ar%2Fel-mundo%2Fceldas-heladas-presos-celebres-y-gusanos-en-la-comida-como-es-el-centro-de-detencion-metropolitano-nid04012026%2F%3Fvariant%3DA&amp;description_url=https%3A%2F%2Fwww.lanacion.com.ar%2Fel-mundo%2Fceldas-heladas-presos-celebres-y-gusanos-en-la-comida-como-es-el-centro-de-detencion-metropolitano-nid04012026%2F%3Fvariant%3DA&amp;video_doc_id=short_onecue&amp;cmsid=496&amp;kfa=0&amp;tfcd=0&amp;correlator=1767548708037&quot;,&quot;arcSite&quot;:&quot;la-nacion-ar&quot;}\">\n<div id=\"facade-SnDRiyep\" class=\"content-facade-jw relative bg-black ratio-16-9\"><picture><source media=\"(max-width: 767px)\" srcset=\"https:\/\/resizer.glanacion.com\/resizer\/v2\/https%3A%2F%2Fcdn.jwplayer.com%2Fv2%2Fmedia%2FSnDRiyep%2Fposter.jpg%3Fwidth%3D720?auth=44d676ca17bc8bbbcd04a7005d4b0b36bda42de78a6091f2aafb0ad7d2b76095&amp;width=480&amp;quality=70&amp;smart=false\"\/><\/picture><\/div>\n<\/div><figcaption class=\"border border-1 border-bottom border-light-300 relative px-16 py-8 min-h-36 w-100_md px-0_l mb-8 bg-white\"><span class=\"text ln-text text-16 block\">As\u00ed llegaba Maduro a la DEA en Nueva York<\/span><\/figcaption><\/figure>\n<\/section>\n<\/div>\n<p class=\"com-paragraph   --s\">Se trata de la <strong>\u00fanica c\u00e1rcel federal en la ciudad de Nueva York<\/strong>, despu\u00e9s del cierre temporal de la que oper\u00f3 en Manhattan hasta 2021 (el suicidio en aquella prisi\u00f3n de <strong>Jeffrey Epstein<\/strong>, el financiero que fue amigo de Donald Trump y otras figuras de la pol\u00edtica y los negocios, tuvo que ver con la clausura).<\/p>\n<p class=\"com-paragraph   --s\">La prisi\u00f3n est\u00e1 sobre la orilla de la bah\u00eda de Nueva York, muy cerca de Industry City, una zona industrial reconvertida para negocios y lugares de ocio, y del cementerio Greenwood, uno de los lugares m\u00e1s lindos de Brooklyn. Y en la inmediaci\u00f3n de barrios muy demandados, como Park Slope, Carroll Gardens y Red Hook.<\/p>\n<p class=\"com-paragraph   --s\">Maduro, sin embargo, no podr\u00e1 disfrutar los muchos atractivos y est\u00edmulos de Brooklyn. <strong>Pasar\u00e1 de los lujos y las prebendas <\/strong>que ha disfrutado en Venezuela a la dureza de un centro penitenciario al que algunos llaman <strong>\u201cel Guant\u00e1namo de Nueva York\u201d<\/strong>.<\/p>\n<div class=\"content-media\">\n<section role=\"button\" class=\"mod-media   \">\n<figure role=\"button\" class=\"mod-figure \"><figcaption class=\"mod-figcaption\"><span class=\"com-text --caption --twoxs\">Veh\u00edculos estacionados frente al Centro de Detenci\u00f3n Metropolitano de Brooklyn<\/span><span class=\"com-text --credit --twoxs\">AP Photo\/John Minchillo &#8211; AP<\/span><\/figcaption><\/figure>\n<\/section>\n<\/div>\n<p class=\"com-paragraph   --s\">Es una mole de hormig\u00f3n, un cubo enorme, sin ninguna ambici\u00f3n est\u00e9tica. Es probable que Maduro no viera su destino final tras muchas horas de viaje desde su captura. <strong>Las c\u00e1maras lo captaron a su llegada a Nueva York con la cabeza cubierta y engrilletado<\/strong>, despu\u00e9s de que Trump hubiera compartido una imagen del detenido con los ojos tapados por un antifaz, cuando todav\u00eda estaba a bordo de un buque estadounidense en el Caribe.<\/p>\n<div class=\"content-media cursor-pointer container-center-100\">\n<section class=\"media-container relative ratio-16-9 mod-media pb-32\">\n<figure class=\"mod-video\">\n<div class=\"video-player bg-black ratio-16-9\" data-has-jwplayer=\"true\" data-video-id-jw=\"XnqdcnGP\" data-config=\"{&quot;title&quot;:&quot;El Avi\u00f3n En El Que Viajaban Maduro Y Su Esposa Aterriz\u00f3 En La Base De La Guardia Nacional A\u00e9rea &quot;,&quot;mediaId&quot;:&quot;XnqdcnGP&quot;,&quot;playerId&quot;:&quot;ih0086X3&quot;,&quot;playlist&quot;:[{&quot;mediaid&quot;:&quot;XnqdcnGP&quot;,&quot;sources&quot;:[{&quot;file&quot;:&quot;https:\/\/cdn.jwplayer.com\/manifests\/XnqdcnGP.m3u8&quot;,&quot;type&quot;:&quot;application\/vnd.apple.mpegurl&quot;},{&quot;bitrate&quot;:202049,&quot;file&quot;:&quot;https:\/\/cdn.jwplayer.com\/videos\/XnqdcnGP-kTExGaWf.mp4&quot;,&quot;filesize&quot;:1565885,&quot;framerate&quot;:30,&quot;height&quot;:320,&quot;label&quot;:&quot;180p&quot;,&quot;type&quot;:&quot;video\/mp4&quot;,&quot;width&quot;:256},{&quot;bitrate&quot;:259129,&quot;file&quot;:&quot;https:\/\/cdn.jwplayer.com\/videos\/XnqdcnGP-K8B0kybS.mp4&quot;,&quot;filesize&quot;:2008253,&quot;framerate&quot;:30,&quot;height&quot;:480,&quot;label&quot;:&quot;270p&quot;,&quot;type&quot;:&quot;video\/mp4&quot;,&quot;width&quot;:384},{&quot;bitrate&quot;:113454,&quot;file&quot;:&quot;https:\/\/cdn.jwplayer.com\/videos\/XnqdcnGP-hz5z2Tv4.m4a&quot;,&quot;filesize&quot;:879270,&quot;label&quot;:&quot;AAC Audio&quot;,&quot;type&quot;:&quot;audio\/mp4&quot;},{&quot;bitrate&quot;:293679,&quot;file&quot;:&quot;https:\/\/cdn.jwplayer.com\/videos\/XnqdcnGP-FnZGUVnC.mp4&quot;,&quot;filesize&quot;:2276018,&quot;framerate&quot;:30,&quot;height&quot;:640,&quot;label&quot;:&quot;360p&quot;,&quot;type&quot;:&quot;video\/mp4&quot;,&quot;width&quot;:512}]}],&quot;hasAutoplay&quot;:false,&quot;autostart&quot;:true,&quot;tagsUrl&quot;:&quot;https:\/\/pubads.g.doubleclick.net\/gampad\/ads?slotname=\/133919216\/la_nacion_video\/nota\/preroll&amp;sz=640x480|400x300&amp;ciu_szs=300x250&amp;unviewed_position_start=1&amp;output=vast&amp;impl=s&amp;env=vp&amp;gdfp_req=1&amp;ad_rule=0&amp;vad_type=linear&amp;vpos=preroll&amp;cust_params=tags_nuevos%3Dte_venezuela%2Cte_estados_unidos%2Cte_nicolas_maduro%2Cte_donald_trump%2Cca_el_mundo%2Cau_javier_ansorena__diario_abc__espana_%2CMHKWSFABXBHLDC5CL4AOCS24XE&amp;pod=3&amp;ppos=1&amp;lip=true&amp;min_ad_duration=0&amp;max_ad_duration=30000&amp;vrid=6256&amp;url=https%3A%2F%2Fwww.lanacion.com.ar%2Fel-mundo%2Fceldas-heladas-presos-celebres-y-gusanos-en-la-comida-como-es-el-centro-de-detencion-metropolitano-nid04012026%2F%3Fvariant%3DA&amp;description_url=https%3A%2F%2Fwww.lanacion.com.ar%2Fel-mundo%2Fceldas-heladas-presos-celebres-y-gusanos-en-la-comida-como-es-el-centro-de-detencion-metropolitano-nid04012026%2F%3Fvariant%3DA&amp;video_doc_id=short_onecue&amp;cmsid=496&amp;kfa=0&amp;tfcd=0&amp;correlator=1767548708038&quot;,&quot;arcSite&quot;:&quot;la-nacion-ar&quot;}\">\n<div id=\"facade-XnqdcnGP\" class=\"content-facade-jw relative bg-black ratio-16-9\"><picture><source media=\"(max-width: 767px)\" srcset=\"https:\/\/resizer.glanacion.com\/resizer\/v2\/https%3A%2F%2Fcdn.jwplayer.com%2Fv2%2Fmedia%2FXnqdcnGP%2Fposter.jpg%3Fwidth%3D720?auth=634e5efc88b0b6620c4e27301c77f649dfa6812cdf71d44939da247af737a284&amp;width=480&amp;quality=70&amp;smart=false\"\/><img class=\"image flex com-image --cover\" decoding=\"async\" fetchpriority=\"low\" loading=\"lazy\" src=\"https:\/\/radioacuariofm.com.ar\/wp-content\/uploads\/2026\/01\/https:\/\/cdn.jwplayer.com\/v2\/media\/XnqdcnGP\/poster.jpg\" alt=\"El Avi\u00f3n En El Que Viajaban Maduro Y Su Esposa Aterriz\u00f3 En La Base De La Guardia Nacional A\u00e9rea \"\/><\/picture><\/div>\n<\/div><figcaption class=\"border border-1 border-bottom border-light-300 relative px-16 py-8 min-h-36 w-100_md px-0_l mb-8 bg-white\"><span class=\"text ln-text text-16 block\">El Avi\u00f3n En El Que Viajaban Maduro Y Su Esposa Aterriz\u00f3 En La Base De La Guardia Nacional A\u00e9rea <\/span><\/figcaption><\/figure>\n<\/section>\n<\/div>\n<p class=\"com-paragraph   --s\">Maduro lleg\u00f3 a la que ser\u00e1 su nueva casa pasadas las 20.30 de Nueva York (18.30 de Argentina), cuando ya era noche cerrada en la Gran Manzana. All\u00ed podr\u00eda pasar varios meses, mientras se ventila su proceso criminal, en el que <strong>se enfrenta a varias imputaciones<\/strong>: la que recibi\u00f3 en 2020, en la recta final del primer mandato de Trump, y sobre la que la fiscal\u00eda present\u00f3 el mismo s\u00e1bado otro escrito, que <a href=\"https:\/\/www.lanacion.com.ar\/estados-unidos\/uno-por-uno-los-cargos-que-enfrenta-nicolas-maduro-en-eeuu-nid03012026\/\" target=\"_self\" title=\"https:\/\/www.lanacion.com.ar\/estados-unidos\/uno-por-uno-los-cargos-que-enfrenta-nicolas-maduro-en-eeuu-nid03012026\/\" class=\"com-link break-word\" data-mrf-recirculation=\"n_link_parrafo\">se hac\u00eda extensivo a su mujer y sus hijos<\/a>.<\/p>\n<p class=\"com-paragraph   --s\"><strong>\u201cMaduro y su mujer pronto se enfrentar\u00e1n a todo el poder de la Justicia de Estados Unidos\u201d<\/strong>, dijo Trump el s\u00e1bado. La primera materializaci\u00f3n de ese poder son las condiciones que el dictador venezolano tendr\u00e1 que enfrentar en la c\u00e1rcel de Brooklyn.<\/p>\n<p class=\"com-paragraph   --s\">Las malas condiciones del Centro de Detenci\u00f3n Metropolitano<em> <\/em>han provocado numerosas protestas de activistas<\/p>\n<div class=\"content-media\">\n<section role=\"button\" class=\"mod-media   \">\n<figure role=\"button\" class=\"mod-figure \"><figcaption class=\"mod-figcaption\"><span class=\"com-text --caption --twoxs\">Personas participan en una manifestaci\u00f3n contra la acci\u00f3n militar de Estados Unidos en Venezuela frente al Centro de Detenci\u00f3n Metropolitano, donde permanece detenido el depuesto presidente venezolano Nicol\u00e1s Maduro, en el distrito de Brooklyn, en la ciudad de Nueva York, el 4 de enero de 2026.<\/span><span class=\"com-text --credit --twoxs\">KENA BETANCUR  &#8211; AFP <\/span><\/figcaption><\/figure>\n<\/section>\n<\/div>\n<p class=\"com-paragraph   --s\">Abundan las historias truculentas sobre las condiciones en el Centro de Detenci\u00f3n Metropolitano, que alberga cerca de <strong>1300 prisioneros<\/strong>: celdas fr\u00edas y mal acondicionadas, gusanos en la comida, agentes violentos, instalaciones desbordadas, falta de recursos, peligro en los pasillos y en las zonas comunes. El verano pasado, <strong>dos reclusos murieron en peleas<\/strong>. En el invierno de 2019, la c\u00e1rcel se qued\u00f3 sin electricidad durante una semana en medio de una ola de fr\u00edo.<\/p>\n<p class=\"com-paragraph   --s\">Incluso algunos jueces han calificado la situaci\u00f3n all\u00ed dentro como \u201catroces\u201d, \u201cinhumanas\u201d.<strong> La dureza de esta c\u00e1rcel de Brooklyn ha llevado a algunos magistrados a conceder beneficios penitenciarios a quienes han pasado por all\u00ed.<\/strong><\/p>\n<p class=\"com-paragraph   --s\">Los cargos que enfrenta Maduro podr\u00edan conllevar una pena,<strong> si sale declarado culpable en un eventual juicio, de cadena perpetua.<\/strong> Pero, en cualquier caso, el paso del presidente despojado por Brooklyn ser\u00e1 temporal. Aqu\u00ed solo ingresan personas a la espera de juicio o mientras se decide su traslado a un centro para el cumplimiento de su condena.<\/p>\n<div class=\"content-media\">\n<section role=\"button\" class=\"mod-media   \">\n<figure role=\"button\" class=\"mod-figure \"><figcaption class=\"mod-figcaption\"><span class=\"com-text --caption --twoxs\">El Centro de Detenci\u00f3n Metropolitano en el distrito de Brooklyn de Nueva York, donde estar\u00e1 detenido el derrocado presidente Nicol\u00e1s Maduro<\/span><span class=\"com-text --credit --twoxs\">JOHN LAMPARSKI  &#8211; AFP <\/span><\/figcaption><\/figure>\n<\/section>\n<\/div>\n<p class=\"com-paragraph   --s\">Maduro no ser\u00e1, ni mucho menos, el primer detenido c\u00e9lebre en esta c\u00e1rcel. Si el Centro de Detenci\u00f3n Metropolitano<em> <\/em>tuviera un <strong>\u201cpaseo de la fama\u201d<\/strong>, las estrellas podr\u00edan dar la vuelta a la manzana.<\/p>\n<p class=\"com-paragraph   --s\">Por aqu\u00ed han pasado desde presidentes de otros pa\u00edses a estrellas de la m\u00fasica<\/p>\n<p class=\"com-paragraph   --s\">Por ejemplo, el<strong> <\/strong>exmandatario hondure\u00f1o <strong>Juan Orlando Hern\u00e1ndez<\/strong>, el mejor ejemplo de que <a href=\"https:\/\/www.lanacion.com.ar\/estados-unidos\/expresidente-hondureno-hernandez-sale-de-prision-de-ee-uu-indultado-por-trump-nid02122025\/\" target=\"_self\" title=\"https:\/\/www.lanacion.com.ar\/estados-unidos\/expresidente-hondureno-hernandez-sale-de-prision-de-ee-uu-indultado-por-trump-nid02122025\/\" class=\"com-link break-word\" data-mrf-recirculation=\"n_link_parrafo\">la guerra contra la droga de Trump tiene grietas<\/a>. El narcotr\u00e1fico es la raz\u00f3n oficial por la que Estados Unidos persigue a Maduro -aunque Trump no ha ocultado que <a href=\"https:\/\/www.lanacion.com.ar\/el-mundo\/a-que-se-refiere-trump-cuando-habla-del-petroleo-que-venezuela-le-robo-a-estados-unidos-nid19122025\/\" target=\"_self\" title=\"https:\/\/www.lanacion.com.ar\/el-mundo\/a-que-se-refiere-trump-cuando-habla-del-petroleo-que-venezuela-le-robo-a-estados-unidos-nid19122025\/\" class=\"com-link break-word\" data-mrf-recirculation=\"n_link_parrafo\">le interesa el petr\u00f3leo venezolano<\/a>-; pero, sin embargo, hace pocos meses <strong>el presidente indult\u00f3 a Hern\u00e1ndez de su condena por narcotr\u00e1fico.<\/strong><\/p>\n<p class=\"com-paragraph   --s\">Otros capos indudables del narcotr\u00e1fico tambi\u00e9n han conocido bien el Centro de Detenci\u00f3n Metropolitano. Uno de ellos ser\u00e1 vecino de Maduro: <strong>Ismael \u201cel Mayo\u201d Zambada<\/strong>, l\u00edder del c\u00e1rtel de Sinaloa, compinche durante d\u00e9cadas de <strong>Joaqu\u00edn \u201cel Chapo\u201d Guzm\u00e1n<\/strong> (tambi\u00e9n fue a juicio en Nueva York, pero residi\u00f3 en Manhattan). El Mayo, arrestado en el verano de 2024, sigue en esta c\u00e1rcel a la espera de su juicio. Se encuentra en un \u00e1rea separada, donde ingresan los presos de mayor perfil, y donde es probable que Maduro y su esposa est\u00e9n alojados: <strong>la Unidad de Vivienda Especial<\/strong>. Lo conocen como <strong>\u201cel hoyo\u201d<\/strong>, con celdas de cinco metros cuadrados.<\/p>\n<div class=\"content-media\">\n<section role=\"button\" class=\"mod-media   \">\n<figure role=\"button\" class=\"mod-figure \"><figcaption class=\"mod-figcaption\"><span class=\"com-text --caption --twoxs\">Agentes federales de las fuerzas del orden montan guardia frente al Centro de Detenci\u00f3n Metropolitano mientras esperan la llegada del presidente venezolano capturado, Nicol\u00e1s Maduro, el s\u00e1bado 3 de enero de 2026, en Nueva York<\/span><span class=\"com-text --credit --twoxs\">Yuki Iwamura  &#8211; AP <\/span><\/figcaption><\/figure>\n<\/section>\n<\/div>\n<p class=\"com-paragraph   --s\">Aqu\u00ed pas\u00f3 mucho tiempo <strong>Genaro Garc\u00eda Luna<\/strong>, el que fue m\u00e1xima autoridad de las fuerzas de seguridad de M\u00e9xico, que fue condenado por los sobornos que acept\u00f3 del narco. \u00c9l describi\u00f3 con claridad lo que se vive en esta c\u00e1rcel: \u201cHe estado detenido en el Centro de Detenci\u00f3n Metropolitano de Brooklyn por un periodo de 58 meses, casi cinco a\u00f1os, en <strong>condiciones infrahumanas<\/strong>\u201d, cont\u00f3 en una carta antes de recibir su sentencia y ser trasladado. \u201c<strong>He presenciado homicidios, apu\u00f1alamientos y amenazas sistem\u00e1ticas a mi integridad. Fui segregado casi un a\u00f1o a las celdas de castigo sin haber violado ninguna norma<\/strong>\u201d.<\/p>\n<p class=\"com-paragraph   --s\">Pero hay muchos m\u00e1s famosos que han penado en esta c\u00e1rcel de Brooklyn: el rapero <strong>Sean \u201cDiddy\u201d Combs<\/strong>; <strong>Ghislaine Maxwell<\/strong>, la que fuera pareja y c\u00f3mplice de Epstein; el emprendedor fraudulento <strong>Sam Bankman-Fried<\/strong>; el mafioso <strong>Vincent Bassiano<\/strong>, que fue capo de la familia Bonanno; <strong>Michael Cohen<\/strong>, el que fuera abogado y mu\u00f1idor de Trump; o <strong>Luigi Mangione<\/strong>, el joven que <a href=\"https:\/\/www.lanacion.com.ar\/estados-unidos\/el-sorprendente-cambio-de-look-de-luigi-mangione-en-la-corte-de-nueva-york-donde-pidieron-el-maximo-nid25042025\/\" target=\"_self\" title=\"https:\/\/www.lanacion.com.ar\/estados-unidos\/el-sorprendente-cambio-de-look-de-luigi-mangione-en-la-corte-de-nueva-york-donde-pidieron-el-maximo-nid25042025\/\" class=\"com-link break-word\" data-mrf-recirculation=\"n_link_parrafo\">asesin\u00f3 hace un a\u00f1o a un ejecutivo<\/a> en una acera de Manhattan.<\/p>\n<p class=\"com-paragraph   --s\">Maduro tendr\u00e1 su primera salida de la c\u00e1rcel dentro de poco. <strong>Se espera que este lunes -o el martes por la ma\u00f1ana como muy tarde- comparezca por primera vez ante el juez<\/strong>. All\u00ed se le leer\u00e1n los cargos y se establecer\u00e1n los primeros pasos de su procesamiento. Ser\u00e1 en los juzgados federales del Distrito Sur de Manhattan, muy cerca de donde Trump fue declarado culpable de delitos en junio de 2024.<\/p>\n<section class=\"container-center-100 mb-40 border border-bottom border-thin border-neutral-light-700\">\n<div class=\"grid grid-cols-2_m gap-12 py-16 py-12_m\">\n<div class=\"flex flex-column gap-4\">\n<div class=\"flex flex-column brand-color\">\n<div class=\"flex flex-wrap w-100\">\n<div class=\"flex flex-column flex-wrap gap-16 w-100 flex-row_m ai-center_m ai-start\">\n<div class=\"flex inline-flex ai-center gap-12\">\n<p><span>Por <span><strong>Javier Ansorena (Diario ABC, Espa\u00f1a)<\/strong><\/span><\/span><\/p>\n<\/div>\n<\/div>\n<\/div>\n<\/div>\n<\/div>\n<\/div>\n<hr\/>\n<\/section>\n<\/div>\n\n","protected":false},"excerpt":{"rendered":"<p>NUEVA YORK.\u2013 Brooklyn, un distrito de Nueva York lleno de barrios con car\u00e1cter, es un lugar al que muchos estar\u00edan encantados de mudarse. Pero seguro que no, como en el caso de Nicol\u00e1s Maduro, si el destino es el Centro de Detenci\u00f3n Metropolitano. La nueva residencia hogar del dictador venezolano ha sido definida como un [&hellip;]<\/p>\n","protected":false},"author":2,"featured_media":221717,"comment_status":"closed","ping_status":"closed","sticky":false,"template":"","format":"standard","meta":{"footnotes":""},"categories":[1],"tags":[],"class_list":["post-221716","post","type-post","status-publish","format-standard","has-post-thumbnail","hentry","category-uncategorized"],"_links":{"self":[{"href":"https:\/\/radioacuariofm.com.ar\/index.php?rest_route=\/wp\/v2\/posts\/221716","targetHints":{"allow":["GET"]}}],"collection":[{"href":"https:\/\/radioacuariofm.com.ar\/index.php?rest_route=\/wp\/v2\/posts"}],"about":[{"href":"https:\/\/radioacuariofm.com.ar\/index.php?rest_route=\/wp\/v2\/types\/post"}],"author":[{"embeddable":true,"href":"https:\/\/radioacuariofm.com.ar\/index.php?rest_route=\/wp\/v2\/users\/2"}],"replies":[{"embeddable":true,"href":"https:\/\/radioacuariofm.com.ar\/index.php?rest_route=%2Fwp%2Fv2%2Fcomments&post=221716"}],"version-history":[{"count":1,"href":"https:\/\/radioacuariofm.com.ar\/index.php?rest_route=\/wp\/v2\/posts\/221716\/revisions"}],"predecessor-version":[{"id":221718,"href":"https:\/\/radioacuariofm.com.ar\/index.php?rest_route=\/wp\/v2\/posts\/221716\/revisions\/221718"}],"wp:featuredmedia":[{"embeddable":true,"href":"https:\/\/radioacuariofm.com.ar\/index.php?rest_route=\/wp\/v2\/media\/221717"}],"wp:attachment":[{"href":"https:\/\/radioacuariofm.com.ar\/index.php?rest_route=%2Fwp%2Fv2%2Fmedia&parent=221716"}],"wp:term":[{"taxonomy":"category","embeddable":true,"href":"https:\/\/radioacuariofm.com.ar\/index.php?rest_route=%2Fwp%2Fv2%2Fcategories&post=221716"},{"taxonomy":"post_tag","embeddable":true,"href":"https:\/\/radioacuariofm.com.ar\/index.php?rest_route=%2Fwp%2Fv2%2Ftags&post=221716"}],"curies":[{"name":"wp","href":"https:\/\/api.w.org\/{rel}","templated":true}]}}