{"id":221654,"date":"2026-01-03T20:28:23","date_gmt":"2026-01-03T23:28:23","guid":{"rendered":"https:\/\/radioacuariofm.com.ar\/?p=221654"},"modified":"2026-01-03T20:28:24","modified_gmt":"2026-01-03T23:28:24","slug":"celebraciones-y-condenas-tras-el-ataque-de-ee-uu-en-una-america-latina-fracturada","status":"publish","type":"post","link":"https:\/\/radioacuariofm.com.ar\/?p=221654","title":{"rendered":"Celebraciones y condenas tras el ataque de EE.UU. en una Am\u00e9rica Latina fracturada"},"content":{"rendered":"<p> <br \/>\n<\/p>\n<div>\n<p class=\"com-paragraph  --capital --s\">CIUDAD DE M\u00c9XICO.\u2013 Am\u00e9rica Latina reaccion\u00f3 el s\u00e1bado de formas diversas<strong> al golpe lanzado por <\/strong><a href=\"https:\/\/www.lanacion.com.ar\/el-mundo\/tension-en-venezuela-reportan-explosiones-y-aviones-volando-a-baja-altura-en-caracas-nid03012026\/\" target=\"_self\" title=\"https:\/\/www.lanacion.com.ar\/el-mundo\/tension-en-venezuela-reportan-explosiones-y-aviones-volando-a-baja-altura-en-caracas-nid03012026\/\" class=\"com-link break-word\" data-mrf-recirculation=\"n_link_parrafo\"><strong>Estados Unidos<\/strong><\/a><strong> contra <\/strong><a href=\"https:\/\/www.lanacion.com.ar\/el-mundo\/delcy-rodriguez-la-vicepresidenta-de-venezuela-le-contesto-a-trump-y-dijo-que-maduro-es-el-unico-nid03012026\/\" target=\"_self\" title=\"https:\/\/www.lanacion.com.ar\/el-mundo\/delcy-rodriguez-la-vicepresidenta-de-venezuela-le-contesto-a-trump-y-dijo-que-maduro-es-el-unico-nid03012026\/\" class=\"com-link break-word\" data-mrf-recirculation=\"n_link_parrafo\"><strong>Venezuela<\/strong><\/a> en el que fue capturado el presidente <a href=\"https:\/\/www.lanacion.com.ar\/el-mundo\/la-captura-de-maduro-una-bomba-en-el-escenario-mundial-que-abre-interrogantes-y-puede-sentar-nid03012026\/\" target=\"_self\" title=\"https:\/\/www.lanacion.com.ar\/el-mundo\/la-captura-de-maduro-una-bomba-en-el-escenario-mundial-que-abre-interrogantes-y-puede-sentar-nid03012026\/\" class=\"com-link break-word\" data-mrf-recirculation=\"n_link_parrafo\"><strong>Nicol\u00e1s Maduro<\/strong><\/a>. Entre las celebraciones por el derrocamiento del l\u00edder chavista y las condenas a la injerencia extranjera en un pa\u00eds sudamericano, <strong>el continente volvi\u00f3 a mostrar sus fracturas internas<\/strong>.<\/p>\n<p class=\"com-paragraph   --s\"><strong>Colombia<\/strong>, <strong>Brasil<\/strong>, <strong>M\u00e9xico<\/strong>, <strong>Uruguay<\/strong> y <strong>Cuba<\/strong> condenaron <a href=\"https:\/\/www.lanacion.com.ar\/el-mundo\/asi-fue-la-caida-de-maduro-las-horas-que-marcaron-una-bisagra-en-la-historia-de-america-nid03012026\/\" target=\"_self\" title=\"https:\/\/www.lanacion.com.ar\/el-mundo\/asi-fue-la-caida-de-maduro-las-horas-que-marcaron-una-bisagra-en-la-historia-de-america-nid03012026\/\" class=\"com-link break-word\" data-mrf-recirculation=\"n_link_parrafo\">el ataque<\/a> \u2013aunque con tonos distintos\u2013 y llamaron a las <strong>Naciones Unidas<\/strong> a actuar y buscar una soluci\u00f3n pac\u00edfica ante la incertidumbre sobre los futuros movimientos del presidente norteamericano, <a href=\"https:\/\/www.lanacion.com.ar\/el-mundo\/que-dijo-donald-trump-tras-la-captura-de-maduro-en-venezuela-nid03012026\/\" target=\"_self\" title=\"https:\/\/www.lanacion.com.ar\/el-mundo\/que-dijo-donald-trump-tras-la-captura-de-maduro-en-venezuela-nid03012026\/\" class=\"com-link break-word\" data-mrf-recirculation=\"n_link_parrafo\"><strong>Donald Trump<\/strong><\/a>.<\/p>\n<div class=\"content-media\">\n<section role=\"button\" class=\"mod-media   \">\n<figure role=\"button\" class=\"mod-figure \"><figcaption class=\"mod-figcaption\"><span class=\"com-text --caption --twoxs\">El presidente estadounidense, Donald Trump, durante una conferencia de prensa en su club Mar-a-Lago, el 3 de enero de 2026, en Palm Beach, Florida<\/span><span class=\"com-text --credit --twoxs\">afp  &#8211; GETTY IMAGES NORTH AMERICA <\/span><\/figcaption><\/figure>\n<\/section>\n<\/div>\n<p class=\"com-paragraph   --s\">Mientras, gobiernos aliados a la administraci\u00f3n del republicano, como el de <strong>la Argentina<\/strong>, <strong>Paraguay<\/strong> y <strong>Ecuador<\/strong>, celebraron la salida de quien consideran un criminal y<strong> confiaron en que el poder pase a manos de la oposici\u00f3n venezolana<\/strong>, que aseguran se impuso en las presidenciales de 2024. El presidente salvadore\u00f1o, <strong>Nayib Bukele<\/strong>, inusualmente callado, poste\u00f3 una foto de Maduro detenido.<\/p>\n<p class=\"com-paragraph   --s\"><strong>Panam\u00e1<\/strong>, <strong>escenario de otra intervenci\u00f3n estadounidense hace menos de cuatro d\u00e9cadas<\/strong>, mostr\u00f3 sentimientos encontrados. En <strong>Guatemala<\/strong> se impusieron declaraciones cautas con llamados al di\u00e1logo, al tiempo que en otros estados se empez\u00f3 a hablar sobre <strong>el futuro de los emigrantes venezolanos desperdigados <\/strong>por toda Am\u00e9rica Latina.<\/p>\n<p class=\"com-paragraph   --s\">El presidente colombiano, <strong>Gustavo Petro<\/strong>,<strong> arremeti\u00f3 con dureza contra el ataque<\/strong>, orden\u00f3 el despliegue de la fuerza p\u00fablica en la frontera y anunci\u00f3 \u201ctoda la fuerza asistencial que dispongamos en caso de entrada masiva de refugiados\u201d.<strong> \u201cLos conflictos internos entre los pueblos los resuelven los mismos pueblos en paz\u201d<\/strong>, se\u00f1al\u00f3 el mandatario.<\/p>\n<p class=\"com-paragraph   --s\">En Brasil, el presidente <strong>Luiz In\u00e1cio Lula da Silva<\/strong>, un l\u00edder de izquierda que ha sido cr\u00edtico con Maduro, consider\u00f3 que las acciones del s\u00e1bado <strong>\u201csobrepasan un l\u00edmite inaceptable\u201d <\/strong>y sientan <strong>\u201cun precedente extremadamente peligroso\u201d<\/strong>.<\/p>\n<p class=\"com-paragraph   --s\">De Lula y Petro a Milei y <\/p>\n<p class=\"com-paragraph   --s\">\u201cAtacar a pa\u00edses en flagrante violaci\u00f3n del derecho internacional <strong>es el primer paso hacia un mundo de violencia, caos e inestabilidad <\/strong>en el que la ley del m\u00e1s fuerte prevalece sobre el multilateralismo\u00bb, afirm\u00f3. \u00ab<strong>Esta acci\u00f3n nos recuerda los peores momentos de injerencia pol\u00edtica<\/strong>&#8230; y amenaza la preservaci\u00f3n de la regi\u00f3n como un lugar de paz\u00bb.<\/p>\n<p class=\"com-paragraph   --s\">En la misma l\u00ednea se manifest\u00f3 el gobierno de la presidenta mexicana, <strong>Claudia Sheinbaum<\/strong>, al decir que <strong>\u201ccualquier acci\u00f3n militar pone en grave riesgo la estabilidad regional\u201d<\/strong>. <\/p>\n<p class=\"com-paragraph   --s\"><strong>M\u00e9xico<\/strong> sostuvo que el ataque viola la Carta de la ONU y pidi\u00f3 el cese de las agresiones <strong>\u201ccontra el gobierno y el pueblo venezolano\u201d<\/strong>, adem\u00e1s de ofrecerse para mediar en cualquier di\u00e1logo.<\/p>\n<p class=\"com-paragraph   --s\">Tras atacar Venezuela, <strong>Trump record\u00f3 que \u201clos c\u00e1rteles dirigen M\u00e9xico\u201d<\/strong>, desestimando el rol de la mandataria, y asegur\u00f3 que habr\u00eda que \u201chacer algo\u201d al respecto. Shienbaum insisti\u00f3 el s\u00e1bado por la tarde en que hay \u201ccomunicaci\u00f3n\u201d y \u201centendimiento\u201d con el gobierno norteamericano.<\/p>\n<p class=\"com-paragraph   --s\"><strong>\u201cEl fin no puede justificar los medios\u201d<\/strong>, dijo por su parte el presidente de Uruguay, <strong>Yamand\u00fa Orsi<\/strong>, en un breve mensaje publicado en X condenando el ataque.<\/p>\n<p class=\"com-paragraph   --s\">El aliado m\u00e1s incondicional del l\u00edder chavista, el cubano <strong>Miguel D\u00edaz-Canel<\/strong>, consider\u00f3 el golpe <strong>un acto \u201ccriminal\u201d y \u201cterrorismo de Estado\u201d<\/strong>. En un mitin en <strong>La Habanapidi\u00f3 una \u201cfe de vida\u201d de Maduro <\/strong>y asegur\u00f3 que el objetivo de Estados Unidos es quitarle a Venezuela su petr\u00f3leo y sus recursos naturales.<\/p>\n<p class=\"com-paragraph   --s\">El presidente paname\u00f1o, <strong>Jos\u00e9 Raul Mulino<\/strong>, reconoci\u00f3 tener sentimientos encontrados. <strong>\u201cNosotros sufrimos una invasi\u00f3n norteamericana y sabemos de lo que se trata\u201d<\/strong>, dijo en referencia a los hechos de 1989 que derrocaron al dictador <strong>Manuel Antonio Noriega<\/strong> y en donde murieron medio millar de personas.<\/p>\n<p class=\"com-paragraph   --s\">El ataque a Venezuela \u00ab<strong>nos preocupa, pero nos causa cierto grado de tranquilidad<\/strong>, si se puede decir, para que Venezuela pueda retomar el camino democr\u00e1tico\u00bb, afirm\u00f3 a Actualidad Radio, una emisora de Florida.<\/p>\n<p class=\"com-paragraph   --s\"><strong>Panam\u00e1 guarda las actas de las elecciones de 2024 <\/strong>que sustentan el triunfo de la oposici\u00f3n por lo que su presidente insisti\u00f3 en que \u201cno va a reconocer ninguna otra f\u00f3rmula que no sea el respeto leg\u00edtimo de la voluntad popular\u201d expresada en esas urnas.<\/p>\n<p class=\"com-paragraph   --s\">El Presidente <strong>Javier Milei<\/strong> lanz\u00f3 su popular <strong>\u201cViva la libertad carajo\u201d <\/strong>poco despu\u00e9s de conocerse el ataque. M\u00e1s tarde, en di\u00e1logo con <strong>LN+<\/strong>, asegur\u00f3 que la <strong>Argentina brindar\u00e1 un \u201capoyo total a la moci\u00f3n de Estados Unidos\u201d<\/strong>.<\/p>\n<p class=\"com-paragraph   --s\">Su gobierno consider\u00f3 el ataque <strong>\u201cun avance decisivo contra el narcoterrorismo que afecta a la regi\u00f3n\u201d<\/strong> que permitir\u00e1 <strong>\u201crecuperar plenamente la democracia\u201d<\/strong> y reconocer la victoria del opositor <strong>Edmundo Gonz\u00e1lez Urrutia<\/strong> en 2024.<\/p>\n<p class=\"com-paragraph   --s\">El presidente conservador de Ecuador, <strong>Daniel Noboa<\/strong>, se\u00f1al\u00f3 en X que <strong>\u201ca todos los criminales narco chavistas les llega su hora\u201d<\/strong>. <\/p>\n<p class=\"com-paragraph   --s\"><strong>\u201cSu estructura terminar\u00e1 de caer en todo el continente\u201d<\/strong>, agreg\u00f3 el mandatario. Adem\u00e1s, envi\u00f3 un mensaje a la l\u00edder de oposici\u00f3n venezolana, <a href=\"https:\/\/www.lanacion.com.ar\/estados-unidos\/el-mensaje-de-maria-corina-machado-tras-los-ataques-de-eeuu-venezolanos-llego-la-hora-de-la-libertad-nid03012026\/\" target=\"_self\" title=\"https:\/\/www.lanacion.com.ar\/estados-unidos\/el-mensaje-de-maria-corina-machado-tras-los-ataques-de-eeuu-venezolanos-llego-la-hora-de-la-libertad-nid03012026\/\" class=\"com-link break-word\" data-mrf-recirculation=\"n_link_parrafo\"><strong>Mar\u00eda Corina Machado<\/strong><\/a>, a Gonz\u00e1lez y al pueblo venezolano: <strong>\u201cEs momento de recuperar su pa\u00eds. Tienen un aliado en Ecuador\u201d<\/strong>.<\/p>\n<p class=\"com-paragraph   --s\">Por su parte, el presidente de Paraguay, <strong>Santiago Pe\u00f1a<\/strong>, <strong>calific\u00f3 como \u201cuna buena noticia\u201d la ca\u00edda de Maduro<\/strong>, quien lideraba un \u201cr\u00e9gimen ileg\u00edtimo, rapaz y dictatorial\u201d. Ofreci\u00f3 su colaboraci\u00f3n y experiencia \u201cpara el cambio del r\u00e9gimen hacia uno de vigencia plena de libertades y derechos\u201d.<\/p>\n<p class=\"com-paragraph   --s\">El gobierno de centroderecha del presidente boliviano, <strong>Rodrigo Paz<\/strong>, dijo apoyar <strong>\u201cal pueblo venezolano en el proceso de recuperaci\u00f3n de la democracia\u201d<\/strong> y consider\u00f3 que la crisis actual \u201ces consecuencia del colapso del Estado de derecho, as\u00ed como la consolidaci\u00f3n de estructuras criminales que han capturado el aparato estatal\u201d.<\/p>\n<p class=\"com-paragraph   --s\">El presidente interino de Per\u00fa, <strong>Jos\u00e9 Jer\u00ed<\/strong>, <strong>dese\u00f3 la pronta recuperaci\u00f3n del orden interno en Venezuela<\/strong> \u2013a Maduro le consideraba ileg\u00edtimo\u2013 y anunci\u00f3 que dar\u00e1 facilidades al m\u00e1s de mill\u00f3n de venezolanos que viven en su pa\u00eds para un <strong>\u201cregreso inmediato sin importar su condici\u00f3n migratoria\u201d<\/strong>. <\/p>\n<p class=\"com-paragraph   --s\"><strong>\u201cMuchas familias podr\u00e1n reencontrase\u201d<\/strong>, agreg\u00f3 el mandatario.<\/p>\n<p class=\"com-paragraph   --s\"><strong>Chile<\/strong> fue el m\u00e1s <strong>claro ejemplo de las divisiones continentales <\/strong>que vive la regi\u00f3n. El presidente saliente, <strong>Gabriel Boric<\/strong> \u2013muy cr\u00edtico con Maduro\u2013 <strong>conden\u00f3 el ataque y la injerencia extranjera <\/strong>y pidi\u00f3 una \u201csalida pac\u00edfica\u201d, reafirmado su apoyo al derecho internacional.<\/p>\n<p class=\"com-paragraph   --s\">Sin embargo, el conservador <strong>Jos\u00e9 Antonio Kast<\/strong>, que asumir\u00e1 la presidencia del pa\u00eds vecino en marzo, <strong>dijo que la detenci\u00f3n de Maduro \u201ces una gran noticia para la regi\u00f3n\u201d <\/strong>e inst\u00f3 a los l\u00edderes latinoamericanos a colaborar para el regreso de los venezolanos a su pa\u00eds. \u201cSu permanencia en el poder, sostenida por un narco r\u00e9gimen ileg\u00edtimo, expuls\u00f3 a m\u00e1s de 8 millones de venezolanos y <strong>desestabiliz\u00f3 a Am\u00e9rica Latina a trav\u00e9s del narcotr\u00e1fico y el crimen organizado<\/strong>\u201c, afirm\u00f3 en X.<\/p>\n<p class=\"com-paragraph   --s\"><strong>Agencias AP, AFP y ANSA<\/strong><\/p>\n<section class=\"container-center-100 mb-40 border border-bottom border-thin border-neutral-light-700\">\n<hr\/>\n<\/section>\n<\/div>\n\n","protected":false},"excerpt":{"rendered":"<p>CIUDAD DE M\u00c9XICO.\u2013 Am\u00e9rica Latina reaccion\u00f3 el s\u00e1bado de formas diversas al golpe lanzado por Estados Unidos contra Venezuela en el que fue capturado el presidente Nicol\u00e1s Maduro. Entre las celebraciones por el derrocamiento del l\u00edder chavista y las condenas a la injerencia extranjera en un pa\u00eds sudamericano, el continente volvi\u00f3 a mostrar sus fracturas [&hellip;]<\/p>\n","protected":false},"author":2,"featured_media":221655,"comment_status":"closed","ping_status":"closed","sticky":false,"template":"","format":"standard","meta":{"footnotes":""},"categories":[1],"tags":[],"class_list":["post-221654","post","type-post","status-publish","format-standard","has-post-thumbnail","hentry","category-uncategorized"],"_links":{"self":[{"href":"https:\/\/radioacuariofm.com.ar\/index.php?rest_route=\/wp\/v2\/posts\/221654","targetHints":{"allow":["GET"]}}],"collection":[{"href":"https:\/\/radioacuariofm.com.ar\/index.php?rest_route=\/wp\/v2\/posts"}],"about":[{"href":"https:\/\/radioacuariofm.com.ar\/index.php?rest_route=\/wp\/v2\/types\/post"}],"author":[{"embeddable":true,"href":"https:\/\/radioacuariofm.com.ar\/index.php?rest_route=\/wp\/v2\/users\/2"}],"replies":[{"embeddable":true,"href":"https:\/\/radioacuariofm.com.ar\/index.php?rest_route=%2Fwp%2Fv2%2Fcomments&post=221654"}],"version-history":[{"count":1,"href":"https:\/\/radioacuariofm.com.ar\/index.php?rest_route=\/wp\/v2\/posts\/221654\/revisions"}],"predecessor-version":[{"id":221656,"href":"https:\/\/radioacuariofm.com.ar\/index.php?rest_route=\/wp\/v2\/posts\/221654\/revisions\/221656"}],"wp:featuredmedia":[{"embeddable":true,"href":"https:\/\/radioacuariofm.com.ar\/index.php?rest_route=\/wp\/v2\/media\/221655"}],"wp:attachment":[{"href":"https:\/\/radioacuariofm.com.ar\/index.php?rest_route=%2Fwp%2Fv2%2Fmedia&parent=221654"}],"wp:term":[{"taxonomy":"category","embeddable":true,"href":"https:\/\/radioacuariofm.com.ar\/index.php?rest_route=%2Fwp%2Fv2%2Fcategories&post=221654"},{"taxonomy":"post_tag","embeddable":true,"href":"https:\/\/radioacuariofm.com.ar\/index.php?rest_route=%2Fwp%2Fv2%2Ftags&post=221654"}],"curies":[{"name":"wp","href":"https:\/\/api.w.org\/{rel}","templated":true}]}}