{"id":221618,"date":"2026-01-03T10:18:23","date_gmt":"2026-01-03T13:18:23","guid":{"rendered":"https:\/\/radioacuariofm.com.ar\/?p=221618"},"modified":"2026-01-03T10:18:24","modified_gmt":"2026-01-03T13:18:24","slug":"claves-para-entender-el-ataque-de-ee-uu-y-las-denuncias-contra-maduro","status":"publish","type":"post","link":"https:\/\/radioacuariofm.com.ar\/?p=221618","title":{"rendered":"Claves para entender el ataque de EE.UU. y las denuncias contra Maduro"},"content":{"rendered":"<p> <br \/>\n<\/p>\n<div>\n<p class=\"com-paragraph  --capital --s\">El presidente de Estados Unidos, <strong>Donald Trump,<\/strong> anunci\u00f3 este s\u00e1bado el <a href=\"https:\/\/www.lanacion.com.ar\/estados-unidos\/donald-trump-anuncio-que-estados-unidos-capturo-a-maduro-y-a-su-esposa-y-los-saco-de-venezuela-nid03012026\/\" target=\"_self\" title=\"https:\/\/www.lanacion.com.ar\/estados-unidos\/donald-trump-anuncio-que-estados-unidos-capturo-a-maduro-y-a-su-esposa-y-los-saco-de-venezuela-nid03012026\/\" class=\"com-link break-word\" data-mrf-recirculation=\"n_link_parrafo\"><strong>ataque <\/strong><\/a>a objetivos militares en <a href=\"https:\/\/www.lanacion.com.ar\/el-mundo\/estados-unidos-ataco-venezuela-y-capturo-a-nicolas-maduro-en-vivo-noticias-y-ultimo-minuto-nid03012026\/\" target=\"_self\" title=\"https:\/\/www.lanacion.com.ar\/el-mundo\/estados-unidos-ataco-venezuela-y-capturo-a-nicolas-maduro-en-vivo-noticias-y-ultimo-minuto-nid03012026\/\" class=\"com-link break-word\" data-mrf-recirculation=\"n_link_parrafo\"><strong>Venezuela <\/strong><\/a>y la captura de su par venezolano, <strong>Nicol\u00e1s Maduro<\/strong>, y de su esposa, <strong>Cilia Flores.<\/strong> Seg\u00fan indic\u00f3, ambos ya se encuentran fuera del pa\u00eds. <\/p>\n<p class=\"com-paragraph   --s\">A continuaci\u00f3n, las claves de lo que pas\u00f3 en Venezuela y qu\u00e9 se sabe hasta ahora.<\/p>\n<p class=\"com-paragraph   --s\">Fuertes <a href=\"https:\/\/www.lanacion.com.ar\/el-mundo\/tension-en-venezuela-reportan-explosiones-y-aviones-volando-a-baja-altura-en-caracas-nid03012026\/\" target=\"_self\" title=\"https:\/\/www.lanacion.com.ar\/el-mundo\/tension-en-venezuela-reportan-explosiones-y-aviones-volando-a-baja-altura-en-caracas-nid03012026\/\" class=\"com-link break-word\" data-mrf-recirculation=\"n_link_parrafo\">explosiones <\/a>y ruidos similares a los de aviones sobrevolando la zona se escucharon alrededor de las 03.00 (hora argentina) de este s\u00e1bado en Caracas, la capital. <\/p>\n<p class=\"com-paragraph   --s\">Inmediatamente despu\u00e9s, im\u00e1genes compartidas en redes sociales mostraron grandes incendios con columnas de humo, aunque <strong>sin elementos para ubicar con exactitud el lugar preciso de los estallidos, que parecieron producirse en el sur y el este de la ciudad.<\/strong><\/p>\n<div class=\"content-media\">\n<section role=\"button\" class=\"mod-media   \">\n<figure role=\"button\" class=\"mod-figure \"><figcaption class=\"mod-figcaption\"><span class=\"com-text --caption --twoxs\">As\u00ed se vieron las explosiones en Caracas y otras zonas de Venezuela luego del ataque de EE.UU.<\/span><\/figcaption><\/figure>\n<\/section>\n<\/div>\n<div class=\"content-media\">\n<section role=\"button\" class=\"mod-media   \">\n<figure role=\"button\" class=\"mod-figure \"><figcaption class=\"mod-figcaption\"><span class=\"com-text --caption --twoxs\">El incendio en Fuerte Tiuna, el mayor complejo militar de Venezuela<\/span><span class=\"com-text --credit --twoxs\">STR &#8211; AFP<\/span><\/figcaption><\/figure>\n<\/section>\n<\/div>\n<p class=\"com-paragraph   --s\">Los estallidos llegaron despu\u00e9s de que Trump, que despleg\u00f3 una flota de buques de combate en el Caribe, mencionara la posibilidad de ataques sobre el territorio de Venezuela y afirmara que los d\u00edas en el poder de Maduro \u201cest\u00e1n contados\u201d.<\/p>\n<p class=\"com-paragraph   --s\">El gobierno de Venezuela acus\u00f3 a Estados Unidos de atacar instalaciones civiles y militares en varios estados. En varios vecindarios, los residentes salieron corriendo a la calle. <\/p>\n<p class=\"com-paragraph   --s\">\u201cEl piso se estremeci\u00f3. Esto es horrible. Se escuchaban explosiones y aviones\u201d, dijo, con la voz temblorosa, <strong>Carmen Hidalgo,<\/strong> una trabajadora de oficina de 21 a\u00f1os que caminaba con prisa acompa\u00f1ada por dos familiares de regreso de una fiesta de cumplea\u00f1os. <\/p>\n<p class=\"com-paragraph   --s\">En su <a href=\"https:\/\/www.lanacion.com.ar\/el-mundo\/el-comunicado-del-hijo-de-maduro-tras-la-captura-de-su-padre-nid03012026\/\" target=\"_self\" title=\"https:\/\/www.lanacion.com.ar\/el-mundo\/el-comunicado-del-hijo-de-maduro-tras-la-captura-de-su-padre-nid03012026\/\" class=\"com-link break-word\" data-mrf-recirculation=\"n_link_parrafo\">comunicado<\/a>, el gobierno de Venezuela, inst\u00f3 a sus partidarios a salir a las calles y sum\u00f3 que Maduro \u201corden\u00f3 la implementaci\u00f3n del decreto que declara el estado de conmoci\u00f3n exterior en todo el territorio nacional para proteger los derechos de la poblaci\u00f3n, el funcionamiento pleno de las instituciones republicanas y pasar de inmediato a la lucha armada\u201d. <\/p>\n<p class=\"com-paragraph   --s\">\u201cTodo el pa\u00eds debe activarse para derrotar esta agresi\u00f3n imperialista\u201d, indic\u00f3 la nota.<\/p>\n<p class=\"com-paragraph   --s\">Por su parte, el ministro del Interior, <strong>Diosdado Cabello<\/strong>, grit\u00f3 la consigna \u201cvenceremos\u201d tras los bombardeos. \u201cNo es la primera lucha, no es la primera batalla que contra este pueblo\u201d, dijo Cabello en un mensaje en la TV estatal. \u201cAl final de estos ataques, nosotros venceremos. \u00a1Que viva la patria! \u00a1Que viva! \u00a1Leales siempre! \u00a1Traidores nunca!\u201d, exclam\u00f3.<\/p>\n<p class=\"com-paragraph   --s\">\u201cEl presidente de Venezuela, Nicol\u00e1s Maduro, fue capturado y trasladado fuera del pa\u00eds\u201d, anunci\u00f3 Trump en la madrugada del s\u00e1bado tras confirmar que las fuerzas de Estados Unidos llevaron a cabo lo que calific\u00f3 como <strong>\u201cun ataque a gran escala contra Venezuela y su l\u00edder\u201d.<\/strong><\/p>\n<p class=\"com-paragraph   --s\">En una publicaci\u00f3n en redes sociales, Trump dijo que la esposa de Maduro tambi\u00e9n fue capturada en la operaci\u00f3n realizada junto con las fuerzas del orden estadounidenses. <\/p>\n<p><iframe src=\"https:\/\/truthsocial.com\/@realDonaldTrump\/115830428767897167\/embed\" class=\"truthsocial-embed\" style=\"max-width: 100%; border: 0\" width=\"600\" allowfullscreen=\"allowfullscreen\"><\/iframe><\/p>\n<p class=\"com-paragraph   --s\">El Ej\u00e9rcito estadounidense ataca embarcaciones en el Caribe y el Pac\u00edfico oriental desde principios de septiembre. Hasta el viernes, <strong>se conoc\u00edan 35 incidentes de ese tipo, que causaron al menos 115 fallecidos<\/strong>, de acuerdo con las cifras anunciadas por el gobierno de Trump.<\/p>\n<p class=\"com-paragraph   --s\">Estos ataques se produjeron tras un importante despliegue de fuerzas en las aguas frente a Sudam\u00e9rica, que incluy\u00f3 la llegada en noviembre del portaaviones m\u00e1s avanzado del pa\u00eds, lo que a\u00f1adi\u00f3 miles de efectivos m\u00e1s a lo que ya era la mayor presencia militar en la regi\u00f3n en generaciones.<\/p>\n<div class=\"content-media\">\n<section role=\"button\" class=\"mod-media   \">\n<figure role=\"button\" class=\"mod-figure \"><figcaption class=\"mod-figcaption\"><span class=\"com-text --caption --twoxs\">Trump estuvo atacando supuestos buques narco en el Mar Caribe y el Oc\u00e9ano Pac\u00edfico<\/span><\/figcaption><\/figure>\n<\/section>\n<\/div>\n<p class=\"com-paragraph   --s\">Trump justific\u00f3 las operaciones contra embarcaciones como una escalada necesaria para<strong> frenar el flujo de drogas hacia Estados Unidos y afirm\u00f3 que su pa\u00eds est\u00e1 inmerso en un \u201cconflicto armado\u201d contra los c\u00e1rteles de la droga.<\/strong><\/p>\n<p class=\"com-paragraph   --s\">En noviembre, dijo que los d\u00edas de Maduro como presidente de Venezuela estaban \u201ccontados\u201d durante una entrevista, pero minimiz\u00f3 los temores a una <strong>guerra <\/strong>contra el pa\u00eds sudamericano.<\/p>\n<p class=\"com-paragraph   --s\">En tanto Venezuela dijo el viernes que estaba abierta a <strong>negociar un acuerdo con Washington para combatir el narcotr\u00e1fico.<\/strong><\/p>\n<p class=\"com-paragraph   --s\">Maduro tambi\u00e9n afirm\u00f3 en una entrevista grabada previamente y emitida el jueves que Estados Unidos quiere<strong> forzar un cambio de gobierno en Venezuela<\/strong> y acceder a sus vastas reservas de petr\u00f3leo mediante una campa\u00f1a de presi\u00f3n.<\/p>\n<div class=\"content-media cursor-pointer container-center-100\">\n<section class=\"media-container relative ratio-16-9 mod-media pb-32\">\n<figure class=\"mod-video\">\n<div class=\"video-player bg-black ratio-16-9\" data-has-jwplayer=\"true\" data-video-id-jw=\"tXLnlS51\" data-config=\"{&quot;title&quot;:&quot;El momento del ataque en Caracas  &quot;,&quot;mediaId&quot;:&quot;tXLnlS51&quot;,&quot;playerId&quot;:&quot;ih0086X3&quot;,&quot;playlist&quot;:[{&quot;mediaid&quot;:&quot;tXLnlS51&quot;,&quot;sources&quot;:[{&quot;file&quot;:&quot;https:\/\/cdn.jwplayer.com\/manifests\/tXLnlS51.m3u8&quot;,&quot;type&quot;:&quot;application\/vnd.apple.mpegurl&quot;},{&quot;bitrate&quot;:299567,&quot;file&quot;:&quot;https:\/\/cdn.jwplayer.com\/videos\/tXLnlS51-kTExGaWf.mp4&quot;,&quot;filesize&quot;:674026,&quot;framerate&quot;:32,&quot;height&quot;:320,&quot;label&quot;:&quot;180p&quot;,&quot;type&quot;:&quot;video\/mp4&quot;,&quot;width&quot;:182},{&quot;bitrate&quot;:425989,&quot;file&quot;:&quot;https:\/\/cdn.jwplayer.com\/videos\/tXLnlS51-K8B0kybS.mp4&quot;,&quot;filesize&quot;:958477,&quot;framerate&quot;:32,&quot;height&quot;:480,&quot;label&quot;:&quot;270p&quot;,&quot;type&quot;:&quot;video\/mp4&quot;,&quot;width&quot;:274},{&quot;bitrate&quot;:114645,&quot;file&quot;:&quot;https:\/\/cdn.jwplayer.com\/videos\/tXLnlS51-hz5z2Tv4.m4a&quot;,&quot;filesize&quot;:257952,&quot;label&quot;:&quot;AAC Audio&quot;,&quot;type&quot;:&quot;audio\/mp4&quot;},{&quot;bitrate&quot;:430854,&quot;file&quot;:&quot;https:\/\/cdn.jwplayer.com\/videos\/tXLnlS51-FnZGUVnC.mp4&quot;,&quot;filesize&quot;:969423,&quot;framerate&quot;:32,&quot;height&quot;:640,&quot;label&quot;:&quot;360p&quot;,&quot;type&quot;:&quot;video\/mp4&quot;,&quot;width&quot;:364}]}],&quot;hasAutoplay&quot;:false,&quot;autostart&quot;:true,&quot;tagsUrl&quot;:&quot;https:\/\/pubads.g.doubleclick.net\/gampad\/ads?slotname=\/133919216\/la_nacion_video\/nota\/preroll&amp;sz=640x480|400x300&amp;ciu_szs=300x250&amp;unviewed_position_start=1&amp;output=vast&amp;impl=s&amp;env=vp&amp;gdfp_req=1&amp;ad_rule=0&amp;vad_type=linear&amp;vpos=preroll&amp;cust_params=tags_nuevos%3Dte_estados_unidos%2Cte_venezuela%2Cte_donald_trump%2Cte_nicolas_maduro%2Cca_el_mundo%2C%2CCVWR2Q2QYZE7ZDG2QY2UIBEXFA&amp;pod=3&amp;ppos=1&amp;lip=true&amp;min_ad_duration=0&amp;max_ad_duration=30000&amp;vrid=6256&amp;url=https%3A%2F%2Fwww.lanacion.com.ar%2Fel-mundo%2Flas-claves-del-ataque-militar-que-paso-en-venezuela-y-que-se-sabe-de-maduro-hasta-ahora-nid03012026%2F%3Fvariant%3DA&amp;description_url=https%3A%2F%2Fwww.lanacion.com.ar%2Fel-mundo%2Flas-claves-del-ataque-militar-que-paso-en-venezuela-y-que-se-sabe-de-maduro-hasta-ahora-nid03012026%2F%3Fvariant%3DA&amp;video_doc_id=short_onecue&amp;cmsid=496&amp;kfa=0&amp;tfcd=0&amp;correlator=1767446022430&quot;,&quot;arcSite&quot;:&quot;la-nacion-ar&quot;}\">\n<div id=\"facade-tXLnlS51\" class=\"content-facade-jw relative bg-black ratio-16-9\"><picture><source media=\"(max-width: 767px)\" srcset=\"https:\/\/resizer.glanacion.com\/resizer\/v2\/https%3A%2F%2Fcdn.jwplayer.com%2Fv2%2Fmedia%2FtXLnlS51%2Fposter.jpg%3Fwidth%3D720?auth=fd76a19a38020fb39e0edddb8de5c1abb39b34e790152e478b9e25debeaad706&amp;width=480&amp;quality=70&amp;smart=false\"\/><\/picture><\/div>\n<\/div><figcaption class=\"border border-1 border-bottom border-light-300 relative px-16 py-8 min-h-36 w-100_md px-0_l mb-8 bg-white\"><span class=\"text ln-text text-16 block\">El momento del ataque en Caracas  <\/span><\/figcaption><\/figure>\n<\/section>\n<\/div>\n<p class=\"com-paragraph   --s\">La vicepresidenta de Venezuela, <strong>Delcy Rodr\u00edguez,<\/strong> dijo en la madrugada de este s\u00e1bado desconocer el paradero del presidente y de su esposa, y exigi\u00f3 una <strong>\u201cfe de vida\u201d <\/strong>de ambos tras el ataque estadounidense al pa\u00eds caribe\u00f1o.<\/p>\n<div class=\"content-media\">\n<section role=\"button\" class=\"mod-media   \">\n<figure role=\"button\" class=\"mod-figure \"><figcaption class=\"mod-figcaption\"><span class=\"com-text --caption --twoxs\">Delcy Rodriguez<br \/>\n(Photo by Juan BARRETO \/ AFP)<\/span><span class=\"com-text --credit --twoxs\">JUAN BARRETO  &#8211; AFP <\/span><\/figcaption><\/figure>\n<\/section>\n<\/div>\n<p class=\"com-paragraph   --s\"><strong>\u201cAnte esta brutal situaci\u00f3n y ante este brutal ataque, nosotros desconocemos el paradero del presidente Nicol\u00e1s Maduro y de la primera dama, Cilia Flores\u201d,<\/strong> declar\u00f3 Rodr\u00edguez en un audio transmitido por televisi\u00f3n.<\/p>\n<p class=\"com-paragraph   --s\">Con Maduro fuera del pa\u00eds, de acuerdo al art\u00edculo 233 de la Constituci\u00f3n venezolana, <strong>es la vicepresidenta, actualmente Delcy Rodr\u00edguez, quien deber\u00eda asumir el poder<\/strong> en su reemplazo de manera interina. Seg\u00fan la Carta Magna, en caso de decretarse la \u201cfalta total\u201d del gobierno, asume el presidente de la Asamblea Nacional (cargo disputado entre Jorge Rodr\u00edguez G\u00f3mez y Dinorah Figuera) hasta que se convoque a elecciones. <\/p>\n<p class=\"com-paragraph   --s\">A pesar de la norma, todav\u00eda no hubo pronunciamiento oficial sobre qui\u00e9n asumir\u00e1 el mando de Venezuela. Rodr\u00edguez habl\u00f3 con los medios de comunicaci\u00f3n esta ma\u00f1ana al exigir una \u201cfe de vida\u201d de Maduro tras su captura, pero <strong>no se pronunci\u00f3 sobre el posible reemplazo del mandatario frente al Ejecutivo.<\/strong><\/p>\n<p class=\"com-paragraph   --s\">Poco despu\u00e9s de las 9, la fiscal general de Estados Unidos, Pamela Bondi, anunci\u00f3 que Maduro y su esposa, Flores, fueron <strong>imputados <\/strong>en el Distrito Sur de Nueva York por narcoterrorismo, disposici\u00f3n de armas y conspiraci\u00f3n.<\/p>\n<p class=\"com-paragraph   --s\">\u201cNicol\u00e1s Maduro y su esposa, Cilia Flores, han sido imputados en el Distrito Sur de Nueva York. Nicol\u00e1s Maduro est\u00e1 acusado de <strong>conspiraci\u00f3n narcoterrorista, conspiraci\u00f3n para importar coca\u00edna, posesi\u00f3n de ametralladoras y dispositivos destructivos, y conspiraci\u00f3n para poseer ametralladoras y dispositivos destructivos contra Estados Unidos\u201d, <\/strong>enumer\u00f3 Bondi en sus redes sociales. <\/p>\n<p class=\"com-paragraph   --s\">Y agreg\u00f3: \u201cPronto enfrentar\u00e1n la ira de la justicia estadounidense en suelo estadounidense y en tribunales estadounidenses. En nombre de todo el Departamento de Justicia de EE. UU., quiero agradecer al presidente Trump por su <strong>valent\u00eda <\/strong>para exigir responsabilidades en nombre del pueblo estadounidense, y un enorme agradecimiento a nuestras valientes fuerzas armadas que llevaron a cabo la incre\u00edble y exitosa misi\u00f3n de capturar a estos dos presuntos narcotraficantes internacionales\u201d.<\/p>\n<p class=\"com-paragraph   --s\">Pa\u00edses cercanos a Venezuela y otros aliados de Maduro, como <strong>Rusia, Ir\u00e1n y Cuba,<\/strong> <a href=\"https:\/\/www.lanacion.com.ar\/el-mundo\/la-caida-de-nicolas-maduro-las-primeras-reacciones-y-que-paises-cercanos-a-venezuela-rechazaron-el-nid03012026\/\" target=\"_self\" title=\"https:\/\/www.lanacion.com.ar\/el-mundo\/la-caida-de-nicolas-maduro-las-primeras-reacciones-y-que-paises-cercanos-a-venezuela-rechazaron-el-nid03012026\/\" class=\"com-link break-word\" data-mrf-recirculation=\"n_link_parrafo\">rechazaron <\/a>los ataques de Estados Unidos contra la naci\u00f3n caribe\u00f1a. <\/p>\n<p class=\"com-paragraph   --s\">Rusia conden\u00f3 la acci\u00f3n militar de Estados Unidos y asegur\u00f3 que no hab\u00eda justificaci\u00f3n para el ataque, llevado a cabo porque la \u201chostilidad ideol\u00f3gica\u201d hab\u00eda prevalecido sobre la diplomacia. \u201cEsto es profundamente preocupante y condenable\u201d, se\u00f1al\u00f3 el Ministerio de Relaciones Exteriores ruso en un comunicado. El gobierno exigi\u00f3 despu\u00e9s informaciones \u201cinmediatas\u201d sobre el paradero de Maduro.<\/p>\n<div class=\"content-media\">\n<section role=\"button\" class=\"mod-media   \">\n<figure role=\"button\" class=\"mod-figure \"><figcaption class=\"mod-figcaption\"><span class=\"com-text --caption --twoxs\">Vladimir Putin<br \/>\n(Mikhail Metzel\/Sputnik, Kremlin Pool via AP)<\/span><span class=\"com-text --credit --twoxs\">Mikhail Metzel  &#8211; Pool Sputnik Kremlin <\/span><\/figcaption><\/figure>\n<\/section>\n<\/div>\n<p class=\"com-paragraph   --s\">Ir\u00e1n, que mantiene estrechos v\u00ednculos con la naci\u00f3n sudamericana rica en petr\u00f3leo, repudi\u00f3 la operaci\u00f3n. \u201cEl Ministerio de Asuntos Exteriores de Ir\u00e1n condena firmemente el ataque militar estadounidense contra Venezuela y la flagrante violaci\u00f3n de la soberan\u00eda nacional y de la integridad territorial del pa\u00eds\u201d, se\u00f1al\u00f3 la diplomacia iran\u00ed en un comunicado.<\/p>\n<p class=\"com-paragraph   --s\">Hist\u00f3rico aliado de Venezuela en la regi\u00f3n, <strong>Cuba<\/strong> denunci\u00f3 un <strong>\u201cterrorismo de Estado contra el bravo pueblo venezolano\u201d <\/strong>y contra Am\u00e9rica, seg\u00fan una publicaci\u00f3n del presidente, Miguel D\u00edaz-Canel. El l\u00edder cubano pidi\u00f3 una <strong>\u201creacci\u00f3n de la comunidad internacional\u201d <\/strong>contra el \u201ccriminal ataque\u201d de Estados Unidos.<\/p>\n<p class=\"com-paragraph   --s\">Por su parte, el presidente colombiano, <strong>Gustavo Petro, <\/strong>rechaz\u00f3 los ataques \u201ccon misiles\u201d en Caracas y orden\u00f3 la movilizaci\u00f3n de militares a la frontera. Colombia es este a\u00f1o miembro no permanente del Consejo de Seguridad de la ONU, por lo que el mandatario izquierdista pidi\u00f3 que el organismo se re\u00fana de \u201cinmediato\u201d.<\/p>\n<p class=\"com-paragraph   --s\">El expresidente boliviano <strong>Evo Morales <\/strong>manifest\u00f3 que repudia \u201ccon total contundencia\u201d el \u201cbombardeo\u201d de Estados Unidos. \u201cVenezuela no est\u00e1 sola\u201d, a\u00f1adi\u00f3 el l\u00edder ind\u00edgena en X. <\/p>\n<p class=\"com-paragraph   --s\">En la misma l\u00ednea, el presidente chileno, <strong>Gabriel Boric<\/strong>, conden\u00f3 el ataque militar estadounidense e inst\u00f3 a la comunidad internacional a buscar una soluci\u00f3n pac\u00edfica a la grave crisis que enfrenta el pa\u00eds.<\/p>\n<p class=\"com-paragraph   --s\">\u201cLa Libertad Avanza, viva la libertad, carajo\u201d, escribi\u00f3 el presidente argentino, <strong>Javier Milei<\/strong>, en respuesta al arresto de Maduro.<\/p>\n<p class=\"com-paragraph   --s\">En tanto, la diplomacia de <strong>Espa\u00f1a <\/strong>manifest\u00f3 que el pa\u00eds est\u00e1 dispuesto \u201ca prestar sus buenos oficios para lograr una soluci\u00f3n pac\u00edfica y negociada a la actual crisis\u201d. <\/p>\n<p class=\"com-paragraph   --s\">El presidente del gobierno,<strong> Pedro S\u00e1nchez<\/strong>, public\u00f3 un mensaje en el que afirm\u00f3: \u201cEl Gobierno de Espa\u00f1a est\u00e1 haciendo un seguimiento exhaustivo de los acontecimientos en Venezuela. Nuestra embajada y consulados est\u00e1n operativos. Hacemos un llamamiento a la desescalada y a la responsabilidad. Hay que respetar el Derecho Internacional y los principios de la Carta de Naciones Unidas\u201d.<\/p>\n<section class=\"container-center-100 mb-40 border border-bottom border-thin border-neutral-light-700\">\n<hr\/>\n<\/section>\n<\/div>\n\n","protected":false},"excerpt":{"rendered":"<p>El presidente de Estados Unidos, Donald Trump, anunci\u00f3 este s\u00e1bado el ataque a objetivos militares en Venezuela y la captura de su par venezolano, Nicol\u00e1s Maduro, y de su esposa, Cilia Flores. Seg\u00fan indic\u00f3, ambos ya se encuentran fuera del pa\u00eds. A continuaci\u00f3n, las claves de lo que pas\u00f3 en Venezuela y qu\u00e9 se sabe [&hellip;]<\/p>\n","protected":false},"author":2,"featured_media":221619,"comment_status":"closed","ping_status":"closed","sticky":false,"template":"","format":"standard","meta":{"footnotes":""},"categories":[1],"tags":[],"class_list":["post-221618","post","type-post","status-publish","format-standard","has-post-thumbnail","hentry","category-uncategorized"],"_links":{"self":[{"href":"https:\/\/radioacuariofm.com.ar\/index.php?rest_route=\/wp\/v2\/posts\/221618","targetHints":{"allow":["GET"]}}],"collection":[{"href":"https:\/\/radioacuariofm.com.ar\/index.php?rest_route=\/wp\/v2\/posts"}],"about":[{"href":"https:\/\/radioacuariofm.com.ar\/index.php?rest_route=\/wp\/v2\/types\/post"}],"author":[{"embeddable":true,"href":"https:\/\/radioacuariofm.com.ar\/index.php?rest_route=\/wp\/v2\/users\/2"}],"replies":[{"embeddable":true,"href":"https:\/\/radioacuariofm.com.ar\/index.php?rest_route=%2Fwp%2Fv2%2Fcomments&post=221618"}],"version-history":[{"count":1,"href":"https:\/\/radioacuariofm.com.ar\/index.php?rest_route=\/wp\/v2\/posts\/221618\/revisions"}],"predecessor-version":[{"id":221620,"href":"https:\/\/radioacuariofm.com.ar\/index.php?rest_route=\/wp\/v2\/posts\/221618\/revisions\/221620"}],"wp:featuredmedia":[{"embeddable":true,"href":"https:\/\/radioacuariofm.com.ar\/index.php?rest_route=\/wp\/v2\/media\/221619"}],"wp:attachment":[{"href":"https:\/\/radioacuariofm.com.ar\/index.php?rest_route=%2Fwp%2Fv2%2Fmedia&parent=221618"}],"wp:term":[{"taxonomy":"category","embeddable":true,"href":"https:\/\/radioacuariofm.com.ar\/index.php?rest_route=%2Fwp%2Fv2%2Fcategories&post=221618"},{"taxonomy":"post_tag","embeddable":true,"href":"https:\/\/radioacuariofm.com.ar\/index.php?rest_route=%2Fwp%2Fv2%2Ftags&post=221618"}],"curies":[{"name":"wp","href":"https:\/\/api.w.org\/{rel}","templated":true}]}}